{"id":32081,"date":"2014-10-02T17:25:51","date_gmt":"2014-10-02T14:25:51","guid":{"rendered":"https:\/\/www.enerjigazetesi.ist\/?p=32081"},"modified":"2014-10-02T17:25:51","modified_gmt":"2014-10-02T14:25:51","slug":"putin-merkel-ile-ukrayna-krizini-ve-dogalgaz-meselesini-konustu","status":"publish","type":"post","link":"https:\/\/www.enerjigazetesi.ist\/en\/putin-merkel-ile-ukrayna-krizini-ve-dogalgaz-meselesini-konustu\/","title":{"rendered":"(Turkish) Putin, Merkel ile Ukrayna Krizini ve Do\u011falgaz Meselesini Konu\u015ftu!"},"content":{"rendered":"<p class=\"qtranxs-available-languages-message qtranxs-available-languages-message-en\">Sorry, this entry is only available in <a href=\"https:\/\/www.enerjigazetesi.ist\/tr\/wp-json\/wp\/v2\/posts\/32081\" class=\"qtranxs-available-language-link qtranxs-available-language-link-tr\" title=\"Turkish\">Turkish<\/a>. For the sake of viewer convenience, the content is shown below in the alternative language. You may click the link to switch the active language.<\/p><p><strong>Kremlin Bas\u0131n Dairesi taraf\u0131ndan d\u00fcn gece yap\u0131lan a\u00e7\u0131klamada, Rusya Federasyonu Devlet Ba\u015fkan\u0131 Vladimir Putin ile Almanya Ba\u015fbakan\u0131 Angela Merkel\u2019in ger\u00e7ekle\u015ftirdikleri telefon g\u00f6r\u00fc\u015fmesinde Ukrayna\u2019daki mevcut durumun yan\u0131 s\u0131ra, di\u011fer ba\u015fka uluslararas\u0131 meseleler \u00fczerine de fikir al\u0131\u015fveri\u015finde bulunduklar\u0131 kaydedildi.<\/strong><span id=\"more-67355\"><\/span><\/p>\n<p>Minsk bar\u0131\u015f mutabakat\u0131na kesin <a href=\"https:\/\/www.enerjigazetesi.ist\/wp-content\/uploads\/2014\/10\/putin-merkel-ile-ukrayna-krizini-ve-dogalgaz-meselesini-konustu.jpg\"><img loading=\"lazy\" class=\"alignleft size-medium wp-image-32082\" src=\"https:\/\/www.enerjigazetesi.ist\/wp-content\/uploads\/2014\/10\/putin-merkel-ile-ukrayna-krizini-ve-dogalgaz-meselesini-konustu-300x204.jpg\" alt=\"putin-merkel-ile-ukrayna-krizini-ve-dogalgaz-meselesini-konustu\" width=\"300\" height=\"204\" srcset=\"https:\/\/www.enerjigazetesi.ist\/wp-content\/uploads\/2014\/10\/putin-merkel-ile-ukrayna-krizini-ve-dogalgaz-meselesini-konustu-300x204.jpg 300w, https:\/\/www.enerjigazetesi.ist\/wp-content\/uploads\/2014\/10\/putin-merkel-ile-ukrayna-krizini-ve-dogalgaz-meselesini-konustu-500x340.jpg 500w, https:\/\/www.enerjigazetesi.ist\/wp-content\/uploads\/2014\/10\/putin-merkel-ile-ukrayna-krizini-ve-dogalgaz-meselesini-konustu-73x50.jpg 73w, https:\/\/www.enerjigazetesi.ist\/wp-content\/uploads\/2014\/10\/putin-merkel-ile-ukrayna-krizini-ve-dogalgaz-meselesini-konustu.jpg 600w\" sizes=\"(max-width: 300px) 100vw, 300px\" \/><\/a>olarak uyulmas\u0131, Ukrayna\u2019daki ate\u015fkesin kal\u0131c\u0131 olarak sa\u011flanmas\u0131, \u00e7at\u0131\u015fmalar\u0131n ya\u015fand\u0131\u011f\u0131 b\u00f6lgelerde bulunan a\u011f\u0131r silahlar\u0131n buralardan \u00e7\u0131kart\u0131lmas\u0131 ve AG\u0130T arac\u0131l\u0131\u011f\u0131 ile etkili bir g\u00f6zlem faaliyetinin y\u00fcr\u00fct\u00fclmesi gibi konular\u0131n alt\u0131n\u0131n \u00e7izildi\u011fi g\u00f6r\u00fc\u015fmede Putin, Ukrayna Ordusu\u2019nun \u00fclkenin g\u00fcneydo\u011fu b\u00f6lgelerindeki sivil yerle\u015fim birimlerine y\u00f6nelik olarak yeniden d\u00fczenleyebilece\u011fi olas\u0131 sald\u0131r\u0131lara kesinlikle m\u00fcsade edilmemesi gerekti\u011fine \u00f6zellikle dikkat \u00e7ekti.<\/p>\n<p>Ukrayna\u2019n\u0131n mevcut do\u011falgaz s\u0131k\u0131nt\u0131s\u0131n\u0131n giderilebilmesi i\u00e7in gerekli anla\u015fmalar\u0131n bir an \u00f6nce haz\u0131rlanarak hayata ge\u00e7irilmesi hususunda da isti\u015fare yapan liderler, radikal ter\u00f6r \u00f6rg\u00fct\u00fc I\u015e\u0130D kaynakl\u0131 ter\u00f6rizm tehdidine kar\u015f\u0131 ortak m\u00fccadele konusu ba\u015fta olmak \u00fczere, di\u011fer farkl\u0131 uluslararas\u0131 meseleleri de ele ald\u0131lar. Putin ve Merkel, son g\u00fcnlerde \u00f6nemli bir problem haline gelen mevcut ebola salg\u0131n\u0131 konusunda i\u015fbirli\u011fi yap\u0131lmas\u0131 hususunda da fikir al\u0131\u015fveri\u015finde bulundu.<\/p>\n<p>Kaynak: <a href=\"http:\/\/turkish.ruvr.ru\/news\/2014_10_02\/Putin-Merkel-ile-Ukrayna-krizini-ve-dogalgaz-meselesini-konushtu\/\" target=\"_blank\" rel=\"nofollow\">Rusya\u2019n\u0131n Sesi<\/a><\/p>","protected":false},"excerpt":{"rendered":"<p>Sorry, this entry is only available in Turkish. For the sake of viewer convenience, the content is shown below in the alternative language. You may click the link to switch the active language.Kremlin Bas\u0131n Dairesi taraf\u0131ndan d\u00fcn gece yap\u0131lan a\u00e7\u0131klamada, Rusya Federasyonu Devlet Ba\u015fkan\u0131 Vladimir Putin ile Almanya Ba\u015fbakan\u0131 Angela Merkel\u2019in ger\u00e7ekle\u015ftirdikleri telefon g\u00f6r\u00fc\u015fmesinde Ukrayna\u2019daki [&hellip;]<\/p>\n","protected":false},"author":1,"featured_media":32082,"comment_status":"open","ping_status":"open","sticky":false,"template":"","format":"standard","meta":[],"categories":[46,53],"tags":[2975,92,226,18539,63,67,1009,165,13970,17075,6619,13521,6622],"views":703,"_links":{"self":[{"href":"https:\/\/www.enerjigazetesi.ist\/en\/wp-json\/wp\/v2\/posts\/32081"}],"collection":[{"href":"https:\/\/www.enerjigazetesi.ist\/en\/wp-json\/wp\/v2\/posts"}],"about":[{"href":"https:\/\/www.enerjigazetesi.ist\/en\/wp-json\/wp\/v2\/types\/post"}],"author":[{"embeddable":true,"href":"https:\/\/www.enerjigazetesi.ist\/en\/wp-json\/wp\/v2\/users\/1"}],"replies":[{"embeddable":true,"href":"https:\/\/www.enerjigazetesi.ist\/en\/wp-json\/wp\/v2\/comments?post=32081"}],"version-history":[{"count":1,"href":"https:\/\/www.enerjigazetesi.ist\/en\/wp-json\/wp\/v2\/posts\/32081\/revisions"}],"predecessor-version":[{"id":32083,"href":"https:\/\/www.enerjigazetesi.ist\/en\/wp-json\/wp\/v2\/posts\/32081\/revisions\/32083"}],"wp:featuredmedia":[{"embeddable":true,"href":"https:\/\/www.enerjigazetesi.ist\/en\/wp-json\/wp\/v2\/media\/32082"}],"wp:attachment":[{"href":"https:\/\/www.enerjigazetesi.ist\/en\/wp-json\/wp\/v2\/media?parent=32081"}],"wp:term":[{"taxonomy":"category","embeddable":true,"href":"https:\/\/www.enerjigazetesi.ist\/en\/wp-json\/wp\/v2\/categories?post=32081"},{"taxonomy":"post_tag","embeddable":true,"href":"https:\/\/www.enerjigazetesi.ist\/en\/wp-json\/wp\/v2\/tags?post=32081"}],"curies":[{"name":"wp","href":"https:\/\/api.w.org\/{rel}","templated":true}]}}