{"id":32050,"date":"2014-10-01T15:16:12","date_gmt":"2014-10-01T12:16:12","guid":{"rendered":"https:\/\/www.enerjigazetesi.ist\/?p=32050"},"modified":"2014-10-01T15:16:12","modified_gmt":"2014-10-01T12:16:12","slug":"simsek-fiyat-artisina-ragmen-dogalgaz-fiyatinda-en-ucuz-ulkeyiz","status":"publish","type":"post","link":"https:\/\/www.enerjigazetesi.ist\/en\/simsek-fiyat-artisina-ragmen-dogalgaz-fiyatinda-en-ucuz-ulkeyiz\/","title":{"rendered":"(Turkish) \u015eim\u015fek: \u201cFiyat Art\u0131\u015f\u0131na Ra\u011fmen Do\u011falgaz Fiyat\u0131nda En Ucuz \u00dclkeyiz!\u201d"},"content":{"rendered":"<p class=\"qtranxs-available-languages-message qtranxs-available-languages-message-en\">Sorry, this entry is only available in <a href=\"https:\/\/www.enerjigazetesi.ist\/tr\/wp-json\/wp\/v2\/posts\/32050\" class=\"qtranxs-available-language-link qtranxs-available-language-link-tr\" title=\"Turkish\">Turkish<\/a>. For the sake of viewer convenience, the content is shown below in the alternative language. You may click the link to switch the active language.<\/p><p><strong>Maliye Bakan\u0131 \u015eim\u015fek, \u201cBug\u00fcnk\u00fc fiyat art\u0131\u015flar\u0131na ra\u011fmen Eurostat verilerine g\u00f6re AB \u00fclkeleri aras\u0131nda konut ve sanayi do\u011falgaz fiyat\u0131nda en ucuz \u00fclkeyiz\u201d dedi. Maliye Bakan\u0131 Mehmet \u015eim\u015fek, elektrik ve do\u011falgaz fiyatlar\u0131na gelen y\u00fczde 9\u2019luk art\u0131\u015fa ra\u011fmen, Avrupa \u0130statistik Ofisi (Eurostat) verilerine g\u00f6re Avrupa Birli\u011fi (AB) \u00fclkeleri aras\u0131nda konut ve sanayide en ucuz do\u011falgaz\u0131n T\u00fcrkiye\u2019de oldu\u011funu bildirdi.<\/strong><\/p>\n<p>Bakan \u015eim\u015fek, sosyal payla\u015f\u0131m sitesi Twitter\u2019da, elektrik ve do\u011falgaz fiyatlar\u0131na ili\u015fkin a\u00e7\u0131klamalarda bulundu.<\/p>\n<p>Elektrik ve do\u011falgaz fiya<a href=\"https:\/\/www.enerjigazetesi.ist\/wp-content\/uploads\/2014\/10\/simsek-fiyat-artisina-ragmen-dogalgaz-fiyatinda-en-ucuz-ulkeyiz.jpg\"><img loading=\"lazy\" class=\"alignleft size-medium wp-image-32051\" src=\"https:\/\/www.enerjigazetesi.ist\/wp-content\/uploads\/2014\/10\/simsek-fiyat-artisina-ragmen-dogalgaz-fiyatinda-en-ucuz-ulkeyiz-300x212.jpg\" alt=\"simsek-fiyat-artisina-ragmen-dogalgaz-fiyatinda-en-ucuz-ulkeyiz\" width=\"300\" height=\"212\" srcset=\"https:\/\/www.enerjigazetesi.ist\/wp-content\/uploads\/2014\/10\/simsek-fiyat-artisina-ragmen-dogalgaz-fiyatinda-en-ucuz-ulkeyiz-300x212.jpg 300w, https:\/\/www.enerjigazetesi.ist\/wp-content\/uploads\/2014\/10\/simsek-fiyat-artisina-ragmen-dogalgaz-fiyatinda-en-ucuz-ulkeyiz-500x354.jpg 500w, https:\/\/www.enerjigazetesi.ist\/wp-content\/uploads\/2014\/10\/simsek-fiyat-artisina-ragmen-dogalgaz-fiyatinda-en-ucuz-ulkeyiz-70x50.jpg 70w, https:\/\/www.enerjigazetesi.ist\/wp-content\/uploads\/2014\/10\/simsek-fiyat-artisina-ragmen-dogalgaz-fiyatinda-en-ucuz-ulkeyiz.jpg 600w\" sizes=\"(max-width: 300px) 100vw, 300px\" \/><\/a>tlar\u0131nda son art\u0131\u015f\u0131n 2012 y\u0131l\u0131n\u0131n Ekim ay\u0131nda yap\u0131ld\u0131\u011f\u0131n\u0131 an\u0131msatan \u015eim\u015fek, bug\u00fcn a\u00e7\u0131klanan y\u00fczde 9\u2019luk art\u0131\u015fa ra\u011fmen Eurostat\u2019a g\u00f6re T\u00fcrkiye\u2019deki fiyatlar\u0131n AB \u00fclkeleri aras\u0131nda konut elektri\u011finde en d\u00fc\u015f\u00fck d\u00f6rd\u00fcnc\u00fc, sanayide ise en d\u00fc\u015f\u00fck oldu\u011funu ifade etti.<\/p>\n<p>Eurostat verilerine g\u00f6re AB \u00fclkeleri aras\u0131nda konut ve sanayide do\u011falgaz\u0131n en ucuz T\u00fcrkiye\u2019de kullan\u0131ld\u0131\u011f\u0131n\u0131 bildiren \u015eim\u015fek, a\u00e7\u0131klanan y\u00fczde 9\u2019luk art\u0131\u015fa ra\u011fmen do\u011falgaz sat\u0131\u015f fiyat\u0131n\u0131n konutta metrek\u00fcp ba\u015f\u0131na Kas\u0131m 2008\u2019de 54 cent, bug\u00fcn ise 38 cent oldu\u011funu kaydetti.<\/p>\n<p>Kas\u0131m 2008\u2019de serbest t\u00fcketicide metrek\u00fcp ba\u015f\u0131na do\u011falgaz sat\u0131\u015f fiyat\u0131 52 cent iken bug\u00fcnk\u00fc fiyat art\u0131\u015flar\u0131na ra\u011fmen s\u00f6z konusu bedelin 34 cent oldu\u011funu belirten \u015eim\u015fek, 125 metrek\u00fcp do\u011falgaz t\u00fcketim bedeli 1 Ocak 2002\u2019de asgari \u00fccretin y\u00fczde 32,2\u2019si iken, bu oran\u0131n 30 Eyl\u00fcl 2014\u2019te y\u00fczde 16,6\u2019ya denk geldi\u011fini bildirdi.<\/p>\n<p>Elektrik t\u00fcketim bedellerine ili\u015fkin de baz\u0131 rakamlar\u0131 payla\u015fan \u015eim\u015fek, 1 Ocak 2002\u2019de 200 kilovatsaat elektrik t\u00fcketim bedelinin asgari \u00fccrete oran\u0131n\u0131n y\u00fczde 18,8\u2019e takab\u00fcl etti\u011fini, bug\u00fcn ise bu oran\u0131n y\u00fczde 8,8 oldu\u011funu ifade etti.<\/p>\n<p>Kaynak: <a href=\"http:\/\/www.aksam.com.tr\/ekonomi\/dogalgaz-fiyatinda-en-ucuz-ulkeyiz\/haber-342695\" target=\"_blank\" rel=\"nofollow\">ak\u015fam<\/a><\/p>","protected":false},"excerpt":{"rendered":"<p>Sorry, this entry is only available in Turkish. For the sake of viewer convenience, the content is shown below in the alternative language. You may click the link to switch the active language.Maliye Bakan\u0131 \u015eim\u015fek, \u201cBug\u00fcnk\u00fc fiyat art\u0131\u015flar\u0131na ra\u011fmen Eurostat verilerine g\u00f6re AB \u00fclkeleri aras\u0131nda konut ve sanayi do\u011falgaz fiyat\u0131nda en ucuz \u00fclkeyiz\u201d dedi. Maliye [&hellip;]<\/p>\n","protected":false},"author":1,"featured_media":32051,"comment_status":"open","ping_status":"open","sticky":false,"template":"","format":"standard","meta":[],"categories":[46,51,53],"tags":[1752,2132,9302,656,18510,11184,657,63,67,1009,165,18511,18512],"views":634,"_links":{"self":[{"href":"https:\/\/www.enerjigazetesi.ist\/en\/wp-json\/wp\/v2\/posts\/32050"}],"collection":[{"href":"https:\/\/www.enerjigazetesi.ist\/en\/wp-json\/wp\/v2\/posts"}],"about":[{"href":"https:\/\/www.enerjigazetesi.ist\/en\/wp-json\/wp\/v2\/types\/post"}],"author":[{"embeddable":true,"href":"https:\/\/www.enerjigazetesi.ist\/en\/wp-json\/wp\/v2\/users\/1"}],"replies":[{"embeddable":true,"href":"https:\/\/www.enerjigazetesi.ist\/en\/wp-json\/wp\/v2\/comments?post=32050"}],"version-history":[{"count":1,"href":"https:\/\/www.enerjigazetesi.ist\/en\/wp-json\/wp\/v2\/posts\/32050\/revisions"}],"predecessor-version":[{"id":32052,"href":"https:\/\/www.enerjigazetesi.ist\/en\/wp-json\/wp\/v2\/posts\/32050\/revisions\/32052"}],"wp:featuredmedia":[{"embeddable":true,"href":"https:\/\/www.enerjigazetesi.ist\/en\/wp-json\/wp\/v2\/media\/32051"}],"wp:attachment":[{"href":"https:\/\/www.enerjigazetesi.ist\/en\/wp-json\/wp\/v2\/media?parent=32050"}],"wp:term":[{"taxonomy":"category","embeddable":true,"href":"https:\/\/www.enerjigazetesi.ist\/en\/wp-json\/wp\/v2\/categories?post=32050"},{"taxonomy":"post_tag","embeddable":true,"href":"https:\/\/www.enerjigazetesi.ist\/en\/wp-json\/wp\/v2\/tags?post=32050"}],"curies":[{"name":"wp","href":"https:\/\/api.w.org\/{rel}","templated":true}]}}