{"id":32044,"date":"2014-10-01T15:07:27","date_gmt":"2014-10-01T12:07:27","guid":{"rendered":"https:\/\/www.enerjigazetesi.ist\/?p=32044"},"modified":"2014-10-01T15:07:27","modified_gmt":"2014-10-01T12:07:27","slug":"ithal-komur-kaynakli-elektrik-uretimi-yuzde-20-artti","status":"publish","type":"post","link":"https:\/\/www.enerjigazetesi.ist\/en\/ithal-komur-kaynakli-elektrik-uretimi-yuzde-20-artti\/","title":{"rendered":"(Turkish) \u0130thal K\u00f6m\u00fcr Kaynakl\u0131 Elektrik \u00dcretimi Y\u00fczde 20 Artt\u0131!"},"content":{"rendered":"<p class=\"qtranxs-available-languages-message qtranxs-available-languages-message-en\">Sorry, this entry is only available in <a href=\"https:\/\/www.enerjigazetesi.ist\/tr\/wp-json\/wp\/v2\/posts\/32044\" class=\"qtranxs-available-language-link qtranxs-available-language-link-tr\" title=\"Turkish\">Turkish<\/a>. For the sake of viewer convenience, the content is shown below in the alternative language. You may click the link to switch the active language.<\/p><p><strong>Y\u0131l\u0131n 8 ay\u0131nda ithal k\u00f6m\u00fcr kaynakl\u0131 elektrik \u00fcretimi ge\u00e7en y\u0131l\u0131n ayn\u0131 d\u00f6nemine g\u00f6re yakla\u015f\u0131k y\u00fczde 20 y\u00fckseldi. \u0130thal k\u00f6m\u00fcr kaynakl\u0131 elektri\u011fin miktar\u0131 ve toplam \u00fcretimdeki pay\u0131 art\u0131yor. Y\u0131l\u0131n 8 ay\u0131nda ithal k\u00f6m\u00fcr kaynakl\u0131 elektrik \u00fcretimi g<a href=\"https:\/\/www.enerjigazetesi.ist\/wp-content\/uploads\/2014\/10\/ithal-komur-kaynakli-elektrik-uretimi-yuzde-20-artti.jpg\"><img loading=\"lazy\" class=\"alignleft size-medium wp-image-32045\" src=\"https:\/\/www.enerjigazetesi.ist\/wp-content\/uploads\/2014\/10\/ithal-komur-kaynakli-elektrik-uretimi-yuzde-20-artti-300x205.jpg\" alt=\"ithal-komur-kaynakli-elektrik-uretimi-yuzde-20-artti\" width=\"300\" height=\"205\" srcset=\"https:\/\/www.enerjigazetesi.ist\/wp-content\/uploads\/2014\/10\/ithal-komur-kaynakli-elektrik-uretimi-yuzde-20-artti-300x205.jpg 300w, https:\/\/www.enerjigazetesi.ist\/wp-content\/uploads\/2014\/10\/ithal-komur-kaynakli-elektrik-uretimi-yuzde-20-artti-500x341.jpg 500w, https:\/\/www.enerjigazetesi.ist\/wp-content\/uploads\/2014\/10\/ithal-komur-kaynakli-elektrik-uretimi-yuzde-20-artti-73x50.jpg 73w, https:\/\/www.enerjigazetesi.ist\/wp-content\/uploads\/2014\/10\/ithal-komur-kaynakli-elektrik-uretimi-yuzde-20-artti.jpg 600w\" sizes=\"(max-width: 300px) 100vw, 300px\" \/><\/a>e\u00e7en y\u0131l\u0131n ayn\u0131 d\u00f6nemine g\u00f6re yakla\u015f\u0131k y\u00fczde 20 y\u00fckseldi.<\/strong><\/p>\n<p>Enerji ve Tabii Kaynaklar Bakanl\u0131\u011f\u0131 verilerine g\u00f6re, son d\u00f6nemde ithal k\u00f6m\u00fcr kaynakl\u0131 elektri\u011fin miktar ve toplam \u00fcretimdeki pay\u0131na bak\u0131ld\u0131\u011f\u0131nda ciddi art\u0131\u015f kaydedildi.<\/p>\n<p>Y\u0131l\u0131n 8 ay\u0131nda ithal k\u00f6m\u00fcr kaynakl\u0131 elektrik \u00fcretimi ge\u00e7en y\u0131l\u0131n ayn\u0131 d\u00f6nemine g\u00f6re yakla\u015f\u0131k y\u00fczde 19,23 artt\u0131. Ge\u00e7en y\u0131l ayn\u0131 d\u00f6neminde elektrik \u00fcretiminde y\u00fczde 11,6 olan ithal k\u00f6m\u00fcr\u00fcn pay\u0131, 1,5 puanl\u0131k art\u0131\u015fla artarak 13,1\u2019e \u00e7\u0131kt\u0131.<\/p>\n<p>T\u00fcrkiye ge\u00e7en y\u0131l\u0131n 8 ayl\u0131k d\u00f6neminde ithal k\u00f6m\u00fcrden 18 milyon 571 bin 982 megavatsaat elektrik \u00fcretirken, bu y\u0131l\u0131n ayn\u0131 d\u00f6neminde \u00fcretim miktar\u0131 22 milyon 142 bin 459 megavatsaate y\u00fckseldi. Elektrik \u00fcretiminde ithal k\u00f6m\u00fcr kullan\u0131m\u0131 en fazla nisan ay\u0131nda artt\u0131. S\u00f6z konusu ayda \u00fcretim miktar\u0131 ge\u00e7en y\u0131l\u0131n ayn\u0131 ayn\u0131 ay\u0131na g\u00f6re y\u00fczde 70,62 artt\u0131.<\/p>\n<p>Kaynak: <a href=\"http:\/\/www.bloomberght.com\/haberler\/haber\/1636771-ithal-komur-kaynakli-elektrik-uretimi-artti\" target=\"_blank\" rel=\"nofollow\">BloombergHT<\/a><\/p>","protected":false},"excerpt":{"rendered":"<p>Sorry, this entry is only available in Turkish. For the sake of viewer convenience, the content is shown below in the alternative language. You may click the link to switch the active language.Y\u0131l\u0131n 8 ay\u0131nda ithal k\u00f6m\u00fcr kaynakl\u0131 elektrik \u00fcretimi ge\u00e7en y\u0131l\u0131n ayn\u0131 d\u00f6nemine g\u00f6re yakla\u015f\u0131k y\u00fczde 20 y\u00fckseldi. \u0130thal k\u00f6m\u00fcr kaynakl\u0131 elektri\u011fin miktar\u0131 ve [&hellip;]<\/p>\n","protected":false},"author":1,"featured_media":32045,"comment_status":"open","ping_status":"open","sticky":false,"template":"","format":"standard","meta":[],"categories":[51,53],"tags":[19,63,67,1009,165,17073,1374,18505,18506],"views":762,"_links":{"self":[{"href":"https:\/\/www.enerjigazetesi.ist\/en\/wp-json\/wp\/v2\/posts\/32044"}],"collection":[{"href":"https:\/\/www.enerjigazetesi.ist\/en\/wp-json\/wp\/v2\/posts"}],"about":[{"href":"https:\/\/www.enerjigazetesi.ist\/en\/wp-json\/wp\/v2\/types\/post"}],"author":[{"embeddable":true,"href":"https:\/\/www.enerjigazetesi.ist\/en\/wp-json\/wp\/v2\/users\/1"}],"replies":[{"embeddable":true,"href":"https:\/\/www.enerjigazetesi.ist\/en\/wp-json\/wp\/v2\/comments?post=32044"}],"version-history":[{"count":1,"href":"https:\/\/www.enerjigazetesi.ist\/en\/wp-json\/wp\/v2\/posts\/32044\/revisions"}],"predecessor-version":[{"id":32046,"href":"https:\/\/www.enerjigazetesi.ist\/en\/wp-json\/wp\/v2\/posts\/32044\/revisions\/32046"}],"wp:featuredmedia":[{"embeddable":true,"href":"https:\/\/www.enerjigazetesi.ist\/en\/wp-json\/wp\/v2\/media\/32045"}],"wp:attachment":[{"href":"https:\/\/www.enerjigazetesi.ist\/en\/wp-json\/wp\/v2\/media?parent=32044"}],"wp:term":[{"taxonomy":"category","embeddable":true,"href":"https:\/\/www.enerjigazetesi.ist\/en\/wp-json\/wp\/v2\/categories?post=32044"},{"taxonomy":"post_tag","embeddable":true,"href":"https:\/\/www.enerjigazetesi.ist\/en\/wp-json\/wp\/v2\/tags?post=32044"}],"curies":[{"name":"wp","href":"https:\/\/api.w.org\/{rel}","templated":true}]}}