{"id":31992,"date":"2014-09-30T11:05:13","date_gmt":"2014-09-30T08:05:13","guid":{"rendered":"https:\/\/www.enerjigazetesi.ist\/?p=31992"},"modified":"2014-09-30T11:05:13","modified_gmt":"2014-09-30T08:05:13","slug":"yildiz-enerji-sektoru-siyasi-istikrarsizlik-sevmez","status":"publish","type":"post","link":"https:\/\/www.enerjigazetesi.ist\/en\/yildiz-enerji-sektoru-siyasi-istikrarsizlik-sevmez\/","title":{"rendered":"(Turkish) Y\u0131ld\u0131z: \u201cEnerji Sekt\u00f6r\u00fc Siyasi \u0130stikrars\u0131zl\u0131k Sevmez&#8230;\u201d"},"content":{"rendered":"<p class=\"qtranxs-available-languages-message qtranxs-available-languages-message-en\">Sorry, this entry is only available in <a href=\"https:\/\/www.enerjigazetesi.ist\/tr\/wp-json\/wp\/v2\/posts\/31992\" class=\"qtranxs-available-language-link qtranxs-available-language-link-tr\" title=\"Turkish\">Turkish<\/a>. For the sake of viewer convenience, the content is shown below in the alternative language. You may click the link to switch the active language.<\/p><p><strong>Enerji ve Tabii Kaynaklar Bakan\u0131 Y\u0131ld\u0131z, \u201cSiyasi istikrars\u0131zl\u0131\u011f\u0131 sevmeyen bir\u00e7ok sekt\u00f6r vard\u0131r ama bunun en \u00f6nemlilerinden ve bu sekt\u00f6rlerin ba\u015f\u0131nda gelen, enerji sekt\u00f6r\u00fcd\u00fcr\u201d dedi.<a href=\"https:\/\/www.enerjigazetesi.ist\/wp-content\/uploads\/2014\/09\/yildiz-enerji-sektoru-siyasi-istikrarsizlik-sevmez.jpg\"><img loading=\"lazy\" class=\"alignright size-medium wp-image-31993\" src=\"https:\/\/www.enerjigazetesi.ist\/wp-content\/uploads\/2014\/09\/yildiz-enerji-sektoru-siyasi-istikrarsizlik-sevmez-300x203.jpg\" alt=\"yildiz-enerji-sektoru-siyasi-istikrarsizlik-sevmez\" width=\"300\" height=\"203\" srcset=\"https:\/\/www.enerjigazetesi.ist\/wp-content\/uploads\/2014\/09\/yildiz-enerji-sektoru-siyasi-istikrarsizlik-sevmez-300x203.jpg 300w, https:\/\/www.enerjigazetesi.ist\/wp-content\/uploads\/2014\/09\/yildiz-enerji-sektoru-siyasi-istikrarsizlik-sevmez-500x339.jpg 500w, https:\/\/www.enerjigazetesi.ist\/wp-content\/uploads\/2014\/09\/yildiz-enerji-sektoru-siyasi-istikrarsizlik-sevmez-73x50.jpg 73w, https:\/\/www.enerjigazetesi.ist\/wp-content\/uploads\/2014\/09\/yildiz-enerji-sektoru-siyasi-istikrarsizlik-sevmez.jpg 586w\" sizes=\"(max-width: 300px) 100vw, 300px\" \/><\/a><\/strong><span id=\"more-67297\"><\/span><\/p>\n<p>Enerji ve Tabii Kaynaklar Bakan\u0131 Taner Y\u0131ld\u0131z, \u201cT\u00fcrkiye\u2019nin fiyat politikalar\u0131n\u0131n belirlendi\u011fi bir enerji \u00fcss\u00fc olmamas\u0131 i\u00e7in hi\u00e7bir sebep yok. T\u00fcrkiye istikrarl\u0131 siyaseti ile beraber bunlar\u0131 ger\u00e7ekle\u015ftirebilecek d\u00fczeyde\u201d dedi.<\/p>\n<p>D\u00fcnya Ekonomik Forumu\u2019nda, \u201cB\u00f6lgesel Enerji Dinamiklerinin Anla\u015f\u0131lmas\u0131\u201d konulu panelde konu\u015fan Y\u0131ld\u0131z, d\u00fcnyada ekonomilerin globalle\u015fti\u011fini, ancak politikalar\u0131n ulusalla\u015ft\u0131\u011f\u0131n\u0131 ifade etti.<\/p>\n<p>Bunun asl\u0131nda bir paradoks gibi g\u00f6r\u00fcnd\u00fc\u011f\u00fcn\u00fc ve uluslararas\u0131 sermayeyle b\u00fcy\u00fcyen, geli\u015fmekte olan ekonomilerin b\u00fct\u00fcn bu s\u00fcre\u00e7te \u00e7ok daha dikkatli davranmak durumunda kald\u0131\u011f\u0131n\u0131 belirten Y\u0131ld\u0131z, T\u00fcrkiye\u2019nin geli\u015fen, kalk\u0131nan ve b\u00fcy\u00fcyen bir \u00fclke olarak hem o de\u011fi\u015fimi hem de d\u00fcnyadaki geli\u015fmeleri takip etmek durumunda oldu\u011funu s\u00f6yledi.<\/p>\n<p>Kaynak: <a href=\"http:\/\/www.bloomberght.com\/haberler\/haber\/1635763-wefyildiz-enerji-sektoru-siyasi-istikrarsizlik-sevmez\" target=\"_blank\" rel=\"nofollow\">BloombergHT<\/a><\/p>","protected":false},"excerpt":{"rendered":"<p>Sorry, this entry is only available in Turkish. For the sake of viewer convenience, the content is shown below in the alternative language. You may click the link to switch the active language.Enerji ve Tabii Kaynaklar Bakan\u0131 Y\u0131ld\u0131z, \u201cSiyasi istikrars\u0131zl\u0131\u011f\u0131 sevmeyen bir\u00e7ok sekt\u00f6r vard\u0131r ama bunun en \u00f6nemlilerinden ve bu sekt\u00f6rlerin ba\u015f\u0131nda gelen, enerji sekt\u00f6r\u00fcd\u00fcr\u201d [&hellip;]<\/p>\n","protected":false},"author":1,"featured_media":31993,"comment_status":"open","ping_status":"open","sticky":false,"template":"","format":"standard","meta":[],"categories":[53],"tags":[710,1979,63,67,1009,165,15981,667],"views":611,"_links":{"self":[{"href":"https:\/\/www.enerjigazetesi.ist\/en\/wp-json\/wp\/v2\/posts\/31992"}],"collection":[{"href":"https:\/\/www.enerjigazetesi.ist\/en\/wp-json\/wp\/v2\/posts"}],"about":[{"href":"https:\/\/www.enerjigazetesi.ist\/en\/wp-json\/wp\/v2\/types\/post"}],"author":[{"embeddable":true,"href":"https:\/\/www.enerjigazetesi.ist\/en\/wp-json\/wp\/v2\/users\/1"}],"replies":[{"embeddable":true,"href":"https:\/\/www.enerjigazetesi.ist\/en\/wp-json\/wp\/v2\/comments?post=31992"}],"version-history":[{"count":1,"href":"https:\/\/www.enerjigazetesi.ist\/en\/wp-json\/wp\/v2\/posts\/31992\/revisions"}],"predecessor-version":[{"id":31994,"href":"https:\/\/www.enerjigazetesi.ist\/en\/wp-json\/wp\/v2\/posts\/31992\/revisions\/31994"}],"wp:featuredmedia":[{"embeddable":true,"href":"https:\/\/www.enerjigazetesi.ist\/en\/wp-json\/wp\/v2\/media\/31993"}],"wp:attachment":[{"href":"https:\/\/www.enerjigazetesi.ist\/en\/wp-json\/wp\/v2\/media?parent=31992"}],"wp:term":[{"taxonomy":"category","embeddable":true,"href":"https:\/\/www.enerjigazetesi.ist\/en\/wp-json\/wp\/v2\/categories?post=31992"},{"taxonomy":"post_tag","embeddable":true,"href":"https:\/\/www.enerjigazetesi.ist\/en\/wp-json\/wp\/v2\/tags?post=31992"}],"curies":[{"name":"wp","href":"https:\/\/api.w.org\/{rel}","templated":true}]}}