{"id":31912,"date":"2014-09-27T23:30:56","date_gmt":"2014-09-27T20:30:56","guid":{"rendered":"https:\/\/www.enerjigazetesi.ist\/?p=31912"},"modified":"2014-09-27T23:31:20","modified_gmt":"2014-09-27T20:31:20","slug":"izmire-ruzgar-enerjisi-merkezi-kurulacak","status":"publish","type":"post","link":"https:\/\/www.enerjigazetesi.ist\/en\/izmire-ruzgar-enerjisi-merkezi-kurulacak\/","title":{"rendered":"(Turkish) \u0130zmir`e R\u00fczgar Enerjisi Merkezi Kurulacak!"},"content":{"rendered":"<p class=\"qtranxs-available-languages-message qtranxs-available-languages-message-en\">Sorry, this entry is only available in <a href=\"https:\/\/www.enerjigazetesi.ist\/tr\/wp-json\/wp\/v2\/posts\/31912\" class=\"qtranxs-available-language-link qtranxs-available-language-link-tr\" title=\"Turkish\">Turkish<\/a>. For the sake of viewer convenience, the content is shown below in the alternative language. You may click the link to switch the active language.<\/p><p><strong>T\u00fcrkiye R\u00fczgar Enerjisi Birli\u011fi (T\u00dcREB) \u00f6nc\u00fcl\u00fc\u011f\u00fcnde, kamu ve \u00f6zel sekt\u00f6r\u00fcn i\u015fbirli\u011fiyle \u0130zmir`de bir r\u00fczgar enerjisi e\u011fitim merkezi kurulacak.<\/strong><\/p>\n<p>Hamburg`ta 23-26 Eyl\u00fcl tarihleri aras\u0131nda d\u00fczenlenen Uluslararas\u0131 R\u00fczg\u00e2r Enerjisi Fuar\u0131`nda T\u00fcrkiye kalabal\u0131k bir heyetle temsil edildi.<\/p>\n<p><strong>\u0130ZM\u0130R`E R\u00dcZGAR ENERJ\u0130S\u0130 E\u011e\u0130T\u0130M MERKEZ\u0130<a href=\"https:\/\/www.enerjigazetesi.ist\/wp-content\/uploads\/2014\/09\/izmire-ruzgar-enerjisi-merkezi.jpg\"><img loading=\"lazy\" class=\"alignright size-medium wp-image-31913\" src=\"https:\/\/www.enerjigazetesi.ist\/wp-content\/uploads\/2014\/09\/izmire-ruzgar-enerjisi-merkezi-300x225.jpg\" alt=\"izmire-ruzgar-enerjisi-merkezi\" width=\"300\" height=\"225\" srcset=\"https:\/\/www.enerjigazetesi.ist\/wp-content\/uploads\/2014\/09\/izmire-ruzgar-enerjisi-merkezi-300x225.jpg 300w, https:\/\/www.enerjigazetesi.ist\/wp-content\/uploads\/2014\/09\/izmire-ruzgar-enerjisi-merkezi-500x375.jpg 500w, https:\/\/www.enerjigazetesi.ist\/wp-content\/uploads\/2014\/09\/izmire-ruzgar-enerjisi-merkezi-66x50.jpg 66w, https:\/\/www.enerjigazetesi.ist\/wp-content\/uploads\/2014\/09\/izmire-ruzgar-enerjisi-merkezi.jpg 558w\" sizes=\"(max-width: 300px) 100vw, 300px\" \/><\/a><\/strong><\/p>\n<p>Delegasyon yetkilileri Avrupa R\u00fczgar Enerjisi Birli\u011fi (EWEA) ve D\u00fcnya R\u00fczgar Enerjisi Birli\u011fi (GWEC) ile temaslarda bulundu. Temaslar s\u0131ras\u0131nda, T\u00fcrkiye`de r\u00fczgar enerjisiyle ilgili bir e\u011fitim merkezi kurulmas\u0131 konusu da ele al\u0131nd\u0131. \u0130zmir\u2019de bir R\u00fczgar Enerjisi e\u011fitim merkezi kurulmas\u0131 konusunda mutabakata var\u0131ld\u0131. Projeye Almanya`daki ilgili ki\u015fi, kurum ve kurulu\u015flar\u0131n deste\u011finin de sa\u011flanmas\u0131 benimsendi.<\/p>\n<p><strong>T\u00dcREB YABANCILARI YATIRIMA DAVET ETT\u0130<i><br \/>\n<\/i><\/strong><br \/>\nT\u00dcREB Ba\u015fkan\u0131 Mustafa Serdar Ataseven, fuarda yapt\u0131\u011f\u0131 konu\u015fmada, T\u00fcrkiye\u2019nin Avrupa`n\u0131n en y\u00fcksek r\u00fczgar potansiyeline sahip \u00fclkelerinden biri oldu\u011funu hat\u0131rlatarak, \u015fu anda enerji \u00fcretiminde r\u00fczgar\u0131n %5\u2019lik bir pay\u0131 oldu\u011funu belirtti. 2023 y\u0131l\u0131 hedeflerinin 20 bin MW oldu\u011funu kaydeden Ataseven, devlet te\u015fviklerinin artt\u0131\u011f\u0131n\u0131 ve 10 y\u0131l al\u0131m garantisi verildi\u011finin alt\u0131n\u0131 \u00e7izerek i\u015fadamlar\u0131n\u0131 T\u00fcrkiye`de yat\u0131r\u0131m yapmaya davet etti.<\/p>\n<p><strong>MAZICIO\u011eLU: R\u00dcZG\u00c2RA HER KOLDAN DESTEK<\/strong><\/p>\n<p>TBMM Sanayi Komisyonu ba\u015fkan\u0131 Halil Maz\u0131c\u0131o\u011flu da T\u00fcrkiye\u2019nin krizlerden minimum d\u00fczeyde etkilenen bir \u00fclke oldu\u011funun alt\u0131n\u0131 \u00e7izerek, muhalet ve iktidar olarak fuarda bulunduklar\u0131n\u0131 ve T\u00fcrkiye\u2019nin r\u00fczgar\u0131na her koldan destek verdiklerini belirtti. Maz\u0131c\u0131o\u011flu, r\u00fczgar\u0131n s\u00fcratle ilerlemesi i\u00e7in ellerinden ne geliyorsa yapacaklar\u0131n\u0131 s\u00f6yleyerek, &#8220;D\u0131\u015fa ba\u011f\u0131ml\u0131l\u0131\u011f\u0131m\u0131z\u0131 azaltmak laz\u0131m. Burada \u00f6yle g\u00fczel uygulamalar g\u00f6rd\u00fck ki, T\u00fcrkiye\u2019de yenilenebilir enerji pay\u0131m\u0131z\u0131 % 20\u2019lere \u00e7\u0131karmak i\u00e7in h\u0131zla \u00e7al\u0131\u015fmam\u0131z gerekti\u011fini anlad\u0131k. T\u00fcrkiye\u2019de yat\u0131r\u0131m yapan firmalar\u0131n artmas\u0131 gerekli&#8221; dedi.<\/p>\n<p>Heyette bulunan baz\u0131 milletvekillerinin r\u00fczg\u00e2r fuar\u0131yla ilgili g\u00f6r\u00fc\u015flerini \u015f\u00f6yle dile getirdi. CHP Milletvekili Mehmet Ali Susam; &#8220;Bu fuarda \u00e7ok \u00f6nemli bir vizyon kazand\u0131k. G\u00f6rd\u00fck ki, d\u00fcnya r\u00fczgar enerjisinde h\u0131zla ilerliyor ve \u00fclkemizin de ciddi bir r\u00fczgar potansiyeli var. Yurtd\u0131\u015f\u0131ndan ithal ederek de\u011fil, \u00fclkemizde \u00fcretim yaparak enerji elde etmeliyiz. T\u00fcrkiye\u2019yi r\u00fczgar\u0131n \u00fcretim \u00fcss\u00fc yapmal\u0131y\u0131z&#8221; dedi.<\/p>\n<p><strong>Haberin <a href=\"http:\/\/enerjigunlugu.net\/izmire-ruzgar-enerjisi-merkezi_10256.html\" target=\"_blank\" rel=\"nofollow\">Devam\u0131 \u0130\u00e7in TIKLAYINIZ&gt;&gt;&gt;<\/a><\/strong><\/p>\n<p>Kaynak: Enerji G\u00fcnl\u00fc\u011f\u00fc<\/p>","protected":false},"excerpt":{"rendered":"<p>Sorry, this entry is only available in Turkish. For the sake of viewer convenience, the content is shown below in the alternative language. You may click the link to switch the active language.T\u00fcrkiye R\u00fczgar Enerjisi Birli\u011fi (T\u00dcREB) \u00f6nc\u00fcl\u00fc\u011f\u00fcnde, kamu ve \u00f6zel sekt\u00f6r\u00fcn i\u015fbirli\u011fiyle \u0130zmir`de bir r\u00fczgar enerjisi e\u011fitim merkezi kurulacak. Hamburg`ta 23-26 Eyl\u00fcl tarihleri aras\u0131nda [&hellip;]<\/p>\n","protected":false},"author":1,"featured_media":31913,"comment_status":"open","ping_status":"open","sticky":false,"template":"","format":"standard","meta":[],"categories":[53,50],"tags":[63,67,1009,165,1683,2924,2689,69,16,1682,3390],"views":568,"_links":{"self":[{"href":"https:\/\/www.enerjigazetesi.ist\/en\/wp-json\/wp\/v2\/posts\/31912"}],"collection":[{"href":"https:\/\/www.enerjigazetesi.ist\/en\/wp-json\/wp\/v2\/posts"}],"about":[{"href":"https:\/\/www.enerjigazetesi.ist\/en\/wp-json\/wp\/v2\/types\/post"}],"author":[{"embeddable":true,"href":"https:\/\/www.enerjigazetesi.ist\/en\/wp-json\/wp\/v2\/users\/1"}],"replies":[{"embeddable":true,"href":"https:\/\/www.enerjigazetesi.ist\/en\/wp-json\/wp\/v2\/comments?post=31912"}],"version-history":[{"count":2,"href":"https:\/\/www.enerjigazetesi.ist\/en\/wp-json\/wp\/v2\/posts\/31912\/revisions"}],"predecessor-version":[{"id":31915,"href":"https:\/\/www.enerjigazetesi.ist\/en\/wp-json\/wp\/v2\/posts\/31912\/revisions\/31915"}],"wp:featuredmedia":[{"embeddable":true,"href":"https:\/\/www.enerjigazetesi.ist\/en\/wp-json\/wp\/v2\/media\/31913"}],"wp:attachment":[{"href":"https:\/\/www.enerjigazetesi.ist\/en\/wp-json\/wp\/v2\/media?parent=31912"}],"wp:term":[{"taxonomy":"category","embeddable":true,"href":"https:\/\/www.enerjigazetesi.ist\/en\/wp-json\/wp\/v2\/categories?post=31912"},{"taxonomy":"post_tag","embeddable":true,"href":"https:\/\/www.enerjigazetesi.ist\/en\/wp-json\/wp\/v2\/tags?post=31912"}],"curies":[{"name":"wp","href":"https:\/\/api.w.org\/{rel}","templated":true}]}}