{"id":31878,"date":"2014-09-26T18:58:44","date_gmt":"2014-09-26T15:58:44","guid":{"rendered":"https:\/\/www.enerjigazetesi.ist\/?p=31878"},"modified":"2014-09-26T19:16:27","modified_gmt":"2014-09-26T16:16:27","slug":"ledled-aydinlatma-elex-ve-electronist-fuarlari-acildi","status":"publish","type":"post","link":"https:\/\/www.enerjigazetesi.ist\/en\/ledled-aydinlatma-elex-ve-electronist-fuarlari-acildi\/","title":{"rendered":"(Turkish) Led&#038;Led Ayd\u0131nlatma, Elex ve Electronist Fuarlar\u0131 A\u00e7\u0131ld\u0131!"},"content":{"rendered":"<p class=\"qtranxs-available-languages-message qtranxs-available-languages-message-en\">Sorry, this entry is only available in <a href=\"https:\/\/www.enerjigazetesi.ist\/tr\/wp-json\/wp\/v2\/posts\/31878\" class=\"qtranxs-available-language-link qtranxs-available-language-link-tr\" title=\"Turkish\">Turkish<\/a>. For the sake of viewer convenience, the content is shown below in the alternative language. You may click the link to switch the active language.<\/p><p><strong><span style=\"color: #000000;\">Marmara Fuarc\u0131l\u0131k<\/span> taraf\u0131ndan organize edilen LED&amp;LED Ayd\u0131nlatma, ELEX ve Electronist Fuarlar\u0131, LED Yar\u0131\u015fmas\u0131 ve 6. LED Konferans\u0131\u2019n\u0131 tek \u00e7at\u0131 alt\u0131nda bulu\u015fturan etkinlik 25-28 Eyl\u00fcl 2014 tarihleri aras\u0131nda<span style=\"font-family: 'Calibri','sans-serif';\"> \u0130stanbul Fuar Merkezi <\/span>9.10.11. hollerde devam ediyor.<\/strong><\/p>\n<p>En son teknoloji LED ve LED Ayd\u0131nlatma \u00fcr\u00fcnler, yenilenebilir enerji kayna\u011f\u0131 r\u00fczgar trib\u00fcnleri ve g\u00fcne\u015f panelleri, elektri\u011fin \u00fcretildi\u011fi noktadan ba\u015flayarak, binalar\u0131m\u0131z\u0131n i\u00e7inde kulland\u0131\u011f\u0131m\u0131z elektrik tesisat\u0131na kadar t\u00fcm malzemeler yat\u0131r\u0131mc\u0131 ve ziyaret\u00e7ilerle bulu\u015fuyor.<\/p>\n<p>T\u00fcrkiye\u2019nin i\u00e7inde bulundu\u011fu co\u011fra<span style=\"font-family: 'Calibri','sans-serif';\"><a href=\"https:\/\/www.enerjigazetesi.ist\/wp-content\/uploads\/2014\/09\/ledled-aydinlatma-elex-ve-electronist-fuarlari-acildi.jpg\"><img loading=\"lazy\" class=\"alignleft size-medium wp-image-31879\" src=\"https:\/\/www.enerjigazetesi.ist\/wp-content\/uploads\/2014\/09\/ledled-aydinlatma-elex-ve-electronist-fuarlari-acildi-300x199.jpg\" alt=\"ledled-aydinlatma-elex-ve-electronist-fuarlari-acildi\" width=\"300\" height=\"199\" srcset=\"https:\/\/www.enerjigazetesi.ist\/wp-content\/uploads\/2014\/09\/ledled-aydinlatma-elex-ve-electronist-fuarlari-acildi-300x199.jpg 300w, https:\/\/www.enerjigazetesi.ist\/wp-content\/uploads\/2014\/09\/ledled-aydinlatma-elex-ve-electronist-fuarlari-acildi-500x332.jpg 500w, https:\/\/www.enerjigazetesi.ist\/wp-content\/uploads\/2014\/09\/ledled-aydinlatma-elex-ve-electronist-fuarlari-acildi-75x50.jpg 75w, https:\/\/www.enerjigazetesi.ist\/wp-content\/uploads\/2014\/09\/ledled-aydinlatma-elex-ve-electronist-fuarlari-acildi.jpg 600w\" sizes=\"(max-width: 300px) 100vw, 300px\" \/><\/a><\/span>fik b\u00f6lgede d\u00fczenlemekte olan tek LED\u2019li \u00fcr\u00fcnler ve LED\u2019li Ayd\u0131nlatma Fuar\u0131 olan ve 2007 y\u0131l\u0131nda \u0130stanbul\u2019da d\u00fczenlenmeye ba\u015flanan LED Fuar\u0131, 2007-2008 y\u0131llar\u0131nda ayn\u0131 y\u0131l i\u00e7inde \u0130stanbul ve Ankara\u2019da d\u00fczenlendi. 2 kez Ankara ve 7 kez de \u0130stanbul olmak \u00fczere 9 kez d\u00fczenlenmi\u015f olan LED Fuar\u0131, 2011 y\u0131l\u0131ndan itibaren <strong><span style=\"font-family: 'Calibri','sans-serif';\">LED&amp;LED AYDINLATMA <\/span><\/strong>Fuar\u0131 ad\u0131yla d\u00fczenlenmektedir.<\/p>\n<p>2012 y\u0131l\u0131nda d\u00fczenlenmeye ba\u015flanan <strong>ELEX <\/strong>Fuar\u0131 (3. Elektrik Malzemeleri Ve Ekipmanlar\u0131, Elektrik \u0130letimi Ve Da\u011f\u0131t\u0131m\u0131 Fuar\u0131) ve <strong><span style=\"font-family: 'Calibri','sans-serif';\">ELECTRONIST<\/span><\/strong> Fuar\u0131 (3.Elektronik Komponent, G\u00fc\u00e7 Kaynaklar\u0131 ve G\u00f6m\u00fcl\u00fc Sistemler Fuar\u0131) T\u00fcrkiye\u2019de bu kapsamda d\u00fczenlenen ilk fuarlar olma \u00f6zelli\u011fine sahiptir.<\/p>\n<p><strong><span style=\"font-family: 'Calibri','sans-serif';\">ELEX<\/span><\/strong> Fuar\u0131 D\u0131\u015f Tesisat, Bina\/Tesis Giri\u015fi ve \u0130\u00e7 Tesisat olmak \u00fczere 3 ana b\u00f6l\u00fcm olarak projelendirilmi\u015f olup, 2014 itibari ile elektri\u011fin \u00fcretildi\u011fi noktadan ba\u015flayarak, binalar\u0131m\u0131z\u0131n i\u00e7inde kulland\u0131\u011f\u0131m\u0131z elektrik tesisat\u0131na kadar t\u00fcm malzemeleri kapsamaktad\u0131r.<\/p>\n<p>Fuar\u0131n a\u00e7\u0131l\u0131\u015f\u0131n\u0131 Marmara Fuarc\u0131l\u0131k Genel M\u00fcd\u00fcr\u00fc <strong><span style=\"font-family: 'Calibri','sans-serif';\">Feridun Bayram<\/span><\/strong>, Vestel \u015eirketler Grubu \u0130cra Kurulu \u00dcyesi <strong><span style=\"font-family: 'Calibri','sans-serif';\">\u00d6zer Ekmek\u00e7iler<\/span><\/strong>, ATMK (Ayd\u0131nlatma T\u00fcrk Milli Komitesi) Ba\u015fkan\u0131<span style=\"font-family: 'Calibri','sans-serif';\">Prof. Dr. Rengin \u00dcnver<\/span>, Yenilenebilir Enerji Kaynaklar\u0131 Yeni Teknolojiler ve Destek Dairesi Ba\u015fkan\u0131 <strong><span style=\"font-family: 'Calibri','sans-serif';\">Fatih Yaz\u0131ta\u015f<\/span><\/strong> ve TEDA\u015e (T\u00fcrkiye Elektrik Da\u011f\u0131t\u0131m A.\u015e.) Y\u00f6netim Kurulu Ba\u015fkan\u0131 ve Genel M\u00fcd\u00fcr\u00fc <strong><span style=\"font-family: 'Calibri','sans-serif';\">M\u00fckremin \u00c7epni<\/span> yapt\u0131lar.<\/strong><\/p>\n<p><span style=\"color: #000000;\"><strong>TEDA\u015e (T\u00fcrkiye Elektrik Da\u011f\u0131t\u0131m A.\u015e.) Y\u00f6netim Kurulu Ba\u015fkan\u0131 ve Genel M\u00fcd\u00fcr\u00fc M\u00fckremin \u00c7epni;<\/strong><\/span><\/p>\n<p>Bakanl\u0131k olarak biz de LED ayd\u0131nlatma d\u00f6n\u00fc\u015f\u00fcm projesi haz\u0131rlad\u0131k. Bu d\u00f6n\u00fc\u015f\u00fcm projesi kapsam\u0131nda TEDA\u015e olarak biz, Yenilenebilir Enerji Genel M\u00fcd\u00fcrl\u00fc\u011f\u00fc ve Enerji \u0130\u015fleri Genel M\u00fcd\u00fcrl\u00fc\u011f\u00fc ile m\u00fc\u015ftereken bir komisyon halinde \u00e7al\u0131\u015fmalar\u0131n\u0131 yaparak \u00f6nce bu LED teknolojisinin nas\u0131l kullan\u0131laca\u011f\u0131, nas\u0131l armat\u00fcr olaca\u011f\u0131yla ilgili akademisyenler ve \u00fcretici firmalara da dan\u0131\u015farak bir teknik \u015fartname haz\u0131rlad\u0131k. Bunun \u00fczerine yine bakanl\u0131k olarak bu teknolojilerin, bu armat\u00fcrlerin nas\u0131l kullan\u0131laca\u011f\u0131yla ilgili bir usul, esaslar haz\u0131rl\u0131\u011f\u0131 yap\u0131ld\u0131, tamamland\u0131 ve g\u00f6r\u00fc\u015flere a\u00e7\u0131ld\u0131. Belki 8 \u2013 10 g\u00fcne bu usul esaslarda yay\u0131nlanm\u0131\u015f olabilir. Usul esaslar yay\u0131nland\u0131ktan sonra art\u0131k yeni yap\u0131lacak tesislerde, cadde ve sokak ayd\u0131nlatmalar\u0131nda LED kullan\u0131m\u0131 zorunlu hale gelecek. Bu bir milat gibi kabul edilecek ve bu usul esaslar yay\u0131nland\u0131ktan sonra s\u00f6zle\u015fmeye ba\u011flanmam\u0131\u015f, sat\u0131\u015f anla\u015fmas\u0131 yap\u0131lmam\u0131\u015f yeni projelerin art\u0131k LED teknolojisine uygun olarak yap\u0131lmas\u0131 ve buna g\u00f6re tesis edilmesi zorunlu hale gelecek. Tabi yeni tesisler LED teknolojisine g\u00f6re yap\u0131lacak ama, eski tesisler ne olacak? Bunlarda belli usul esaslar \u00e7er\u00e7evesinde yenilenerek d\u00f6n\u00fc\u015f\u00fcme tabi tutulacak.<\/p>\n<p>Bunda da baz olarak iller baz\u0131nda ba\u015flayarak, en k\u00fc\u00e7\u00fck ilin n\u00fcfusu kadar il\u00e7e merkezlerini de bunun i\u00e7ine katarak bu merkezlerden d\u00f6n\u00fc\u015f\u00fcm projeleri ba\u015flayacak. Bu d\u00f6n\u00fc\u015f\u00fcm projelerinde de \u00f6ncelikle, civa buharl\u0131 armat\u00fcrler varsa tesiste, \u015febekede bunlardan ba\u015flanacak. Devam\u0131nda da ekonomik \u00f6mr\u00fcn\u00fc dolduran tesislere g\u00f6re belli bir plan d\u00e2hilinde bunlar d\u00f6n\u00fc\u015f\u00fcme tabi tutulacak. Ben sizlere biraz daha b\u00f6yle somut, say\u0131sal de\u011ferlerde vermek istiyorum. Ge\u00e7ti\u011fimiz 2013 y\u0131l\u0131 i\u00e7erisinde t\u00fcm T\u00fcrkiye\u2019mizde 245.5 kw\/saat enerji t\u00fcketilmi\u015ftir. T\u00fcketilen bu enerjinin y\u00fczdesel olarak bir nokta otuz ikisi yani \u00fc\u00e7 nokta iki milyar kw\/saati bu d\u0131\u015f ayd\u0131nlatma dedi\u011fimiz genel ayd\u0131nlatmalarda kullan\u0131lm\u0131\u015f. Bununda parasal miktar\u0131na bakt\u0131\u011f\u0131m\u0131zda bir milyar y\u00fcz alt\u0131 milyon ediyor. Yani 1.106.000.000 TL\u2019yi (bir milyar y\u00fcz alt\u0131) T\u00fcrkiye ge\u00e7ti\u011fimiz2013 y\u0131l\u0131 i\u00e7erisinde cadde ve sokaklar\u0131n\u0131 ayd\u0131nlatmak i\u00e7in kullanm\u0131\u015ft\u0131r. B\u00fcy\u00fckl\u00fc\u011fe bakt\u0131\u011f\u0131m\u0131zda bu LED d\u00f6n\u00fc\u015f\u00fcm\u00fcn\u00fcn, bu tasarruf bilincinin ne kadar b\u00fct\u00e7emizi etkileyece\u011fi a\u015fik\u00e2rd\u0131r. %30 la % 40 oran\u0131nda tasarruf etti\u011fimizde yani harcayaca\u011f\u0131m\u0131z bu 1.106.000.000 (bir milyar y\u00fcz alt\u0131 milyon) tutar\u0131n, 750.000.000 \u2013 800.000.000 lere d\u00fc\u015ft\u00fc\u011f\u00fcn\u00fc kabul edersek geri kalan e\u011fitime, sa\u011fl\u0131\u011fa, di\u011fer ba\u015fka yerlere harcayabiliriz diye d\u00fc\u015f\u00fcn\u00fcyorum.<\/p>\n<p><span style=\"color: #000000;\"><strong>ATMK (Ayd\u0131nlatma T\u00fcrk Milli Komitesi) Ba\u015fkan\u0131 Prof. Dr. Rengin \u00dcnver; <\/strong><\/span>Asl\u0131nda LED lere bakt\u0131\u011f\u0131m\u0131z zaman onlar\u0131n da akkor lambalarla ayn\u0131 d\u00f6nemde 1800\u2019l\u00fc y\u0131llar\u0131n sonunda \u00fcretildi\u011fini g\u00f6rmekteyiz. Ancak ayd\u0131nlatma sekt\u00f6r\u00fcnde kullan\u0131lmas\u0131 1960\u2019lardan itibaren ivme kazanm\u0131\u015f ve 2000\u2019li y\u0131llardan bu yana da yayg\u0131n bir \u015fekilde kullan\u0131ma sunulmu\u015f. Tabi ki bug\u00fcn LEDler sadece ayd\u0131nlatma alan\u0131nda de\u011fil pek \u00e7ok alanda var. Telefonumuzda, televizyonumuzda, bir\u00e7ok aletimizde var ve bununla i\u00e7 i\u00e7e ya\u015far durumday\u0131z. T\u00fcm d\u00fcnyada oldu\u011fu gibi \u00fclkemizde de LED konusunda \u00e7e\u015fitli \u00e7al\u0131\u015fmalar yap\u0131lmakta. Ulusal, uluslar aras\u0131 pek \u00e7ok fuar ve toplant\u0131 d\u00fczenlenmekte. Nitekim bug\u00fcnde 10. LED Fuar\u0131nda bir araya geldik. Ve bu fuarda e\u015f zamanl\u0131 olarak de\u011fi\u015fik etkinliklerde yer almakta&#8230; \u00d6rne\u011fin LED yar\u0131\u015fmas\u0131, LED konferans\u0131 gibi&#8230; Bu sene 5. LED yar\u0131\u015fmas\u0131 ve 6. Led Konferans\u0131 ger\u00e7ekle\u015ftirilecek. Bu etkinliklere ba\u015f\u0131ndan beri destek veren bir akademisyen ve her zaman bu t\u00fcr \u00e7al\u0131\u015fmalar\u0131 destekleyen bir ki\u015fi olarak \u00e7ok sevindirici buluyorum. Ve bunlar\u0131n gerek kat\u0131l\u0131mc\u0131 say\u0131s\u0131 a\u00e7\u0131s\u0131ndan gerekse yap\u0131lan \u00e7al\u0131\u015fmalar\u0131n d\u00fczeyleri a\u00e7\u0131s\u0131ndan her ge\u00e7en g\u00fcn daha ileriye do\u011fru gitti\u011fini g\u00f6rmek bizleri, beni \u00e7ok sevindiriyor. Ve bizimde T\u00fcrkiye olarak \u00fclke olarak di\u011fer \u00fclkelerden geride olmad\u0131\u011f\u0131m\u0131z\u0131 bir kez daha bize ispatlam\u0131\u015f bulunmakta&#8230;\u201d<\/p>\n<p><span style=\"color: #000000;\"><strong>SEKT\u00d6R\u00dcN T\u00dcM \u0130LG\u0130LER\u0130 6. LED KONFERANSI\u2019NDA\u2026<\/strong><\/span><\/p>\n<p>25-28 Eyl\u00fcl 2014 tarihleri aras\u0131nda \u0130stanbul Fuar Merkezi\u2019nde ger\u00e7ekle\u015fecek olan 6. LED Konferans\u0131 sekt\u00f6r\u00fcn t\u00fcm ilgilileri ile bir araya getiriyor.<\/p>\n<p>Birbirinden \u00f6nemli isimlerin oturum ba\u015fkanl\u0131\u011f\u0131 yapaca\u011f\u0131 konferansta Philips, Vestel, Pelsan, EBV, Niki Elektronik, Lamp83, Ale Teknoloji, Shreder, ONOFF Lighting Design, NA Light Style Seven Lights, TD Elektronik, MSC Gleichmann, Cree gibi firmalar sunumlar\u0131 ile kat\u0131l\u0131m g\u00f6sterecek. Enerji Bakanl\u0131\u011f\u0131, ISBAK, Y\u0131ld\u0131z Teknik \u00dcniversitesi, Cumhuriyet \u00dcniversitesi, Pamukkale \u00dcniversitesi, \u00c7ankaya \u00dcniversitesi, \u00d6zye\u011fin \u00dcniversitesi (Evatec) , ve Afyon Kocatepe \u00dcniversitesi, Gaziantep \u00dcniversitesi gibi kamu kurumlar\u0131 ve \u00fcniversitelerin de bildirileri ile yer alacak.<\/p>\n<p>Kontenjan\u0131n s\u0131n\u0131rl\u0131 oldu\u011fu, sekt\u00f6r\u00fcn bu \u00f6nemli bulu\u015fmas\u0131nda dinleyici olarak yerinizi almak i\u00e7in<a href=\"http:\/\/www.ledkonferansi.com\/?page=2\"><span style=\"color: windowtext;\">www.ledkonferansi.com\/?page=2<\/span><\/a>adresini ziyaret edebilirsiniz.<\/p>\n<p><span style=\"color: #000000;\"><strong>5. LED YARI\u015eMASI SONU\u00c7LANDI<\/strong><\/span><\/p>\n<p style=\"text-align: justify;\"><span style=\"color: #000000;\"><strong><span style=\"font-family: 'Calibri','sans-serif'; font-size: 9pt;\">Marmara Fuarc\u0131l\u0131k<\/span><\/strong><span style=\"font-family: 'Calibri','sans-serif'; font-size: 9pt;\"> taraf\u0131ndan organize edilen <strong><span style=\"font-family: 'Calibri','sans-serif';\">LED&amp;LED Ayd\u0131nlatma<\/span><\/strong> <strong><span style=\"font-family: 'Calibri','sans-serif';\">Fuar\u0131 <\/span><\/strong>ile e\u015fzamanl\u0131 olarak Pelsan\u2019\u0131n ana sponsorlu\u011funda d\u00fczenlenen 5. LED Yar\u0131\u015fmas\u0131, \u00f6zel ve kamu kesimiyle, akademik \u00e7evre ve ilgili b\u00f6l\u00fcmlerin \u00f6\u011frencilerini bir araya getirdi. 50\u2019nin \u00fczerinde projenin yar\u0131\u015ft\u0131\u011f\u0131 yar\u0131\u015fmas\u0131 sonu\u00e7lar\u0131 belli oldu. <\/span><\/span><\/p>\n<p style=\"text-align: justify;\"><span style=\"color: #000000;\"><span style=\"font-family: 'Calibri','sans-serif'; font-size: 9pt;\">\u201cLED\u2019li Sokak Lambalar\u0131 \u0130\u00e7in Mikrodenetleyici Tabanl\u0131 Ak\u0131ll\u0131 S\u00fcr\u00fcc\u00fc Sistem Tasar\u0131m\u0131\u201d projesi ile F\u0131rat Aydemir birinci olarak 5000 TL \u00f6d\u00fcl kazand\u0131.<\/span><\/span><\/p>\n<p style=\"text-align: justify;\"><span style=\"color: #000000;\"><span style=\"font-family: 'Calibri','sans-serif'; font-size: 9pt;\">\u201cMod\u00fcler Ak\u0131ll\u0131 Ayd\u0131nlatma \u00dcr\u00fcnleri\u201d projesi ile \u015eafak Top\u00e7u,Umut Can Kaymak ve Nur \u0130plik\u00e7i ikinci olarak 3000 TL \u00f6d\u00fcl kazand\u0131.<\/span><\/span><\/p>\n<p style=\"text-align: justify;\"><span style=\"color: #000000;\"><span style=\"font-family: 'Calibri','sans-serif'; font-size: 9pt;\">\u201cLED Lambalar\u0131n\u0131n Al\u00fcminyum Kullanmadan S\u0131v\u0131 \u0130le So\u011futulmas\u0131\u201d projesi ile ilk\u00f6\u011fretim 6. S\u0131n\u0131f \u00f6\u011frencisi Eray Aktokluk \u00fc\u00e7\u00fcnc\u00fc olarak 1500 TL \u00f6d\u00fcl kazand\u0131.<\/span><\/span><\/p>\n<p><span style=\"font-family: 'Calibri','sans-serif'; font-size: 9pt;\"><span style=\"color: #000000;\">Proje sunum afi\u015flerini sunum alan\u0131nda inceleyebildi\u011finiz 5. LED Yar\u0131\u015fmas\u0131 hakk\u0131nda detayl\u0131 bilgi almak i\u00e7in <\/span><a href=\"http:\/\/www.ledyarismasi.com\/\"><span style=\"color: windowtext;\">www.ledyarismasi.com<\/span><\/a><span style=\"color: #000000;\"> adresini ziyaret edebilirsiniz.<\/span><\/span><\/p>\n<p>Yay\u0131nc\u0131: <a href=\"https:\/\/www.enerjigazetesi.ist\" target=\"_blank\">Enerji Gazetesi<\/a><\/p>","protected":false},"excerpt":{"rendered":"<p>Sorry, this entry is only available in Turkish. For the sake of viewer convenience, the content is shown below in the alternative language. You may click the link to switch the active language.Marmara Fuarc\u0131l\u0131k taraf\u0131ndan organize edilen LED&amp;LED Ayd\u0131nlatma, ELEX ve Electronist Fuarlar\u0131, LED Yar\u0131\u015fmas\u0131 ve 6. LED Konferans\u0131\u2019n\u0131 tek \u00e7at\u0131 alt\u0131nda bulu\u015fturan etkinlik 25-28 [&hellip;]<\/p>\n","protected":false},"author":1,"featured_media":31879,"comment_status":"open","ping_status":"open","sticky":false,"template":"","format":"standard","meta":[],"categories":[53],"tags":[14803,18425,5531,63,67,1009,165,17525,4807],"views":1199,"_links":{"self":[{"href":"https:\/\/www.enerjigazetesi.ist\/en\/wp-json\/wp\/v2\/posts\/31878"}],"collection":[{"href":"https:\/\/www.enerjigazetesi.ist\/en\/wp-json\/wp\/v2\/posts"}],"about":[{"href":"https:\/\/www.enerjigazetesi.ist\/en\/wp-json\/wp\/v2\/types\/post"}],"author":[{"embeddable":true,"href":"https:\/\/www.enerjigazetesi.ist\/en\/wp-json\/wp\/v2\/users\/1"}],"replies":[{"embeddable":true,"href":"https:\/\/www.enerjigazetesi.ist\/en\/wp-json\/wp\/v2\/comments?post=31878"}],"version-history":[{"count":12,"href":"https:\/\/www.enerjigazetesi.ist\/en\/wp-json\/wp\/v2\/posts\/31878\/revisions"}],"predecessor-version":[{"id":31892,"href":"https:\/\/www.enerjigazetesi.ist\/en\/wp-json\/wp\/v2\/posts\/31878\/revisions\/31892"}],"wp:featuredmedia":[{"embeddable":true,"href":"https:\/\/www.enerjigazetesi.ist\/en\/wp-json\/wp\/v2\/media\/31879"}],"wp:attachment":[{"href":"https:\/\/www.enerjigazetesi.ist\/en\/wp-json\/wp\/v2\/media?parent=31878"}],"wp:term":[{"taxonomy":"category","embeddable":true,"href":"https:\/\/www.enerjigazetesi.ist\/en\/wp-json\/wp\/v2\/categories?post=31878"},{"taxonomy":"post_tag","embeddable":true,"href":"https:\/\/www.enerjigazetesi.ist\/en\/wp-json\/wp\/v2\/tags?post=31878"}],"curies":[{"name":"wp","href":"https:\/\/api.w.org\/{rel}","templated":true}]}}