{"id":31861,"date":"2014-09-26T15:12:09","date_gmt":"2014-09-26T12:12:09","guid":{"rendered":"https:\/\/www.enerjigazetesi.ist\/?p=31861"},"modified":"2014-09-26T15:12:09","modified_gmt":"2014-09-26T12:12:09","slug":"turkiye-hem-elektrik-hem-dogalgazda-us-olma-yonunde-ilerliyor","status":"publish","type":"post","link":"https:\/\/www.enerjigazetesi.ist\/en\/turkiye-hem-elektrik-hem-dogalgazda-us-olma-yonunde-ilerliyor\/","title":{"rendered":"(Turkish) \u201cT\u00fcrkiye, Hem Elektrik Hem Do\u011falgazda \u00dcs Olma Y\u00f6n\u00fcnde \u0130lerliyor\u201d"},"content":{"rendered":"<p class=\"qtranxs-available-languages-message qtranxs-available-languages-message-en\">Sorry, this entry is only available in <a href=\"https:\/\/www.enerjigazetesi.ist\/tr\/wp-json\/wp\/v2\/posts\/31861\" class=\"qtranxs-available-language-link qtranxs-available-language-link-tr\" title=\"Turkish\">Turkish<\/a>. For the sake of viewer convenience, the content is shown below in the alternative language. You may click the link to switch the active language.<\/p><p><strong>EFET Ba\u015fkan\u0131 Styles\u2019dan enerji sekt\u00f6r\u00fcne \u00f6vg\u00fc geldi. Styles \u201cT\u00fcrkiye, hem elektrik hem do\u011falgazda \u00fcs olma y\u00f6n\u00fcnde ilerliyor\u201d dedi.<\/strong><\/p>\n<p>Avrupa Enerji ve Ticareti Federasyonu (EFET) Ba\u015fkan\u0131 Peter Styles, T\u00fcrkiye\u2019nin hem elektrik hem do\u011falgazda \u00fcs olma y\u00f6n\u00fcnde ilerledi\u011fini s\u00f6yledi.<img loading=\"lazy\" class=\"alignright size-medium wp-image-31862\" src=\"https:\/\/www.enerjigazetesi.ist\/wp-content\/uploads\/2014\/09\/elektrik-da\u011f\u0131t\u0131m-hat-3279323-300x200.jpg\" alt=\"elektrik-da\u011f\u0131t\u0131m-hat-3279323\" width=\"300\" height=\"200\" srcset=\"https:\/\/www.enerjigazetesi.ist\/wp-content\/uploads\/2014\/09\/elektrik-da\u011f\u0131t\u0131m-hat-3279323-300x200.jpg 300w, https:\/\/www.enerjigazetesi.ist\/wp-content\/uploads\/2014\/09\/elektrik-da\u011f\u0131t\u0131m-hat-3279323-500x333.jpg 500w, https:\/\/www.enerjigazetesi.ist\/wp-content\/uploads\/2014\/09\/elektrik-da\u011f\u0131t\u0131m-hat-3279323-75x50.jpg 75w, https:\/\/www.enerjigazetesi.ist\/wp-content\/uploads\/2014\/09\/elektrik-da\u011f\u0131t\u0131m-hat-3279323.jpg 870w\" sizes=\"(max-width: 300px) 100vw, 300px\" \/><\/p>\n<p>Styles, \u0130stanbul Kongre ve Fuar Merkezi\u2019nde d\u00fczenlenen T\u00fcrkiye Enerji Zirvesi\u2019nde yapt\u0131\u011f\u0131 sunumda, Avrupa\u2019daki enerji sekt\u00f6r\u00fcne ili\u015fkin bilgiler verdi. Styles, Almanya\u2019n\u0131n Avrupa\u2019da elektrik enerjisinde \u2018\u00fcs\u2019 haline geldi\u011fini belirterek, \u201cT\u00fcrkiye de hem elektrik hem do\u011falgazda \u00fcs olma y\u00f6n\u00fcnde ilerliyor\u201d ifadesini kulland\u0131.<\/p>\n<p>Alman RWE enerji firmas\u0131 \u00fcst d\u00fczey y\u00f6neticisi Markus Enke de T\u00fcrk enerji sekt\u00f6r\u00fcndeki liberalizasyon s\u00fcrecini yak\u0131ndan takip ettiklerini ve yat\u0131r\u0131mlar\u0131na devam edeceklerini s\u00f6yledi. RWE\u2019nin T\u00fcrkiye\u2019ye ilk yat\u0131r\u0131m\u0131 2008 ekonomik krizi s\u0131ras\u0131nda yapt\u0131\u011f\u0131n\u0131 anlatan Enke \u201cT\u00fcrkiye piyasas\u0131ndan kesinlikle \u00e7ekilmeyece\u011fiz\u201d dedi.<\/p>\n<p>Kaynak: Enerji Enstit\u00fcs\u00fc<\/p>","protected":false},"excerpt":{"rendered":"<p>Sorry, this entry is only available in Turkish. For the sake of viewer convenience, the content is shown below in the alternative language. You may click the link to switch the active language.EFET Ba\u015fkan\u0131 Styles\u2019dan enerji sekt\u00f6r\u00fcne \u00f6vg\u00fc geldi. Styles \u201cT\u00fcrkiye, hem elektrik hem do\u011falgazda \u00fcs olma y\u00f6n\u00fcnde ilerliyor\u201d dedi. Avrupa Enerji ve Ticareti Federasyonu [&hellip;]<\/p>\n","protected":false},"author":1,"featured_media":31862,"comment_status":"open","ping_status":"open","sticky":false,"template":"","format":"standard","meta":[],"categories":[46,51,53],"tags":[18415,18416,92,18417,68,18418,18419,426],"views":658,"_links":{"self":[{"href":"https:\/\/www.enerjigazetesi.ist\/en\/wp-json\/wp\/v2\/posts\/31861"}],"collection":[{"href":"https:\/\/www.enerjigazetesi.ist\/en\/wp-json\/wp\/v2\/posts"}],"about":[{"href":"https:\/\/www.enerjigazetesi.ist\/en\/wp-json\/wp\/v2\/types\/post"}],"author":[{"embeddable":true,"href":"https:\/\/www.enerjigazetesi.ist\/en\/wp-json\/wp\/v2\/users\/1"}],"replies":[{"embeddable":true,"href":"https:\/\/www.enerjigazetesi.ist\/en\/wp-json\/wp\/v2\/comments?post=31861"}],"version-history":[{"count":1,"href":"https:\/\/www.enerjigazetesi.ist\/en\/wp-json\/wp\/v2\/posts\/31861\/revisions"}],"predecessor-version":[{"id":31863,"href":"https:\/\/www.enerjigazetesi.ist\/en\/wp-json\/wp\/v2\/posts\/31861\/revisions\/31863"}],"wp:featuredmedia":[{"embeddable":true,"href":"https:\/\/www.enerjigazetesi.ist\/en\/wp-json\/wp\/v2\/media\/31862"}],"wp:attachment":[{"href":"https:\/\/www.enerjigazetesi.ist\/en\/wp-json\/wp\/v2\/media?parent=31861"}],"wp:term":[{"taxonomy":"category","embeddable":true,"href":"https:\/\/www.enerjigazetesi.ist\/en\/wp-json\/wp\/v2\/categories?post=31861"},{"taxonomy":"post_tag","embeddable":true,"href":"https:\/\/www.enerjigazetesi.ist\/en\/wp-json\/wp\/v2\/tags?post=31861"}],"curies":[{"name":"wp","href":"https:\/\/api.w.org\/{rel}","templated":true}]}}