{"id":31834,"date":"2014-09-25T16:34:09","date_gmt":"2014-09-25T13:34:09","guid":{"rendered":"https:\/\/www.enerjigazetesi.ist\/?p=31834"},"modified":"2014-09-25T16:34:09","modified_gmt":"2014-09-25T13:34:09","slug":"turk-savas-gemisi-dogu-akdenizde-sondaj-takibinde","status":"publish","type":"post","link":"https:\/\/www.enerjigazetesi.ist\/en\/turk-savas-gemisi-dogu-akdenizde-sondaj-takibinde\/","title":{"rendered":"(Turkish) T\u00fcrk Sava\u015f Gemisi Do\u011fu Akdeniz\u2019de Sondaj Takibinde!"},"content":{"rendered":"<p class=\"qtranxs-available-languages-message qtranxs-available-languages-message-en\">Sorry, this entry is only available in <a href=\"https:\/\/www.enerjigazetesi.ist\/tr\/wp-json\/wp\/v2\/posts\/31834\" class=\"qtranxs-available-language-link qtranxs-available-language-link-tr\" title=\"Turkish\">Turkish<\/a>. For the sake of viewer convenience, the content is shown below in the alternative language. You may click the link to switch the active language.<\/p><p><strong>T\u00fcrkiye\u2019nin itirazlar\u0131na ra\u011fmen Rum Kesimi, Do\u011fu Akdeniz\u2019de yeni sondaj \u00e7al\u0131\u015fmalar\u0131na ba\u015flad\u0131. Bunun \u00fczerine T\u00fcrk sava\u015f gemisi b\u00f6lgeye g\u00f6nderildi. Rum Savunma Bakan\u0131 T\u00fcrkiye\u2019nin hamlesini \u201cBeklenen bir provokasyon\u201d s\u00f6zleriyle yorumlad\u0131.<\/strong><span id=\"more-67250\"><\/span><\/p>\n<p>K\u0131br\u0131s Rum Y\u00f6netimi, T\u00fcrkiye\u2019nin t\u00fcm itirazlar\u0131na ra\u011fmen Do\u011fu Adeniz\u2019deki do\u011falgaz sondajlar\u0131na bir yenisini daha ekledi.<a href=\"https:\/\/www.enerjigazetesi.ist\/wp-content\/uploads\/2014\/09\/bafra-korveti-T\u00fcrk-sava\u015f-gemisi-277982343.jpg\"><img loading=\"lazy\" class=\"alignright size-medium wp-image-31835\" src=\"https:\/\/www.enerjigazetesi.ist\/wp-content\/uploads\/2014\/09\/bafra-korveti-T\u00fcrk-sava\u015f-gemisi-277982343-300x198.jpg\" alt=\"bafra-korveti-T\u00fcrk-sava\u015f-gemisi-277982343\" width=\"300\" height=\"198\" srcset=\"https:\/\/www.enerjigazetesi.ist\/wp-content\/uploads\/2014\/09\/bafra-korveti-T\u00fcrk-sava\u015f-gemisi-277982343-300x198.jpg 300w, https:\/\/www.enerjigazetesi.ist\/wp-content\/uploads\/2014\/09\/bafra-korveti-T\u00fcrk-sava\u015f-gemisi-277982343-500x331.jpg 500w, https:\/\/www.enerjigazetesi.ist\/wp-content\/uploads\/2014\/09\/bafra-korveti-T\u00fcrk-sava\u015f-gemisi-277982343-75x50.jpg 75w, https:\/\/www.enerjigazetesi.ist\/wp-content\/uploads\/2014\/09\/bafra-korveti-T\u00fcrk-sava\u015f-gemisi-277982343.jpg 870w\" sizes=\"(max-width: 300px) 100vw, 300px\" \/><\/a><\/p>\n<p>\u0130talyan-Kre konsorsiyumuna ait sondaj gemisi, adan\u0131n g\u00fcneyindeki dokuzuncu parselde \u00e7al\u0131\u015fmalara ba\u015flamak \u00fczere Rum Kesimi\u2019ne gitti.<\/p>\n<p>Sondaj gemisi, Rumlar\u0131n tek yanl\u0131 ilan etti\u011fi m\u00fcnhas\u0131r ekonomik b\u00f6lgede do\u011falgaz alan\u0131nda bir bu\u00e7uk y\u0131l s\u00fcreyle sondaj \u00e7al\u0131\u015fmalar\u0131 yapacak.<\/p>\n<p>Geli\u015fmeler \u00fczerine T\u00fcrk Deniz Kuvvetleri\u2019ne ba\u011fl\u0131 Bafra Korveti K\u0131br\u0131s a\u00e7\u0131klar\u0131na gitti.<\/p>\n<p>Bafra korveti, \u0130talyan-Kore konsorsiyumu ad\u0131na \u00e7al\u0131\u015fan Bahama band\u0131ral\u0131 sondaj platform gemisini yak\u0131n takibe ald\u0131. B\u00f6lgedeki t\u00fcm geli\u015fmeler Ankara\u2019ya bildiriyor.<\/p>\n<p>Geli\u015fmeler \u00fczerine Rum Savunma Bakan\u0131 Hristoforos Fokaides a\u00e7\u0131klama yaparak T\u00fcrk Deniz Kuvvetleri Komutanl\u0131\u011f\u0131\u2019na ba\u011fl\u0131 sava\u015f gemisi TCG Bafra korvetinin hareketlerini yak\u0131ndan izlediklerini s\u00f6yledi.<\/p>\n<p>Bakan, K\u0131br\u0131s\u2019\u0131n T\u00fcrk donanmas\u0131na ba\u011fl\u0131 sava\u015f gemisinin b\u00f6lgedeki varl\u0131\u011f\u0131 hakk\u0131nda dost ve m\u00fcttefik \u00fclkeleri bilgilendirdiklerini, K\u0131br\u0131s\u2019\u0131n s\u00f6zde m\u00fcnhas\u0131r ekonomik b\u00f6lgesinde yap\u0131lan sondaj \u00e7al\u0131\u015fmalar\u0131n\u0131n sorunsuz devam etmesi i\u00e7in gerekli \u00f6nlemlerin al\u0131nd\u0131\u011f\u0131n\u0131 belirtti. Bakan bu \u00f6nlemlerin neler oldu\u011funu a\u00e7\u0131klamad\u0131.<\/p>\n<p>Rum bakan Fokaides, Lefko\u015fa\u2019n\u0131n kendi planlar\u0131na devam etti\u011fini belirterek T\u00fcrkiye\u2019nin b\u00f6lgeye sava\u015f gemisi g\u00f6ndermesini \u201cBeklenen bir provokasyon\u201d olarak niteledi.<\/p>\n<p>Rum bakan egemenlik haklar\u0131n\u0131 kullanmaya devam edeceklerini ve sondaj \u00e7al\u0131\u015fmalar\u0131n\u0131 s\u00fcrd\u00fcreceklerini s\u00f6zlerine ekledi.<\/p>\n<p>Kaynak: <a href=\"http:\/\/www.ntvmsnbc.com\/id\/25540176\/\" target=\"_blank\" rel=\"nofollow\">ntvmsnbc<\/a><\/p>","protected":false},"excerpt":{"rendered":"<p>Sorry, this entry is only available in Turkish. For the sake of viewer convenience, the content is shown below in the alternative language. You may click the link to switch the active language.T\u00fcrkiye\u2019nin itirazlar\u0131na ra\u011fmen Rum Kesimi, Do\u011fu Akdeniz\u2019de yeni sondaj \u00e7al\u0131\u015fmalar\u0131na ba\u015flad\u0131. Bunun \u00fczerine T\u00fcrk sava\u015f gemisi b\u00f6lgeye g\u00f6nderildi. Rum Savunma Bakan\u0131 T\u00fcrkiye\u2019nin hamlesini [&hellip;]<\/p>\n","protected":false},"author":1,"featured_media":31835,"comment_status":"open","ping_status":"open","sticky":false,"template":"","format":"standard","meta":[],"categories":[53,44],"tags":[18385,4644,18386,18387,18388,18389,13060,15117,18390,18391],"views":801,"_links":{"self":[{"href":"https:\/\/www.enerjigazetesi.ist\/en\/wp-json\/wp\/v2\/posts\/31834"}],"collection":[{"href":"https:\/\/www.enerjigazetesi.ist\/en\/wp-json\/wp\/v2\/posts"}],"about":[{"href":"https:\/\/www.enerjigazetesi.ist\/en\/wp-json\/wp\/v2\/types\/post"}],"author":[{"embeddable":true,"href":"https:\/\/www.enerjigazetesi.ist\/en\/wp-json\/wp\/v2\/users\/1"}],"replies":[{"embeddable":true,"href":"https:\/\/www.enerjigazetesi.ist\/en\/wp-json\/wp\/v2\/comments?post=31834"}],"version-history":[{"count":1,"href":"https:\/\/www.enerjigazetesi.ist\/en\/wp-json\/wp\/v2\/posts\/31834\/revisions"}],"predecessor-version":[{"id":31836,"href":"https:\/\/www.enerjigazetesi.ist\/en\/wp-json\/wp\/v2\/posts\/31834\/revisions\/31836"}],"wp:featuredmedia":[{"embeddable":true,"href":"https:\/\/www.enerjigazetesi.ist\/en\/wp-json\/wp\/v2\/media\/31835"}],"wp:attachment":[{"href":"https:\/\/www.enerjigazetesi.ist\/en\/wp-json\/wp\/v2\/media?parent=31834"}],"wp:term":[{"taxonomy":"category","embeddable":true,"href":"https:\/\/www.enerjigazetesi.ist\/en\/wp-json\/wp\/v2\/categories?post=31834"},{"taxonomy":"post_tag","embeddable":true,"href":"https:\/\/www.enerjigazetesi.ist\/en\/wp-json\/wp\/v2\/tags?post=31834"}],"curies":[{"name":"wp","href":"https:\/\/api.w.org\/{rel}","templated":true}]}}