{"id":31821,"date":"2014-09-25T16:07:03","date_gmt":"2014-09-25T13:07:03","guid":{"rendered":"https:\/\/www.enerjigazetesi.ist\/?p=31821"},"modified":"2014-09-25T16:07:03","modified_gmt":"2014-09-25T13:07:03","slug":"nukleere-temiz-enerji-kaynagi-olarak-bakilabilir","status":"publish","type":"post","link":"https:\/\/www.enerjigazetesi.ist\/en\/nukleere-temiz-enerji-kaynagi-olarak-bakilabilir\/","title":{"rendered":"(Turkish) \u201cN\u00fckleere Temiz Enerji Kayna\u011f\u0131 Olarak Bak\u0131labilir\u201d"},"content":{"rendered":"<p class=\"qtranxs-available-languages-message qtranxs-available-languages-message-en\">Sorry, this entry is only available in <a href=\"https:\/\/www.enerjigazetesi.ist\/tr\/wp-json\/wp\/v2\/posts\/31821\" class=\"qtranxs-available-language-link qtranxs-available-language-link-tr\" title=\"Turkish\">Turkish<\/a>. For the sake of viewer convenience, the content is shown below in the alternative language. You may click the link to switch the active language.<\/p><p><strong>Ankara\u2019da bulunan T\u00fcrk H\u0131zland\u0131r\u0131c\u0131 Merkezi\u2019nin Proton H\u0131zland\u0131r\u0131c\u0131s\u0131 Projesi Koordinat\u00f6r Yard\u0131mc\u0131s\u0131 Prof. Dr. Emel Al\u011f\u0131n, \u201cN\u00fckleere temiz enerji kayna\u011f\u0131 olarak bakmak m\u00fcmk\u00fcn. \u00c7evrecilerin kar\u015f\u0131 \u00e7\u0131kt\u0131\u011f\u0131 nokta n\u00fckleer kazalar ve at\u0131klar problemi. N\u00fckleer enerji yo\u011fun bir enerji oldu\u011fundan, santrallerin s\u0131k\u0131 g\u00fcvenlik \u00f6nlemleriyle donat\u0131lmas\u0131 gerekir\u201d dedi.<a href=\"https:\/\/www.enerjigazetesi.ist\/wp-content\/uploads\/2014\/06\/akkuyu-n\u00fckleer-santral-reant\u00f6R.jpg\"><img loading=\"lazy\" class=\"alignleft size-medium wp-image-27778\" src=\"https:\/\/www.enerjigazetesi.ist\/wp-content\/uploads\/2014\/06\/akkuyu-n\u00fckleer-santral-reant\u00f6R-300x148.jpg\" alt=\"akkuyu-n\u00fckleer-santral-reant\u00f6R\" width=\"300\" height=\"148\" srcset=\"https:\/\/www.enerjigazetesi.ist\/wp-content\/uploads\/2014\/06\/akkuyu-n\u00fckleer-santral-reant\u00f6R-300x148.jpg 300w, https:\/\/www.enerjigazetesi.ist\/wp-content\/uploads\/2014\/06\/akkuyu-n\u00fckleer-santral-reant\u00f6R-1024x508.jpg 1024w, https:\/\/www.enerjigazetesi.ist\/wp-content\/uploads\/2014\/06\/akkuyu-n\u00fckleer-santral-reant\u00f6R-500x248.jpg 500w, https:\/\/www.enerjigazetesi.ist\/wp-content\/uploads\/2014\/06\/akkuyu-n\u00fckleer-santral-reant\u00f6R-80x39.jpg 80w, https:\/\/www.enerjigazetesi.ist\/wp-content\/uploads\/2014\/06\/akkuyu-n\u00fckleer-santral-reant\u00f6R.jpg 1045w\" sizes=\"(max-width: 300px) 100vw, 300px\" \/><\/a><\/strong><span id=\"more-67257\"><\/span><\/p>\n<p>Eski\u015fehir Osmangazi \u00dcniversitesi (ESOG\u00dc) Fizik B\u00f6l\u00fcm\u00fc N\u00fckleer Fizik Ana Bilim Dal\u0131 Ba\u015fkan\u0131 da olan Al\u011f\u0131n, AA muhabirine yapt\u0131\u011f\u0131 a\u00e7\u0131klamada T\u00fcrkiye\u2019de 1956 y\u0131l\u0131nda Atom Enerjisi Komisyonu\u2019nun kuruldu\u011funu ve 1976 y\u0131l\u0131nda ilk defa Akkuyu\u2019ya n\u00fckleer santral yap\u0131lmas\u0131 ama\u00e7l\u0131 yer lisans\u0131 verildi\u011fini kaydetti.<\/p>\n<p>Enerji ve Tabii Kaynaklar Bakanl\u0131\u011f\u0131 taraf\u0131ndan \u00f6n\u00fcm\u00fczdeki 10 y\u0131lda T\u00fcrkiye\u2019deki enerji ihtiyac\u0131n\u0131n iki kat\u0131na \u00e7\u0131kaca\u011f\u0131n\u0131n tahmin edildi\u011fini aktaran Al\u011f\u0131n, \u015f\u00f6yle konu\u015ftu:<\/p>\n<p>\u201cT\u00fcrkiye, enerji konusunda d\u0131\u015fa ba\u011f\u0131ml\u0131 bir \u00fclke. Artan enerji ihtiyac\u0131nda d\u0131\u015fa ba\u011f\u0131ml\u0131l\u0131\u011f\u0131 azaltmak \u00fczerine politikalar geli\u015ftirilmelidir. Enerji kaynaklar\u0131n\u0131n geneline bak\u0131ld\u0131\u011f\u0131nda r\u00fczgar, g\u00fcne\u015f, hidroenerji gibi kaynaklar\u0131n verimi d\u00fc\u015f\u00fckt\u00fcr. N\u00fckleer enerjiye bakacak olursak verimi olduk\u00e7a y\u00fcksek yo\u011fun bir enerji kayna\u011f\u0131d\u0131r. \u00d6rne\u011fin 1 gram uranyum 2.5 ton k\u00f6m\u00fcre e\u015fde\u011ferdir. A\u00e7\u0131\u011fa \u00e7\u0131kan enerji olarak k\u0131yaslayacak olursak, bir fosil yak\u0131ttaki karbon atomunun yanmas\u0131ndan 4 birim enerji a\u00e7\u0131\u011fa \u00e7\u0131karken bir uranyum atomunun par\u00e7alanmas\u0131ndan 200 birim enerji a\u00e7\u0131\u011fa \u00e7\u0131kar. Bu durum n\u00fckleer enerjinin neden vazge\u00e7ilmez oldu\u011funu a\u00e7\u0131kl\u0131yor san\u0131yorum. T\u00fcrkiye bu nedenle enerji politikalar\u0131na n\u00fckleer enerjiyi ekliyor.\u201d<\/p>\n<h3>D\u00fcnya Elektrik Talebinin Y\u00fczde 13.5\u2032ini Kar\u015f\u0131l\u0131yor<\/h3>\n<p>Al\u011f\u0131n, \u00fclkelerin n\u00fckleer enerjiden vazge\u00e7medi\u011fini belirterek, sadece birka\u00e7 \u00fclkenin n\u00fckleer santrallerin kurulmas\u0131 konusunu ask\u0131ya ald\u0131\u011f\u0131n\u0131 bildirdi.<\/p>\n<p>Almanya, \u0130talya, \u0130svi\u00e7re ve Bel\u00e7ika\u2019n\u0131n n\u00fckleer santral kurulmas\u0131n\u0131 ask\u0131ya ald\u0131\u011f\u0131n\u0131 anlatan Al\u011f\u0131n, \u015f\u00f6yle devam etti:<\/p>\n<p>\u201cD\u00fcnyada bulunan 434 n\u00fckleer santral 373 gigawatt g\u00fcc\u00fcnde elektrik \u00fcreterek d\u00fcnyaki elektrik talebinin y\u00fczde 13.5\u2032ini kar\u015f\u0131lamaktad\u0131r. Fukushima kazas\u0131 genel olarak n\u00fckleer g\u00fcc\u00fcn b\u00fcy\u00fcmesini bir miktar yava\u015flatm\u0131\u015ft\u0131r fakat durdurmam\u0131\u015ft\u0131r. N\u00fckleer santraller tar\u0131m \u00fcr\u00fcnlerine ve \u00e7evreye zarar vermez. D\u0131\u015far\u0131ya kimyasal madde sal\u0131nmaz. N\u00fckleer santraller i\u00e7in depremler, bir risktir. T\u00fcrkiye gibi Japonya da bir deprem b\u00f6lgesi. Japonya\u2019da n\u00fckleer santrallerin say\u0131s\u0131 48\u2032dir. Hala santral kullanmaya ve yapmaya devam ediyorlar.\u201d<\/p>\n<p>Al\u011f\u0131n, d\u00fcnyan\u0131n k\u00fcresel \u0131s\u0131nma gibi probleminin bulundu\u011funu hat\u0131rlatarak, k\u00f6m\u00fcr, petrol gibi fosil yak\u0131tlar\u0131n yanmas\u0131ndan sera gaz\u0131 a\u00e7\u0131\u011fa \u00e7\u0131kt\u0131\u011f\u0131n\u0131 vurgulad\u0131.<\/p>\n<p>N\u00fckleer enerjinin \u00fcretimi s\u0131ras\u0131nda sera gaz\u0131n\u0131n sal\u0131nmad\u0131\u011f\u0131na de\u011finen Al\u011f\u0131n, \u201cBu a\u00e7\u0131dan bakt\u0131\u011f\u0131m\u0131zda n\u00fckleere temiz enerji kayna\u011f\u0131 olarak bakmak m\u00fcmk\u00fcn. \u00c7evrecilerin kar\u015f\u0131 \u00e7\u0131kt\u0131\u011f\u0131 nokta n\u00fckleer kazalar ve at\u0131klar problemi. N\u00fckleer enerji yo\u011fun bir enerji oldu\u011fundan, santrallerin s\u0131k\u0131 g\u00fcvenlik \u00f6nlemleriyle donat\u0131lmas\u0131 gerekir\u201d diye konu\u015ftu.<\/p>\n<p>Kaynak: <a href=\"http:\/\/www.sondakika.com\/haber\/haber-nukleere-temiz-enerji-kaynagi-olarak-bakilabilir-6517587\/\" target=\"_blank\" rel=\"nofollow\">son dakika<\/a><\/p>","protected":false},"excerpt":{"rendered":"<p>Sorry, this entry is only available in Turkish. For the sake of viewer convenience, the content is shown below in the alternative language. You may click the link to switch the active language.Ankara\u2019da bulunan T\u00fcrk H\u0131zland\u0131r\u0131c\u0131 Merkezi\u2019nin Proton H\u0131zland\u0131r\u0131c\u0131s\u0131 Projesi Koordinat\u00f6r Yard\u0131mc\u0131s\u0131 Prof. Dr. Emel Al\u011f\u0131n, \u201cN\u00fckleere temiz enerji kayna\u011f\u0131 olarak bakmak m\u00fcmk\u00fcn. \u00c7evrecilerin kar\u015f\u0131 [&hellip;]<\/p>\n","protected":false},"author":1,"featured_media":30647,"comment_status":"open","ping_status":"open","sticky":false,"template":"","format":"standard","meta":[],"categories":[53,43],"tags":[1026,18370,18371,1800,227,377,1675,21,18372,59,69,2918,18373,12635],"views":793,"_links":{"self":[{"href":"https:\/\/www.enerjigazetesi.ist\/en\/wp-json\/wp\/v2\/posts\/31821"}],"collection":[{"href":"https:\/\/www.enerjigazetesi.ist\/en\/wp-json\/wp\/v2\/posts"}],"about":[{"href":"https:\/\/www.enerjigazetesi.ist\/en\/wp-json\/wp\/v2\/types\/post"}],"author":[{"embeddable":true,"href":"https:\/\/www.enerjigazetesi.ist\/en\/wp-json\/wp\/v2\/users\/1"}],"replies":[{"embeddable":true,"href":"https:\/\/www.enerjigazetesi.ist\/en\/wp-json\/wp\/v2\/comments?post=31821"}],"version-history":[{"count":1,"href":"https:\/\/www.enerjigazetesi.ist\/en\/wp-json\/wp\/v2\/posts\/31821\/revisions"}],"predecessor-version":[{"id":31822,"href":"https:\/\/www.enerjigazetesi.ist\/en\/wp-json\/wp\/v2\/posts\/31821\/revisions\/31822"}],"wp:featuredmedia":[{"embeddable":true,"href":"https:\/\/www.enerjigazetesi.ist\/en\/wp-json\/wp\/v2\/media\/30647"}],"wp:attachment":[{"href":"https:\/\/www.enerjigazetesi.ist\/en\/wp-json\/wp\/v2\/media?parent=31821"}],"wp:term":[{"taxonomy":"category","embeddable":true,"href":"https:\/\/www.enerjigazetesi.ist\/en\/wp-json\/wp\/v2\/categories?post=31821"},{"taxonomy":"post_tag","embeddable":true,"href":"https:\/\/www.enerjigazetesi.ist\/en\/wp-json\/wp\/v2\/tags?post=31821"}],"curies":[{"name":"wp","href":"https:\/\/api.w.org\/{rel}","templated":true}]}}