{"id":31781,"date":"2014-09-24T12:47:14","date_gmt":"2014-09-24T09:47:14","guid":{"rendered":"https:\/\/www.enerjigazetesi.ist\/?p=31781"},"modified":"2014-09-24T12:47:33","modified_gmt":"2014-09-24T09:47:33","slug":"binalar-simdi-yesilleniyor","status":"publish","type":"post","link":"https:\/\/www.enerjigazetesi.ist\/en\/binalar-simdi-yesilleniyor\/","title":{"rendered":"(Turkish) Binalar \u015eimdi Ye\u015filleniyor!"},"content":{"rendered":"<p class=\"qtranxs-available-languages-message qtranxs-available-languages-message-en\">Sorry, this entry is only available in <a href=\"https:\/\/www.enerjigazetesi.ist\/tr\/wp-json\/wp\/v2\/posts\/31781\" class=\"qtranxs-available-language-link qtranxs-available-language-link-tr\" title=\"Turkish\">Turkish<\/a>. For the sake of viewer convenience, the content is shown below in the alternative language. You may click the link to switch the active language.<\/p><p><strong>S\u00fcrd\u00fcr\u00fclebilir \u00dcretim ve T\u00fcketim Derne\u011fi (SUT-D) Ba\u015fkan Yard\u0131mc\u0131s\u0131 ve Enerji Kurulu Ba\u015fkan\u0131 Prof. Dr. Filiz Karaosmano\u011flu:<\/strong><\/p>\n<p><strong>&#8220;\u00c7evresel yat\u0131r\u0131m olarak kar\u015f\u0131m\u0131za \u00e7\u0131kan ye\u015fil binalar ya\u015fam kalitesini art\u0131rd\u0131\u011f\u0131 gibi genel giderleri de ciddi \u015fekilde d\u00fc\u015f\u00fcr\u00fcyor&#8221;<\/strong><\/p>\n<p><strong>&#8220;Bug\u00fcn \u00e7ok fazla \u00f6nemsenmese de yar\u0131n konut ve ofis tercihinde vazge\u00e7ilemez ve bir numaral\u0131 kriter ye\u015fil bina sertifikas\u0131 olacak&#8221;<\/strong><\/p>\n<p>\u0130stanbul Teknik \u00dcniversitesi \u00d6\u011fretim \u00dcyesi, S\u00fcrd\u00fcr\u00fclebilir \u00dcretim ve T\u00fcketim Derne\u011fi (SUT-D) Ba\u015fkan Yard\u0131mc\u0131s\u0131 ve Enerji Kurulu Ba\u015fkan\u0131 Prof. Dr. Filiz Karaosmano\u011flu, \u015fu an \u00e7evresel yat\u0131r\u0131m olarak de\u011ferlendirilen ye\u015fil binalar\u0131n ya\u015fam kalitesini art\u0131rd\u0131\u011f\u0131 gibi genel giderleri de ciddi \u015fekilde d\u00fc\u015f\u00fcrd\u00fc\u011f\u00fcn\u00fc ifade ederek, &#8220;Bug\u00fcn \u00e7ok fazla \u00f6nemsenmese de yar\u0131n konut ve ofis tercihinde vazge\u00e7ilemez bir numar<a href=\"https:\/\/www.enerjigazetesi.ist\/wp-content\/uploads\/2014\/09\/binalar-simdi-yesilleniyor.jpg\"><img loading=\"lazy\" class=\"alignleft size-medium wp-image-31782\" src=\"https:\/\/www.enerjigazetesi.ist\/wp-content\/uploads\/2014\/09\/binalar-simdi-yesilleniyor-300x235.jpg\" alt=\"binalar-simdi-yesilleniyor\" width=\"300\" height=\"235\" srcset=\"https:\/\/www.enerjigazetesi.ist\/wp-content\/uploads\/2014\/09\/binalar-simdi-yesilleniyor-300x235.jpg 300w, https:\/\/www.enerjigazetesi.ist\/wp-content\/uploads\/2014\/09\/binalar-simdi-yesilleniyor-500x392.jpg 500w, https:\/\/www.enerjigazetesi.ist\/wp-content\/uploads\/2014\/09\/binalar-simdi-yesilleniyor-63x50.jpg 63w, https:\/\/www.enerjigazetesi.ist\/wp-content\/uploads\/2014\/09\/binalar-simdi-yesilleniyor.jpg 600w\" sizes=\"(max-width: 300px) 100vw, 300px\" \/><\/a>al\u0131 kriter ye\u015fil bina sertifikas\u0131 olacak&#8221; dedi.<\/p>\n<p>Karaosmano\u011flu, Ye\u015fil Bina Haftas\u0131 nedeniyle yapt\u0131\u011f\u0131 a\u00e7\u0131klamada, t\u00fcm \u00f6nlemlere kar\u015f\u0131n her ge\u00e7en g\u00fcn kirlenen yerk\u00fcremizde her sekt\u00f6r\u00fcn kendi a\u00e7\u0131s\u0131ndan \u00e7evreyi korumak i\u00e7in yeni aray\u0131\u015flara girdi\u011fini ifade etti.<\/p>\n<p>De\u011fi\u015fen ve geli\u015fen teknoloji ile yol alan in\u015faat sekt\u00f6r\u00fcnde modern d\u00fcnyan\u0131n \u00e7evre dostu ye\u015fil binalara e\u011filiminin artt\u0131\u011f\u0131n\u0131 kaydeden Dr. Karaosmano\u011flu, \u015funlar\u0131 s\u00f6yledi:<\/p>\n<p>&#8220;Ye\u015fil binalar gelece\u011fin hem \u00fcretim, hem de ya\u015fam s\u00fcrecinde daha az enerji t\u00fcketen ve do\u011faya zarar vermeyen malzemelerin, kimyasallar\u0131n kullan\u0131ld\u0131\u011f\u0131 yap\u0131lar\u0131 olacak. \u00c7evreye olumsuz etkisi en aza indirilmi\u015f, enerji verimlili\u011fi ve geri d\u00f6n\u00fc\u015f\u00fcm\u00fcn yan\u0131 s\u0131ra ev sahiplerinin konforunun da b\u00fcy\u00fck oranda d\u00fc\u015f\u00fcn\u00fcld\u00fc\u011f\u00fc ye\u015fil binalar, \u00fclkemizde \u015fu an \u0130stanbul, k\u0131smen de Ankara&#8217;da yava\u015f yava\u015f kendini g\u00f6steriyor. \u00d6zellikle \u00e7evresel yat\u0131r\u0131m olarak kar\u015f\u0131m\u0131za \u00e7\u0131kan ye\u015fil binalar ya\u015fam kalitesini art\u0131rd\u0131\u011f\u0131 gibi konut ve ofis sahiplerinin en b\u00fcy\u00fck \u015fikayet konusu olan genel giderleri de ciddi \u015fekilde d\u00fc\u015f\u00fcr\u00fcyor. Artan aidatlar, giderler ki\u015fileri kendi evlerinde kirac\u0131 konumuna getiriyor. Kim kendi evinde kirac\u0131 pozisyonunda olmak ister? \u0130\u015fte bu nedenle bug\u00fcn \u00e7ok fazla \u00f6nemsenmese de hem maliyetler, hem de \u00e7evre bilincinin artmas\u0131 nedeniyle, yar\u0131n konut ve ofis tercihinde bir numaral\u0131 kriter ye\u015fil bina sertifikas\u0131 olacak.&#8221;<\/p>\n<p>Karaosmano\u011flu, iklim de\u011fi\u015fikli\u011fi \u00fczerinde binalar\u0131n pay\u0131n\u0131n g\u00fcn\u00fcm\u00fczde ciddi orana y\u00fckseldi\u011fini belirterek ye\u015fil binalar\u0131n &#8220;gelecek nesillere b\u0131rak\u0131lmas\u0131 vaat edilen temiz d\u00fcnya&#8221; i\u00e7in b\u00fcy\u00fck \u00f6nem ta\u015f\u0131d\u0131\u011f\u0131n\u0131n da alt\u0131n\u0131 \u00e7izdi. \u201cBinalar i\u00e7in kullan\u0131lan in\u015faat malzemeleri ve yap\u0131 kimyasallar\u0131 s\u00fcrd\u00fcr\u00fclebilir \u00fcretimin \u00fcr\u00fcnleri olmal\u0131d\u0131r. \u0130n\u015faat s\u00fcrecinin toprak-hava-su etkisi en aza indirilmelidir. Ard\u0131ndan binada enerji, at\u0131k ve su y\u00f6netimi s\u00fcrd\u00fcr\u00fclebilir ilerlemelidir \u201c diyen Prof. Karaosmano\u011flu ev al\u0131m ve kiralamalar\u0131nda t\u00fcketicileri bilin\u00e7li olmaya davet ederek g\u00fcn\u00fcm\u00fczde ye\u015fil binaya yat\u0131r\u0131m yapanlar gelecekte karl\u0131 \u00e7\u0131kacak&#8221; dedi.<\/p>\n<p>Yay\u0131nc\u0131: <a href=\"https:\/\/www.enerjigazetesi.ist\" target=\"_blank\">Enerji Gazetesi<\/a><\/p>","protected":false},"excerpt":{"rendered":"<p>Sorry, this entry is only available in Turkish. For the sake of viewer convenience, the content is shown below in the alternative language. You may click the link to switch the active language.S\u00fcrd\u00fcr\u00fclebilir \u00dcretim ve T\u00fcketim Derne\u011fi (SUT-D) Ba\u015fkan Yard\u0131mc\u0131s\u0131 ve Enerji Kurulu Ba\u015fkan\u0131 Prof. Dr. Filiz Karaosmano\u011flu: &#8220;\u00c7evresel yat\u0131r\u0131m olarak kar\u015f\u0131m\u0131za \u00e7\u0131kan ye\u015fil binalar [&hellip;]<\/p>\n","protected":false},"author":1,"featured_media":31782,"comment_status":"open","ping_status":"open","sticky":false,"template":"","format":"standard","meta":[],"categories":[53,52],"tags":[63,67,1009,165,1999,1471,18346,18344,18345,18347,55],"views":685,"_links":{"self":[{"href":"https:\/\/www.enerjigazetesi.ist\/en\/wp-json\/wp\/v2\/posts\/31781"}],"collection":[{"href":"https:\/\/www.enerjigazetesi.ist\/en\/wp-json\/wp\/v2\/posts"}],"about":[{"href":"https:\/\/www.enerjigazetesi.ist\/en\/wp-json\/wp\/v2\/types\/post"}],"author":[{"embeddable":true,"href":"https:\/\/www.enerjigazetesi.ist\/en\/wp-json\/wp\/v2\/users\/1"}],"replies":[{"embeddable":true,"href":"https:\/\/www.enerjigazetesi.ist\/en\/wp-json\/wp\/v2\/comments?post=31781"}],"version-history":[{"count":1,"href":"https:\/\/www.enerjigazetesi.ist\/en\/wp-json\/wp\/v2\/posts\/31781\/revisions"}],"predecessor-version":[{"id":31783,"href":"https:\/\/www.enerjigazetesi.ist\/en\/wp-json\/wp\/v2\/posts\/31781\/revisions\/31783"}],"wp:featuredmedia":[{"embeddable":true,"href":"https:\/\/www.enerjigazetesi.ist\/en\/wp-json\/wp\/v2\/media\/31782"}],"wp:attachment":[{"href":"https:\/\/www.enerjigazetesi.ist\/en\/wp-json\/wp\/v2\/media?parent=31781"}],"wp:term":[{"taxonomy":"category","embeddable":true,"href":"https:\/\/www.enerjigazetesi.ist\/en\/wp-json\/wp\/v2\/categories?post=31781"},{"taxonomy":"post_tag","embeddable":true,"href":"https:\/\/www.enerjigazetesi.ist\/en\/wp-json\/wp\/v2\/tags?post=31781"}],"curies":[{"name":"wp","href":"https:\/\/api.w.org\/{rel}","templated":true}]}}