{"id":31769,"date":"2014-09-24T12:18:09","date_gmt":"2014-09-24T09:18:09","guid":{"rendered":"https:\/\/www.enerjigazetesi.ist\/?p=31769"},"modified":"2014-09-24T12:18:09","modified_gmt":"2014-09-24T09:18:09","slug":"dunyada-ruzgar-enerjisi-kullanimi-yayginlasiyor","status":"publish","type":"post","link":"https:\/\/www.enerjigazetesi.ist\/en\/dunyada-ruzgar-enerjisi-kullanimi-yayginlasiyor\/","title":{"rendered":"(Turkish) D\u00fcnya\u2019da R\u00fczgar Enerjisi Kullan\u0131m\u0131 Yayg\u0131nla\u015f\u0131yor!"},"content":{"rendered":"<p class=\"qtranxs-available-languages-message qtranxs-available-languages-message-en\">Sorry, this entry is only available in <a href=\"https:\/\/www.enerjigazetesi.ist\/tr\/wp-json\/wp\/v2\/posts\/31769\" class=\"qtranxs-available-language-link qtranxs-available-language-link-tr\" title=\"Turkish\">Turkish<\/a>. For the sake of viewer convenience, the content is shown below in the alternative language. You may click the link to switch the active language.<\/p><p><strong>R\u00fczgar enerjisi kullan\u0131m\u0131 h\u0131zla yayg\u0131nla\u015f\u0131yor, d\u00fcnya \u00e7ap\u0131nda 100 \u00fclkede \u00fcretilen r\u00fczg\u00e2r enerjisi, k\u00fcresel elektrik ihtiyac\u0131n\u0131n y\u00fczde 4\u2019\u00fcn\u00fc kar\u015f\u0131l\u0131yor, bu konuda \u00f6nc\u00fc Danimarka, \u015fu anda \u00fcretimin lideri ise \u0130ngiltere.<\/strong><span id=\"more-67231\"><\/span><\/p>\n<p>En fazla r\u00fczg\u00e2r t\u00fcrbini Avrupa, Asya ve Kuzey Amerika\u2019da bulunuyor. Baz\u0131 G\u00fcney Amerika ve Do\u011fu Avrupa \u00fclkelerinde de r\u00fczg\u00e2r enerjisinde patlama ya\u015fan\u0131yor. D\u00fcnya \u00e7ap\u0131nda 100 \u00fclkede \u00fcretilen r\u00fczg\u00e2r enerjisi, k\u00fcresel elektrik ihtiyac\u0131n\u0131n y\u00fczde 4\u2019\u00fcn\u00fc kar\u015f\u0131l\u0131yor.R\u00fczg\u00e2r enerjisi iklim dostu oldu\u011fu gibi enerji krizlerinden etkilenmiyor ve ithal edilmesi gerekmi<a href=\"https:\/\/www.enerjigazetesi.ist\/wp-content\/uploads\/2014\/09\/dunyada-ruzgar-enerjisi-kullanimi-yayginlasiyor.jpg\"><img loading=\"lazy\" class=\"alignright size-medium wp-image-31770\" src=\"https:\/\/www.enerjigazetesi.ist\/wp-content\/uploads\/2014\/09\/dunyada-ruzgar-enerjisi-kullanimi-yayginlasiyor-300x213.jpg\" alt=\"dunyada-ruzgar-enerjisi-kullanimi-yayginlasiyor\" width=\"300\" height=\"213\" srcset=\"https:\/\/www.enerjigazetesi.ist\/wp-content\/uploads\/2014\/09\/dunyada-ruzgar-enerjisi-kullanimi-yayginlasiyor-300x213.jpg 300w, https:\/\/www.enerjigazetesi.ist\/wp-content\/uploads\/2014\/09\/dunyada-ruzgar-enerjisi-kullanimi-yayginlasiyor-500x355.jpg 500w, https:\/\/www.enerjigazetesi.ist\/wp-content\/uploads\/2014\/09\/dunyada-ruzgar-enerjisi-kullanimi-yayginlasiyor-70x50.jpg 70w, https:\/\/www.enerjigazetesi.ist\/wp-content\/uploads\/2014\/09\/dunyada-ruzgar-enerjisi-kullanimi-yayginlasiyor.jpg 600w\" sizes=\"(max-width: 300px) 100vw, 300px\" \/><\/a>yor. \u00dcstelik di\u011fer enerji t\u00fcrleriyle kar\u015f\u0131la\u015ft\u0131r\u0131ld\u0131\u011f\u0131nda daha ucuz. R\u00fczg\u00e2r enerjisinin bir kilovat saatlik maliyeti 5 ila 10 sent aras\u0131nda.R\u00fczg\u00e2r t\u00fcrbinlerinin art\u0131k \u00e7e\u015fitli boylar\u0131 var. Daha k\u00fc\u00e7\u00fck r\u00fczg\u00e2r t\u00fcrbinleri k\u00fc\u00e7\u00fck bir k\u00f6y\u00fcn ya da Peru\u2019daki bu foto\u011frafta oldu\u011fu gibi bir ka\u00e7 evin enerji ihtiyac\u0131n\u0131 ayn\u0131 anda kar\u015f\u0131layabiliyor.<\/p>\n<p>K\u00fc\u00e7\u00fck r\u00fczg\u00e2r t\u00fcrbinlerine olan arz ve talep d\u00fcnya \u00e7ap\u0131nda b\u00fcy\u00fcmeye devam ediyor.R\u00fczg\u00e2r \u00e7iftlikleri de s\u00fcrekli b\u00fcy\u00fcme kaydediyor. R\u00fczg\u00e2r\u0131n az oldu\u011fu yerlerde ve ormanl\u0131k alanlarda kurulan r\u00fczg\u00e2r t\u00fcrbinleri olduk\u00e7a verimli. Kulelerin y\u00fcksek ve kanatlar\u0131n b\u00fcy\u00fck olabilmesi, verimlili\u011fi art\u0131r\u0131yor. Bu konuda \u00f6nc\u00fc olan Almanya\u2019da, daha az r\u00fczg\u00e2r alan i\u00e7 kesimlerde kurulan t\u00fcrbinlerin say\u0131s\u0131 art\u0131yor.<\/p>\n<p>Di\u011fer \u00fclkeler de \u015fimdi bu trendi takip ediyor.Hen\u00fcz denizden elde edilen r\u00fczg\u00e2r enerjisi miktar\u0131 di\u011fer alanlara nazaran daha d\u00fc\u015f\u00fck. Kurulumu ve bak\u0131m\u0131 pahal\u0131, elektrik \u00fcretim maliyeti karadakinin iki kat\u0131. \u0130ngilizler 3 gigavatl\u0131k \u00fcretimle bu konuda \u015fu ana kadar lider.T\u00fcm d\u00fcnyada r\u00fczg\u00e2r enerjisinin \u00f6nc\u00fcs\u00fc, Danimarka. Bug\u00fcn elektrik ihtiyac\u0131n\u0131n yakla\u015f\u0131k y\u00fczde 40\u2019\u0131n\u0131 r\u00fczg\u00e2rdan kar\u015f\u0131layan \u00fclke, bu oran\u0131 2020\u2019de y\u00fczde 50\u2019ye \u00e7\u0131karacak. Uzmanlar 2050\u2019ye kadar t\u00fcm d\u00fcnyada, enerji \u00fcretiminde r\u00fczg\u00e2r enerjisi pay\u0131n\u0131n y\u00fczde 40\u2019a \u00e7\u0131kmas\u0131n\u0131n m\u00fcmk\u00fcn oldu\u011funu kaydediyor.Burada elektroliz yard\u0131m\u0131yla r\u00fczg\u00e2r enerjisinden hidrojen elde ediliyor. Hidrojen gaz\u0131 depolanarak daha sonra kullan\u0131labiliyor.<\/p>\n<p>Almanya\u2019da pilot tesisler kuruldu. Bu teknoloji \u00fclkenin enerji d\u00f6n\u00fc\u015f\u00fcm\u00fcnde \u00f6nemli rol oynayacak.Do\u011fu Almanya\u2019daki Schlalach k\u00f6y\u00fcnde oldu\u011fu gibi r\u00fczg\u00e2r \u00e7iftliklerinin sahipleri o y\u00f6rede ya\u015fayan insanlar. Elektrik sat\u0131\u015f\u0131ndan elde edilen gelirden hepsi fayda sa\u011fl\u0131yor. Bu anlay\u0131\u015f d\u00fcnya \u00e7ap\u0131nda gelece\u011fin projesi olarak nitelendiriliyor ve geni\u015f kabul g\u00f6r\u00fcyor.<\/p>\n<p>Kaynak: <a href=\"http:\/\/www.dw.de\/d%C3%BCnyada-r%C3%BCzg%C3%A2r-enerjisi-kullanimi-yayginla%C5%9Fiyor\/g-16842036\" target=\"_blank\" rel=\"nofollow\">Deutsche Welle<\/a><\/p>","protected":false},"excerpt":{"rendered":"<p>Sorry, this entry is only available in Turkish. For the sake of viewer convenience, the content is shown below in the alternative language. You may click the link to switch the active language.R\u00fczgar enerjisi kullan\u0131m\u0131 h\u0131zla yayg\u0131nla\u015f\u0131yor, d\u00fcnya \u00e7ap\u0131nda 100 \u00fclkede \u00fcretilen r\u00fczg\u00e2r enerjisi, k\u00fcresel elektrik ihtiyac\u0131n\u0131n y\u00fczde 4\u2019\u00fcn\u00fc kar\u015f\u0131l\u0131yor, bu konuda \u00f6nc\u00fc Danimarka, \u015fu [&hellip;]<\/p>\n","protected":false},"author":1,"featured_media":31770,"comment_status":"open","ping_status":"open","sticky":false,"template":"","format":"standard","meta":[],"categories":[53,50],"tags":[10958,63,67,1009,165,18336,69,16,18337,324],"views":1000,"_links":{"self":[{"href":"https:\/\/www.enerjigazetesi.ist\/en\/wp-json\/wp\/v2\/posts\/31769"}],"collection":[{"href":"https:\/\/www.enerjigazetesi.ist\/en\/wp-json\/wp\/v2\/posts"}],"about":[{"href":"https:\/\/www.enerjigazetesi.ist\/en\/wp-json\/wp\/v2\/types\/post"}],"author":[{"embeddable":true,"href":"https:\/\/www.enerjigazetesi.ist\/en\/wp-json\/wp\/v2\/users\/1"}],"replies":[{"embeddable":true,"href":"https:\/\/www.enerjigazetesi.ist\/en\/wp-json\/wp\/v2\/comments?post=31769"}],"version-history":[{"count":1,"href":"https:\/\/www.enerjigazetesi.ist\/en\/wp-json\/wp\/v2\/posts\/31769\/revisions"}],"predecessor-version":[{"id":31771,"href":"https:\/\/www.enerjigazetesi.ist\/en\/wp-json\/wp\/v2\/posts\/31769\/revisions\/31771"}],"wp:featuredmedia":[{"embeddable":true,"href":"https:\/\/www.enerjigazetesi.ist\/en\/wp-json\/wp\/v2\/media\/31770"}],"wp:attachment":[{"href":"https:\/\/www.enerjigazetesi.ist\/en\/wp-json\/wp\/v2\/media?parent=31769"}],"wp:term":[{"taxonomy":"category","embeddable":true,"href":"https:\/\/www.enerjigazetesi.ist\/en\/wp-json\/wp\/v2\/categories?post=31769"},{"taxonomy":"post_tag","embeddable":true,"href":"https:\/\/www.enerjigazetesi.ist\/en\/wp-json\/wp\/v2\/tags?post=31769"}],"curies":[{"name":"wp","href":"https:\/\/api.w.org\/{rel}","templated":true}]}}