{"id":31699,"date":"2014-09-22T15:17:48","date_gmt":"2014-09-22T12:17:48","guid":{"rendered":"https:\/\/www.enerjigazetesi.ist\/?p=31699"},"modified":"2014-09-22T15:17:48","modified_gmt":"2014-09-22T12:17:48","slug":"soma-maden-kazasinda-tutuklama-yok","status":"publish","type":"post","link":"https:\/\/www.enerjigazetesi.ist\/en\/soma-maden-kazasinda-tutuklama-yok\/","title":{"rendered":"(Turkish) Soma Maden Kazas\u0131nda Tutuklama Yok!"},"content":{"rendered":"<p class=\"qtranxs-available-languages-message qtranxs-available-languages-message-en\">Sorry, this entry is only available in <a href=\"https:\/\/www.enerjigazetesi.ist\/tr\/wp-json\/wp\/v2\/posts\/31699\" class=\"qtranxs-available-language-link qtranxs-available-language-link-tr\" title=\"Turkish\">Turkish<\/a>. For the sake of viewer convenience, the content is shown below in the alternative language. You may click the link to switch the active language.<\/p><p><strong>Manisa\u2019n\u0131n Soma il\u00e7esinde 301 i\u015f\u00e7inin \u00f6ld\u00fc\u011f\u00fc maden facias\u0131yla ilgili soru\u015fturmada g\u00f6zalt\u0131na al\u0131nan 24 ki\u015fi serbest b\u0131rak\u0131ld\u0131.<\/strong><span id=\"more-67201\"><\/span><\/p>\n<p>Soma\u2019da 301 ki\u015finin ya\u015fam\u0131n\u0131 yitirdi\u011fi maden facias\u0131na ili\u015fkin bilirki\u015fi raporunun Akhisar Cumhuriyet Ba\u015fsavc\u0131l\u0131\u011f\u0131na teslim edilmesinin ard\u0131ndan soru\u015fturmay\u0131 <a href=\"https:\/\/www.enerjigazetesi.ist\/wp-content\/uploads\/2014\/09\/soma-maden-kazasinda-tutuklama-yok.jpg\"><img loading=\"lazy\" class=\"alignleft size-medium wp-image-31700\" src=\"https:\/\/www.enerjigazetesi.ist\/wp-content\/uploads\/2014\/09\/soma-maden-kazasinda-tutuklama-yok-300x212.jpg\" alt=\"soma-maden-kazasinda-tutuklama-yok\" width=\"300\" height=\"212\" srcset=\"https:\/\/www.enerjigazetesi.ist\/wp-content\/uploads\/2014\/09\/soma-maden-kazasinda-tutuklama-yok-300x212.jpg 300w, https:\/\/www.enerjigazetesi.ist\/wp-content\/uploads\/2014\/09\/soma-maden-kazasinda-tutuklama-yok-500x354.jpg 500w, https:\/\/www.enerjigazetesi.ist\/wp-content\/uploads\/2014\/09\/soma-maden-kazasinda-tutuklama-yok-70x50.jpg 70w, https:\/\/www.enerjigazetesi.ist\/wp-content\/uploads\/2014\/09\/soma-maden-kazasinda-tutuklama-yok.jpg 600w\" sizes=\"(max-width: 300px) 100vw, 300px\" \/><\/a>y\u00fcr\u00fcten savc\u0131n\u0131n talimat\u0131yla aralar\u0131nda Soma K\u00f6m\u00fcrleri A\u015e ve Ege Linyitleri \u0130\u015fletmesi \u00e7al\u0131\u015fanlar\u0131n\u0131n da bulundu\u011fu toplam 24 ki\u015fi, g\u00fcn i\u00e7erisinde g\u00f6zalt\u0131na al\u0131nd\u0131.<\/p>\n<p>Jandarmadaki i\u015flemlerin ard\u0131ndan adliyeye getirilen zanl\u0131lar\u0131n tamam\u0131, savc\u0131l\u0131k sorgular\u0131n\u0131n ard\u0131ndan serbest b\u0131rak\u0131ld\u0131. Akhisar Cumhuriyet Ba\u015fsavc\u0131s\u0131 Bekir \u015eahiner, yapt\u0131\u011f\u0131 yaz\u0131l\u0131 a\u00e7\u0131klamada \u201cSorgusu Soma Sulh Ceza Hakimli\u011fince yap\u0131lan 5 ki\u015fi mahkemece serbest b\u0131rak\u0131ld\u0131, 6 ki\u015fi hakk\u0131nda yurt d\u0131\u015f\u0131na \u00e7\u0131k\u0131\u015f yasa\u011f\u0131 konulmas\u0131 istemiyle adli kontrol talebinde bulunuldu, 12 ki\u015fi savc\u0131l\u0131k ifadesinin al\u0131nmas\u0131n\u0131n ard\u0131ndan serbest b\u0131rak\u0131ld\u0131, 1 ki\u015finin ise il\u00e7e d\u0131\u015f\u0131nda bulunmas\u0131 sebebiyle ifadesi al\u0131namad\u0131\u201d dedi.<\/p>\n<p>13 May\u0131s\u2019ta Soma K\u00f6m\u00fcr \u0130\u015fletmeleri\u2019ne ait ocakta \u00e7\u0131kan yang\u0131nda 301 madenci ya\u015fam\u0131n\u0131 yitirmi\u015fti.<\/p>\n<p>Faciayla ilgili ba\u015flat\u0131lan adli soru\u015fturmada, aralar\u0131nda \u015firketin y\u00f6netim kurulu ba\u015fkan\u0131 Can G\u00fcrkan, Genel M\u00fcd\u00fcr Ramazan Do\u011fru ile \u0130\u015fletme M\u00fcd\u00fcr\u00fc Ak\u0131n \u00c7elik\u2019in de bulundu\u011fu sekiz ki\u015fi tutuklanm\u0131\u015ft\u0131.<\/p>\n<p>Kaynak: <a href=\"http:\/\/www.aljazeera.com.tr\/haber\/somada-tutuklama-yok\" target=\"_blank\" rel=\"nofollow\">Aljazeera<\/a><\/p>","protected":false},"excerpt":{"rendered":"<p>Sorry, this entry is only available in Turkish. For the sake of viewer convenience, the content is shown below in the alternative language. You may click the link to switch the active language.Manisa\u2019n\u0131n Soma il\u00e7esinde 301 i\u015f\u00e7inin \u00f6ld\u00fc\u011f\u00fc maden facias\u0131yla ilgili soru\u015fturmada g\u00f6zalt\u0131na al\u0131nan 24 ki\u015fi serbest b\u0131rak\u0131ld\u0131. Soma\u2019da 301 ki\u015finin ya\u015fam\u0131n\u0131 yitirdi\u011fi maden facias\u0131na [&hellip;]<\/p>\n","protected":false},"author":1,"featured_media":31700,"comment_status":"open","ping_status":"open","sticky":false,"template":"","format":"standard","meta":[],"categories":[53],"tags":[18275,18276,63,67,1009,165,2191,18277,18278,15061],"views":907,"_links":{"self":[{"href":"https:\/\/www.enerjigazetesi.ist\/en\/wp-json\/wp\/v2\/posts\/31699"}],"collection":[{"href":"https:\/\/www.enerjigazetesi.ist\/en\/wp-json\/wp\/v2\/posts"}],"about":[{"href":"https:\/\/www.enerjigazetesi.ist\/en\/wp-json\/wp\/v2\/types\/post"}],"author":[{"embeddable":true,"href":"https:\/\/www.enerjigazetesi.ist\/en\/wp-json\/wp\/v2\/users\/1"}],"replies":[{"embeddable":true,"href":"https:\/\/www.enerjigazetesi.ist\/en\/wp-json\/wp\/v2\/comments?post=31699"}],"version-history":[{"count":1,"href":"https:\/\/www.enerjigazetesi.ist\/en\/wp-json\/wp\/v2\/posts\/31699\/revisions"}],"predecessor-version":[{"id":31701,"href":"https:\/\/www.enerjigazetesi.ist\/en\/wp-json\/wp\/v2\/posts\/31699\/revisions\/31701"}],"wp:featuredmedia":[{"embeddable":true,"href":"https:\/\/www.enerjigazetesi.ist\/en\/wp-json\/wp\/v2\/media\/31700"}],"wp:attachment":[{"href":"https:\/\/www.enerjigazetesi.ist\/en\/wp-json\/wp\/v2\/media?parent=31699"}],"wp:term":[{"taxonomy":"category","embeddable":true,"href":"https:\/\/www.enerjigazetesi.ist\/en\/wp-json\/wp\/v2\/categories?post=31699"},{"taxonomy":"post_tag","embeddable":true,"href":"https:\/\/www.enerjigazetesi.ist\/en\/wp-json\/wp\/v2\/tags?post=31699"}],"curies":[{"name":"wp","href":"https:\/\/api.w.org\/{rel}","templated":true}]}}