{"id":31693,"date":"2014-09-22T15:05:07","date_gmt":"2014-09-22T12:05:07","guid":{"rendered":"https:\/\/www.enerjigazetesi.ist\/?p=31693"},"modified":"2014-09-22T15:05:07","modified_gmt":"2014-09-22T12:05:07","slug":"avrupa-birliginde-gecerli-yenilenebilir-enerji-teknisyeni-yetistirilecek","status":"publish","type":"post","link":"https:\/\/www.enerjigazetesi.ist\/en\/avrupa-birliginde-gecerli-yenilenebilir-enerji-teknisyeni-yetistirilecek\/","title":{"rendered":"(Turkish) Avrupa Birli\u011finde Ge\u00e7erli Yenilenebilir Enerji Teknisyeni Yeti\u015ftirilecek!"},"content":{"rendered":"<p class=\"qtranxs-available-languages-message qtranxs-available-languages-message-en\">Sorry, this entry is only available in <a href=\"https:\/\/www.enerjigazetesi.ist\/tr\/wp-json\/wp\/v2\/posts\/31693\" class=\"qtranxs-available-language-link qtranxs-available-language-link-tr\" title=\"Turkish\">Turkish<\/a>. For the sake of viewer convenience, the content is shown below in the alternative language. You may click the link to switch the active language.<\/p><p><strong>T\u00fcrkiye, Portekiz, Fransa ve \u0130talya ortakl\u0131\u011f\u0131nda, AB\u2019nin Leonardo Da Vinci hibe program\u0131 taraf\u0131ndan fonlanan yenilenebilir enerji konusunda teknisyen yeti\u015ftirme program\u0131 Karab\u00fck \u00dcniversitesinde start alacak.<\/strong><span id=\"more-67198\"><\/span><\/p>\n<p>Proje sorumlusu ve i\u00e7erik belirleme u<a href=\"https:\/\/www.enerjigazetesi.ist\/wp-content\/uploads\/2014\/09\/avrupa-birliginde-gecerli-yenilenebilir-enerji-teknisyeni-yetistirilecek.jpg\"><img loading=\"lazy\" class=\"alignleft size-medium wp-image-31694\" src=\"https:\/\/www.enerjigazetesi.ist\/wp-content\/uploads\/2014\/09\/avrupa-birliginde-gecerli-yenilenebilir-enerji-teknisyeni-yetistirilecek-300x209.jpg\" alt=\"avrupa-birliginde-gecerli-yenilenebilir-enerji-teknisyeni-yetistirilecek\" width=\"300\" height=\"209\" srcset=\"https:\/\/www.enerjigazetesi.ist\/wp-content\/uploads\/2014\/09\/avrupa-birliginde-gecerli-yenilenebilir-enerji-teknisyeni-yetistirilecek-300x209.jpg 300w, https:\/\/www.enerjigazetesi.ist\/wp-content\/uploads\/2014\/09\/avrupa-birliginde-gecerli-yenilenebilir-enerji-teknisyeni-yetistirilecek-500x350.jpg 500w, https:\/\/www.enerjigazetesi.ist\/wp-content\/uploads\/2014\/09\/avrupa-birliginde-gecerli-yenilenebilir-enerji-teknisyeni-yetistirilecek-71x50.jpg 71w, https:\/\/www.enerjigazetesi.ist\/wp-content\/uploads\/2014\/09\/avrupa-birliginde-gecerli-yenilenebilir-enerji-teknisyeni-yetistirilecek.jpg 550w\" sizes=\"(max-width: 300px) 100vw, 300px\" \/><\/a>zman\u0131 Selman \u00c7a\u011fman, e\u011fitimde kullan\u0131lacak mod\u00fcllerin Frans\u0131z yenilenebilir enerji uzmanlar\u0131 Mickael Schweres ve Jay Hudnall taraf\u0131ndan geli\u015ftirildi\u011fini ve kendisi taraf\u0131ndan Frans\u0131zcadan \u00e7evrildi\u011fini s\u00f6yledi.<\/p>\n<p>E\u011fitim sonunda verilecek sertifikan\u0131n Avrupa Yeterlilikler \u00c7er\u00e7evesi\u2019ne (EQF) uygun, ulusal mesleki yeterlilik sistemine kay\u0131tl\u0131 ve tan\u0131nan bir belge oldu\u011funu belirten \u00c7a\u011fman, program\u0131n ye\u015fil bina, biyo-kaynakl\u0131 materyaller, enerjetik d\u00f6n\u00fc\u015f\u00fcm, r\u00fczgar t\u00fcrbin at\u00f6lyesi konular\u0131n\u0131 i\u00e7erece\u011fini aktard\u0131.<\/p>\n<p>\u00c7a\u011fman, \u201cKaynaklar\u0131n h\u0131zl\u0131 t\u00fcketimi ve enerji gereksinimi gelecek nesillere ne gibi sonu\u00e7lar do\u011furur?\u201d sorusundan yola \u00e7\u0131kt\u0131klar\u0131n\u0131 ve 240 bin avro b\u00fct\u00e7esi olan projenin, AB\u2019ye \u00fcye ve aday \u00fclkelerde mesleki e\u011fitime y\u00f6nelik politikalar\u0131 geli\u015ftirmeyi hedefledi\u011fini kaydetti. E\u011fitime kat\u0131lan 27 ki\u015fiye AB\u2019de ge\u00e7erlili\u011fi olan yenilenebilir enerji teknisyenli\u011fi sertifikas\u0131 verilecek ve kat\u0131l\u0131mc\u0131lar \u201cElektrik M\u00fchendisli\u011fi\u201d, \u201cR\u00fczgar T\u00fcrbin Teknisyenli\u011fi\u201d ve \u201cTermal Enerji Teknisyenli\u011fi\u201d alanlar\u0131nda uzmanla\u015facak.<\/p>\n<p>Kaynak: <a href=\"http:\/\/www.haber10.com\/haber\/539717\/#.VB-6Z_l_vwk\" target=\"_blank\" rel=\"nofollow\">haber10<\/a><\/p>","protected":false},"excerpt":{"rendered":"<p>Sorry, this entry is only available in Turkish. For the sake of viewer convenience, the content is shown below in the alternative language. You may click the link to switch the active language.T\u00fcrkiye, Portekiz, Fransa ve \u0130talya ortakl\u0131\u011f\u0131nda, AB\u2019nin Leonardo Da Vinci hibe program\u0131 taraf\u0131ndan fonlanan yenilenebilir enerji konusunda teknisyen yeti\u015ftirme program\u0131 Karab\u00fck \u00dcniversitesinde start [&hellip;]<\/p>\n","protected":false},"author":1,"featured_media":31694,"comment_status":"open","ping_status":"open","sticky":false,"template":"","format":"standard","meta":[],"categories":[53,50],"tags":[2132,18268,63,67,1009,165,18269,18270,18271,18272,18273],"views":880,"_links":{"self":[{"href":"https:\/\/www.enerjigazetesi.ist\/en\/wp-json\/wp\/v2\/posts\/31693"}],"collection":[{"href":"https:\/\/www.enerjigazetesi.ist\/en\/wp-json\/wp\/v2\/posts"}],"about":[{"href":"https:\/\/www.enerjigazetesi.ist\/en\/wp-json\/wp\/v2\/types\/post"}],"author":[{"embeddable":true,"href":"https:\/\/www.enerjigazetesi.ist\/en\/wp-json\/wp\/v2\/users\/1"}],"replies":[{"embeddable":true,"href":"https:\/\/www.enerjigazetesi.ist\/en\/wp-json\/wp\/v2\/comments?post=31693"}],"version-history":[{"count":1,"href":"https:\/\/www.enerjigazetesi.ist\/en\/wp-json\/wp\/v2\/posts\/31693\/revisions"}],"predecessor-version":[{"id":31695,"href":"https:\/\/www.enerjigazetesi.ist\/en\/wp-json\/wp\/v2\/posts\/31693\/revisions\/31695"}],"wp:featuredmedia":[{"embeddable":true,"href":"https:\/\/www.enerjigazetesi.ist\/en\/wp-json\/wp\/v2\/media\/31694"}],"wp:attachment":[{"href":"https:\/\/www.enerjigazetesi.ist\/en\/wp-json\/wp\/v2\/media?parent=31693"}],"wp:term":[{"taxonomy":"category","embeddable":true,"href":"https:\/\/www.enerjigazetesi.ist\/en\/wp-json\/wp\/v2\/categories?post=31693"},{"taxonomy":"post_tag","embeddable":true,"href":"https:\/\/www.enerjigazetesi.ist\/en\/wp-json\/wp\/v2\/tags?post=31693"}],"curies":[{"name":"wp","href":"https:\/\/api.w.org\/{rel}","templated":true}]}}