{"id":31679,"date":"2014-09-21T23:00:05","date_gmt":"2014-09-21T20:00:05","guid":{"rendered":"https:\/\/www.enerjigazetesi.ist\/?p=31679"},"modified":"2014-09-21T23:00:05","modified_gmt":"2014-09-21T20:00:05","slug":"guney-kafkasya-gaz-koridorunun-temeli-atildi","status":"publish","type":"post","link":"https:\/\/www.enerjigazetesi.ist\/en\/guney-kafkasya-gaz-koridorunun-temeli-atildi\/","title":{"rendered":"(Turkish) G\u00fcney Kafkasya Gaz Koridoru\u2019nun Temeli At\u0131ld\u0131&#8230;"},"content":{"rendered":"<p class=\"qtranxs-available-languages-message qtranxs-available-languages-message-en\">Sorry, this entry is only available in <a href=\"https:\/\/www.enerjigazetesi.ist\/tr\/wp-json\/wp\/v2\/posts\/31679\" class=\"qtranxs-available-language-link qtranxs-available-language-link-tr\" title=\"Turkish\">Turkish<\/a>. For the sake of viewer convenience, the content is shown below in the alternative language. You may click the link to switch the active language.<\/p><p><strong>Azerbaycan do\u011falgaz\u0131n\u0131, Avrupa\u2019ya ula\u015ft\u0131racak \u2018G\u00fcney Gaz Koridoru\u2019 enerji projesi i\u00e7in bir\u00e7ok \u00fclke ba\u015fbakan\u0131 ve bakanlar d\u00fczenlenen temel atma t\u00f6renine kat\u0131ld\u0131. <span style=\"color: #4d4e53;\">G\u00fcney Kafkas Do\u011falgaz Koridoru, \u015eahdeniz 2 projesi kapsam\u0131nda \u00fcretilen do\u011falgaz\u0131 T\u00fcrkiye ve Avrupa\u2019ya ta\u015f\u0131yacak. Bak\u00fc-Tifli-Ceyhan Petrol Boru hatt\u0131 ile ayn\u0131 g\u00fczergahtan ge\u00e7ecek olan yeni boru hatt\u0131, T\u00fcrkiye\u2019de Trans Anadolu Boru Hatt\u0131 (TANAP) ile birle\u015fecek.\u00a0 Do\u011falgaz, T\u00fcrkiye\u2019den Avrupa\u2019ya ise Trans Adriyatik Boru hatt\u0131 ile ta\u015f\u0131nacak.<\/span><\/strong><\/p>\n<p>T\u00f6rende konu\u015fan Enerji Bakan\u0131 Taner Y\u0131ld\u0131z, \u015f\u00f6yle konu\u015ftu:<\/p>\n<p>\u201cBu ba\u011flamda enerji g\u00fcvenli\u011fi konusu k\u00fcresel g\u00fcndemin \u00fcst s\u0131ralar\u0131na t\u0131rmanmakta ve g\u00fcn\u00fcm\u00fcz tart\u0131\u015fmalar\u0131n\u0131n ana temalar\u0131ndan biri haline gelmektedir. T\u00fcrkiye olarak, pozitif tutumumuzu s\u00fcrd\u00fcrece\u011fiz. Enerji g\u00fcvenli\u011fini<a href=\"https:\/\/www.enerjigazetesi.ist\/wp-content\/uploads\/2014\/09\/guney-kafkasya-gaz-koridorunun-temeli-atildi.jpg\"><img loading=\"lazy\" class=\"alignright size-medium wp-image-31680\" src=\"https:\/\/www.enerjigazetesi.ist\/wp-content\/uploads\/2014\/09\/guney-kafkasya-gaz-koridorunun-temeli-atildi-300x205.jpg\" alt=\"guney-kafkasya-gaz-koridorunun-temeli-atildi\" width=\"300\" height=\"205\" srcset=\"https:\/\/www.enerjigazetesi.ist\/wp-content\/uploads\/2014\/09\/guney-kafkasya-gaz-koridorunun-temeli-atildi-300x205.jpg 300w, https:\/\/www.enerjigazetesi.ist\/wp-content\/uploads\/2014\/09\/guney-kafkasya-gaz-koridorunun-temeli-atildi-500x341.jpg 500w, https:\/\/www.enerjigazetesi.ist\/wp-content\/uploads\/2014\/09\/guney-kafkasya-gaz-koridorunun-temeli-atildi-73x50.jpg 73w, https:\/\/www.enerjigazetesi.ist\/wp-content\/uploads\/2014\/09\/guney-kafkasya-gaz-koridorunun-temeli-atildi.jpg 509w\" sizes=\"(max-width: 300px) 100vw, 300px\" \/><\/a>n sa\u011flanmas\u0131nda, \u00fcretici, transit ve t\u00fcketici \u00fclkeler aras\u0131nda etkin bir i\u015fbirli\u011fi ve diyalog tesisinin b\u00fcy\u00fck \u00f6nem ta\u015f\u0131d\u0131\u011f\u0131na inan\u0131yoruz. Bu g\u00f6r\u00fc\u015f\u00fcm\u00fczden hareketle, dost ve karde\u015f \u00fclkeler Azerbaycan ve G\u00fcrcistan ile beraber, Do\u011fu-Bat\u0131 Enerji Koridoru\u2019nu geli\u015ftirdik. Bak\u00fc-Tiflis-Ceyhan Ham Petrol Boru Hatt\u0131 ile bug\u00fcne kadar 2 milyar varilin \u00fczerinde, yani ham petrol d\u00fcnya pazarlar\u0131na ula\u015ft\u0131r\u0131lm\u0131\u015ft\u0131r. Do\u011fu-Bat\u0131 Enerji Koridoru\u2019nun ikinci bile\u015fenini te\u015fkil eden Bak\u00fc-Tiflis-Erzurum do\u011fal gaz boru hatt\u0131 projesi de 2007 y\u0131l\u0131nda hayata ge\u00e7mi\u015ftir.<\/p>\n<p>Bug\u00fcn ise ortak hedefimiz, ba\u015fta Hazar, ard\u0131ndan Ortado\u011fu do\u011falgaz kaynaklar\u0131n\u0131n Bat\u0131\u2019ya ta\u015f\u0131nmas\u0131na olanak sa\u011flayacak G\u00fcney Gaz Koridoru\u2019nun kuvveden fiile ge\u00e7irilmesidir. 2018\u2019in sonunda T\u00fcrkiye\u2019ye, 2019\u2032da ise Avrupa\u2019ya Azeri gaz\u0131n\u0131 ula\u015ft\u0131rmay\u0131 hedefliyoruz. Bu koridorun bel kemi\u011fini TANAP projesi olu\u015fturmaktad\u0131r. TANAP projesi a\u00e7\u0131s\u0131ndan b\u00fcy\u00fck \u00f6nem ta\u015f\u0131yan bir geli\u015fme de \u015eah Deniz 2 Nihai Yat\u0131r\u0131m Karar\u0131 Anla\u015fmas\u0131\u2019n\u0131n ge\u00e7en aral\u0131k ay\u0131nda Bak\u00fc\u2019de neticelendirilmi\u015f olmas\u0131d\u0131r. Gelinen noktada BOTA\u015e TANAP projesinde y\u00fczde 30\u2032luk bir paya sahip olmu\u015f, TPAO ise gerek \u015eah Deniz sahas\u0131ndaki gerek G\u00fcney Kafkasya Boru Hatt\u0131\u2019ndaki hissesini 19\u2032a \u00e7\u0131karm\u0131\u015ft\u0131r. B\u00f6ylelikle TPAO, s\u00f6z konusu sahada BP\u2019den sonraki ikinci b\u00fcy\u00fck ortak konumunu elde etmi\u015ftir.\u201d<\/p>\n<p>\u0130lk a\u015famada \u015eah Deniz sahas\u0131n\u0131n beslemesinin \u00f6ng\u00f6r\u00fcld\u00fc\u011f\u00fcn\u00fc, daha sonraki a\u015famalarda ise Hazar Denizi\u2019nin Azerbaycan sekt\u00f6r\u00fcnde bulunan di\u011fer sahalardan elde edilecek ve Azerbaycan \u00fczerinden transit ge\u00e7ecek do\u011falgaz kaynaklar\u0131n\u0131n da bu boru hatt\u0131na y\u00f6nlendirilmesinin hedeflendi\u011fini s\u00f6yleyen Bakan, \u201cTemennimiz T\u00fcrkmen gaz\u0131n\u0131n, Rus ve Do\u011fu pazarlar\u0131na ilaveten Bat\u0131 piyasalar\u0131na da T\u00fcrkiye \u00fczerinden eri\u015fmesidir. Daha ileriki a\u015famalarda, farkl\u0131 ilave kaynaklar\u0131n bu boru hatt\u0131na y\u00f6nlendirilmesi hususu ise ayr\u0131ca ele al\u0131nabilecektir. Di\u011fer bir deyi\u015fle TANAP gelece\u011fe d\u00f6n\u00fck bir projedir. Salt ticari yat\u0131r\u0131m olarak de\u011ferlendirmedi\u011fimizi bilmenizi istedi\u011fimiz TANAP projesinin, T\u00fcrkiye ile Azerbaycan aras\u0131nda oldu\u011fu kadar Avrupa \u00fclkeleriyle de uzun y\u0131llara dayanacak, g\u00fc\u00e7l\u00fc, sa\u011flam ve organik ili\u015fkiler tesis edecek bir tasar\u0131m olaca\u011f\u0131na inan\u0131yoruz\u201d diye konu\u015ftu.<\/p>\n<p>G\u00fcney Gaz Koridoru ile Hazar Denizi\u2019ndeki \u015eahdeniz havzas\u0131nda bulunan Azeri do\u011falgaz\u0131n\u0131, G\u00fcrcistan ve T\u00fcrkiye \u00fczerinden Avrupa\u2019ya ta\u015f\u0131nmas\u0131 ama\u00e7lan\u0131yor. Bak\u00fc\u2019n\u00fcn Sanga\u00e7al terminalinden ba\u015flayacak olan hat, G\u00fcney Kafkaslar Gaz Koridoru ile G\u00fcrcistan \u00fczerinden ge\u00e7erek T\u00fcrkiye s\u0131n\u0131r\u0131na ula\u015facak. Do\u011falgaz TANAP ve Trans Adriyatik Boru Hatt\u0131 (TAP) ile de Avrupa\u2019ya nakledilecek. G\u00fcney Gaz Koridoru projesinin tamamlanmas\u0131yla, 6 milyar metrek\u00fcp\u00fc T\u00fcrkiye i\u00e7in olmak \u00fczere ba\u015flang\u0131\u00e7ta 16 milyar metrek\u00fcp do\u011falgaz\u0131n Avrupa\u2019ya ta\u015f\u0131nmas\u0131 \u00f6ng\u00f6r\u00fcl\u00fcyor.<\/p>\n<p>Kaynak: <a href=\"http:\/\/enerjienstitusu.com\/2014\/09\/20\/tanap-projesinin-temeli-atildi\/\" target=\"_blank\" rel=\"nofollow\">Enerji Enstit\u00fcs\u00fc<\/a><\/p>","protected":false},"excerpt":{"rendered":"<p>Sorry, this entry is only available in Turkish. For the sake of viewer convenience, the content is shown below in the alternative language. You may click the link to switch the active language.Azerbaycan do\u011falgaz\u0131n\u0131, Avrupa\u2019ya ula\u015ft\u0131racak \u2018G\u00fcney Gaz Koridoru\u2019 enerji projesi i\u00e7in bir\u00e7ok \u00fclke ba\u015fbakan\u0131 ve bakanlar d\u00fczenlenen temel atma t\u00f6renine kat\u0131ld\u0131. G\u00fcney Kafkas Do\u011falgaz [&hellip;]<\/p>\n","protected":false},"author":1,"featured_media":31680,"comment_status":"open","ping_status":"open","sticky":false,"template":"","format":"standard","meta":[],"categories":[46,53],"tags":[92,226,63,67,1009,165,8686,18264,18263,2297,3502,18265],"views":1367,"_links":{"self":[{"href":"https:\/\/www.enerjigazetesi.ist\/en\/wp-json\/wp\/v2\/posts\/31679"}],"collection":[{"href":"https:\/\/www.enerjigazetesi.ist\/en\/wp-json\/wp\/v2\/posts"}],"about":[{"href":"https:\/\/www.enerjigazetesi.ist\/en\/wp-json\/wp\/v2\/types\/post"}],"author":[{"embeddable":true,"href":"https:\/\/www.enerjigazetesi.ist\/en\/wp-json\/wp\/v2\/users\/1"}],"replies":[{"embeddable":true,"href":"https:\/\/www.enerjigazetesi.ist\/en\/wp-json\/wp\/v2\/comments?post=31679"}],"version-history":[{"count":1,"href":"https:\/\/www.enerjigazetesi.ist\/en\/wp-json\/wp\/v2\/posts\/31679\/revisions"}],"predecessor-version":[{"id":31681,"href":"https:\/\/www.enerjigazetesi.ist\/en\/wp-json\/wp\/v2\/posts\/31679\/revisions\/31681"}],"wp:featuredmedia":[{"embeddable":true,"href":"https:\/\/www.enerjigazetesi.ist\/en\/wp-json\/wp\/v2\/media\/31680"}],"wp:attachment":[{"href":"https:\/\/www.enerjigazetesi.ist\/en\/wp-json\/wp\/v2\/media?parent=31679"}],"wp:term":[{"taxonomy":"category","embeddable":true,"href":"https:\/\/www.enerjigazetesi.ist\/en\/wp-json\/wp\/v2\/categories?post=31679"},{"taxonomy":"post_tag","embeddable":true,"href":"https:\/\/www.enerjigazetesi.ist\/en\/wp-json\/wp\/v2\/tags?post=31679"}],"curies":[{"name":"wp","href":"https:\/\/api.w.org\/{rel}","templated":true}]}}