{"id":31670,"date":"2014-09-21T00:55:05","date_gmt":"2014-09-20T21:55:05","guid":{"rendered":"https:\/\/www.enerjigazetesi.ist\/?p=31670"},"modified":"2014-09-21T00:55:05","modified_gmt":"2014-09-20T21:55:05","slug":"madencilik-sektoru-ihracati-azaldi","status":"publish","type":"post","link":"https:\/\/www.enerjigazetesi.ist\/en\/madencilik-sektoru-ihracati-azaldi\/","title":{"rendered":"(Turkish) Madencilik Sekt\u00f6r\u00fc \u0130hracat\u0131 Azald\u0131&#8230;"},"content":{"rendered":"<p class=\"qtranxs-available-languages-message qtranxs-available-languages-message-en\">Sorry, this entry is only available in <a href=\"https:\/\/www.enerjigazetesi.ist\/tr\/wp-json\/wp\/v2\/posts\/31670\" class=\"qtranxs-available-language-link qtranxs-available-language-link-tr\" title=\"Turkish\">Turkish<\/a>. For the sake of viewer convenience, the content is shown below in the alternative language. You may click the link to switch the active language.<\/p><p><strong>Ge\u00e7en seneyi hedeflerin olduk\u00e7a \u00fczerinde bir ihracat rakam\u0131yla kapayan madencilik sekt\u00f6r\u00fc, bu y\u0131l\u0131n 8 ayl\u0131k d\u00f6neminde ge\u00e7en y\u0131l\u0131n ayn\u0131 periyoduna g\u00f6re y\u00fczde 5,6\u2032l\u0131k azal\u0131\u015fla 3 milyar 160 milyon 433 bin dolarl\u0131k d\u0131\u015f sat\u0131m ger\u00e7ekle\u015ftirdi.<\/strong><\/p>\n<p>T\u00fcrk ekonomisinin lokomotiflerinden olan madencilik sekt\u00f6r\u00fc ihracat\u0131, 2014\u2032te en b\u00fcy\u00fck pazar olan \u00c7in\u2019deki ekonomik b\u00fcy\u00fcmenin yava\u015flamas\u0131 ve \u00f6nemli pazarlardan Irak\u2019ta ya\u015fanan i\u00e7 kar\u0131\u015f\u0131kl\u0131klardan olumsuz etkilendi.<\/p>\n<p><strong>3 milyar 160 milyon 433 bin<a href=\"https:\/\/www.enerjigazetesi.ist\/wp-content\/uploads\/2014\/09\/madencilik-sektoru-ihracati-azaldi.jpg\"><img loading=\"lazy\" class=\"alignleft size-full wp-image-31671\" src=\"https:\/\/www.enerjigazetesi.ist\/wp-content\/uploads\/2014\/09\/madencilik-sektoru-ihracati-azaldi.jpg\" alt=\"madencilik-sektoru-ihracati-azaldi\" width=\"300\" height=\"247\" srcset=\"https:\/\/www.enerjigazetesi.ist\/wp-content\/uploads\/2014\/09\/madencilik-sektoru-ihracati-azaldi.jpg 300w, https:\/\/www.enerjigazetesi.ist\/wp-content\/uploads\/2014\/09\/madencilik-sektoru-ihracati-azaldi-60x50.jpg 60w\" sizes=\"(max-width: 300px) 100vw, 300px\" \/><\/a> dolara geriledi<\/strong><\/p>\n<p>\u0130stanbul Maden ve Metaller \u0130hracat\u00e7\u0131 Birlikleri (\u0130MM\u0130B) verilerinden derlenen bilgiye g\u00f6re, ge\u00e7en y\u0131l\u0131n ocak-a\u011fustos d\u00f6neminde 3 milyar 348 milyon 641 bin dolar olan maden ihracat\u0131, bu y\u0131l\u0131n kar\u015f\u0131la\u015ft\u0131r\u0131labilir d\u00f6neminde y\u00fczde 5,6 oran\u0131nda azalarak 3 milyar 160 milyon 433 bin dolara geriledi.<\/p>\n<p><strong>En fazla d\u0131\u015f sat\u0131m yapan kent \u0130stanbul<\/strong><\/p>\n<p>Bu d\u00f6nemde, \u0130stanbul\u2019un ihracat perfonmans\u0131 y\u00fczde 10 oran\u0131nda azalsa da ger\u00e7ekle\u015ftirdi\u011fi 932 milyon 321 bin dolarl\u0131k ihracatla en fazla d\u0131\u015f sat\u0131m yapan kent oldu.<\/p>\n<p>\u0130kinci s\u0131ray\u0131 483 milyon 703 bin dolarla Ankara, \u00fc\u00e7\u00fcnc\u00fc s\u0131ray\u0131 204 milyon 649 bin dolarla \u0130zmir, d\u00f6rd\u00fcnc\u00fc s\u0131ray\u0131 149 milyon 759 bin dolarla Rize, be\u015finci s\u0131ray\u0131 147 milyon 983 bin dolarla Denizli ald\u0131.<\/p>\n<p>Elaz\u0131\u011f\u2019dan 145 milyon 625 bin, Antalya\u2019dan 140 milyon 229 bin, Afyon\u2019dan 123 milyon 453 bin, Burdur\u2019dan 77 milyon 693 bin, Bursa\u2019dan 76 milyon 940 bin, Ayd\u0131n\u2019dan 75 milyon 159 bin, Diyarbak\u0131r\u2019dan 74 milyon 494 bin, Kayseri\u2019den de 73 milyon 952 bin dolarl\u0131k madencilik \u00fcr\u00fcn\u00fc ihra\u00e7 edildi.<\/p>\n<p><strong>\u0130hracat\u0131n y\u00fczde 46\u2032s\u0131n\u0131 do\u011fal ta\u015flar olu\u015fturdu<\/strong><\/p>\n<p>\u00dcr\u00fcn gruplar\u0131 baz\u0131nda bak\u0131ld\u0131\u011f\u0131nda, 1 milyar 449 milyon 830 bin dolarla toplam ihracat\u0131n y\u00fczde 46\u2032s\u0131n\u0131 olu\u015fturan do\u011fal ta\u015flar ilk s\u0131ray\u0131 ald\u0131. Do\u011fal ta\u015f ihracat\u0131nda ge\u00e7en y\u0131l\u0131n kar\u015f\u0131la\u015ft\u0131r\u0131labilir d\u00f6neminde y\u00fczde 0,6 oran\u0131nda art\u0131\u015f ya\u015fand\u0131.<\/p>\n<p>Metalik cevherlerde 959 milyon 972 bin dolar, end\u00fcstriyel minerallerde 566 milyon 559 bin dolar, mineral yak\u0131tlarda 4 milyon 73 bin dolar, di\u011fer mal gruplar\u0131nda ise 179 milyon 999 bin dolarl\u0131k d\u0131\u015f sat\u0131m ger\u00e7ekle\u015ftirildi.<\/p>\n<p>Bu d\u00f6nemde \u00c7in\u2019e ekonomisindeki yava\u015flama nedeniyle bu \u00fclkeye yap\u0131lan ihracat \u00f6nemli \u00f6l\u00e7\u00fcde azalsa da sekt\u00f6r\u00fcn lider pazar\u0131 olma konumunu korudu. Y\u0131l\u0131n 8 ayl\u0131k periyodunda T\u00fcrkiye\u2019nin maden ihracat\u0131ndan y\u00fczde 40 pay alan \u00c7in\u2019e ger\u00e7ekle\u015ftirilen d\u0131\u015f sat\u0131m ge\u00e7en y\u0131la k\u0131yasla y\u00fczde 24 oran\u0131nda azalarak 1 milyar 258 milyon 906 bin dolara geriledi.<\/p>\n<p>Madencilik sekt\u00f6r\u00fcn\u00fcn ikinci b\u00fcy\u00fck pazar\u0131 ABD\u2019ye yap\u0131lan ihracat y\u00fczde 12\u2032lik art\u0131\u015fla 275 milyon 981 bin dolara \u00e7\u0131kt\u0131. Bu \u00fclkeyi 94 milyon 509 bin dolarla Bel\u00e7ika, 87 milyon 620 bin dolarla \u0130talya, 87 milyon 317 bin dolarla Hindistan takip etti.<\/p>\n<p>Ge\u00e7en y\u0131l\u0131n s\u00f6z konusu d\u00f6neminde \u00fc\u00e7\u00fcnc\u00fc s\u0131rada yer alan Irak, bu y\u0131l\u0131n a\u011fustos ay\u0131 itibariyle alt\u0131nc\u0131 s\u0131raya geriledi. T\u00fcrkiye\u2019nin en b\u00fcy\u00fck ticaret ortaklar\u0131ndan Irak\u2019a yap\u0131lan maden ihracat\u0131 \u00fclkedeki i\u00e7 kar\u0131\u015f\u0131kl\u0131klar nedeniyle y\u00fczde 6 oran\u0131nda azalarak 82 milyon 305 bin dolara d\u00fc\u015ft\u00fc.<\/p>\n<p>Kaynak: <a href=\"http:\/\/energyworld.com.tr\/madencilik-sektoru-ihracati-azaldi.html\" target=\"_blank\" rel=\"nofollow\">Energy World<\/a><\/p>","protected":false},"excerpt":{"rendered":"<p>Sorry, this entry is only available in Turkish. For the sake of viewer convenience, the content is shown below in the alternative language. You may click the link to switch the active language.Ge\u00e7en seneyi hedeflerin olduk\u00e7a \u00fczerinde bir ihracat rakam\u0131yla kapayan madencilik sekt\u00f6r\u00fc, bu y\u0131l\u0131n 8 ayl\u0131k d\u00f6neminde ge\u00e7en y\u0131l\u0131n ayn\u0131 periyoduna g\u00f6re y\u00fczde 5,6\u2032l\u0131k [&hellip;]<\/p>\n","protected":false},"author":1,"featured_media":31671,"comment_status":"open","ping_status":"open","sticky":false,"template":"","format":"standard","meta":[],"categories":[53],"tags":[63,67,1009,165,3286,12980,12979,5562,6638,1182],"views":609,"_links":{"self":[{"href":"https:\/\/www.enerjigazetesi.ist\/en\/wp-json\/wp\/v2\/posts\/31670"}],"collection":[{"href":"https:\/\/www.enerjigazetesi.ist\/en\/wp-json\/wp\/v2\/posts"}],"about":[{"href":"https:\/\/www.enerjigazetesi.ist\/en\/wp-json\/wp\/v2\/types\/post"}],"author":[{"embeddable":true,"href":"https:\/\/www.enerjigazetesi.ist\/en\/wp-json\/wp\/v2\/users\/1"}],"replies":[{"embeddable":true,"href":"https:\/\/www.enerjigazetesi.ist\/en\/wp-json\/wp\/v2\/comments?post=31670"}],"version-history":[{"count":1,"href":"https:\/\/www.enerjigazetesi.ist\/en\/wp-json\/wp\/v2\/posts\/31670\/revisions"}],"predecessor-version":[{"id":31672,"href":"https:\/\/www.enerjigazetesi.ist\/en\/wp-json\/wp\/v2\/posts\/31670\/revisions\/31672"}],"wp:featuredmedia":[{"embeddable":true,"href":"https:\/\/www.enerjigazetesi.ist\/en\/wp-json\/wp\/v2\/media\/31671"}],"wp:attachment":[{"href":"https:\/\/www.enerjigazetesi.ist\/en\/wp-json\/wp\/v2\/media?parent=31670"}],"wp:term":[{"taxonomy":"category","embeddable":true,"href":"https:\/\/www.enerjigazetesi.ist\/en\/wp-json\/wp\/v2\/categories?post=31670"},{"taxonomy":"post_tag","embeddable":true,"href":"https:\/\/www.enerjigazetesi.ist\/en\/wp-json\/wp\/v2\/tags?post=31670"}],"curies":[{"name":"wp","href":"https:\/\/api.w.org\/{rel}","templated":true}]}}