{"id":31524,"date":"2014-09-17T11:49:04","date_gmt":"2014-09-17T08:49:04","guid":{"rendered":"https:\/\/www.enerjigazetesi.ist\/?p=31524"},"modified":"2014-09-17T11:49:04","modified_gmt":"2014-09-17T08:49:04","slug":"enerji-ve-maden-iscilerinden-8-saatlik-is-birakma-eylemi","status":"publish","type":"post","link":"https:\/\/www.enerjigazetesi.ist\/en\/enerji-ve-maden-iscilerinden-8-saatlik-is-birakma-eylemi\/","title":{"rendered":"(Turkish) Enerji ve Maden \u0130\u015f\u00e7ilerinden 8 Saatlik \u0130\u015f B\u0131rakma Eylemi&#8230;"},"content":{"rendered":"<p class=\"qtranxs-available-languages-message qtranxs-available-languages-message-en\">Sorry, this entry is only available in <a href=\"https:\/\/www.enerjigazetesi.ist\/tr\/wp-json\/wp\/v2\/posts\/31524\" class=\"qtranxs-available-language-link qtranxs-available-language-link-tr\" title=\"Turkish\">Turkish<\/a>. For the sake of viewer convenience, the content is shown below in the alternative language. You may click the link to switch the active language.<\/p><p><strong>Yata\u011fan\u2019da, T\u00fcrkiye Enerji, Su ve Gaz \u0130\u015f\u00e7ileri Sendikas\u0131 (Tes-\u0130\u015f) ile T\u00fcrkiye Maden \u0130\u015f\u00e7ileri Sendikas\u0131 (Maden-\u0130\u015f) \u00fcyeleri, i\u015f b\u0131rakma eylemi yapt\u0131.<\/strong><span id=\"more-67146\"><\/span><\/p>\n<p>Yata\u011fan Termik Santrali ve K\u00f6m\u00fcr \u0130\u015fletmeleri b\u00fcnyesinde \u00e7al\u0131\u015fan Tes-\u0130\u015f ve Maden-\u0130\u015f sendikas\u0131 \u00fcyesi i\u015f\u00e7iler, \u00f6zelle\u015ftirmeye <a href=\"https:\/\/www.enerjigazetesi.ist\/wp-content\/uploads\/2014\/09\/kemerk\u00f6y-yenik\u00f6y-termik-santral-\u00f6zelle\u015ftirme-2902390233.jpg\"><img loading=\"lazy\" class=\"alignright size-medium wp-image-31525\" src=\"https:\/\/www.enerjigazetesi.ist\/wp-content\/uploads\/2014\/09\/kemerk\u00f6y-yenik\u00f6y-termik-santral-\u00f6zelle\u015ftirme-2902390233-300x166.jpg\" alt=\"kemerk\u00f6y-yenik\u00f6y-termik-santral-\u00f6zelle\u015ftirme-2902390233\" width=\"300\" height=\"166\" srcset=\"https:\/\/www.enerjigazetesi.ist\/wp-content\/uploads\/2014\/09\/kemerk\u00f6y-yenik\u00f6y-termik-santral-\u00f6zelle\u015ftirme-2902390233-300x166.jpg 300w, https:\/\/www.enerjigazetesi.ist\/wp-content\/uploads\/2014\/09\/kemerk\u00f6y-yenik\u00f6y-termik-santral-\u00f6zelle\u015ftirme-2902390233-500x277.jpg 500w, https:\/\/www.enerjigazetesi.ist\/wp-content\/uploads\/2014\/09\/kemerk\u00f6y-yenik\u00f6y-termik-santral-\u00f6zelle\u015ftirme-2902390233-80x44.jpg 80w, https:\/\/www.enerjigazetesi.ist\/wp-content\/uploads\/2014\/09\/kemerk\u00f6y-yenik\u00f6y-termik-santral-\u00f6zelle\u015ftirme-2902390233.jpg 720w\" sizes=\"(max-width: 300px) 100vw, 300px\" \/><\/a>tepki amac\u0131yla sendikalar\u0131n Yata\u011fan \u015fubelerinin ald\u0131\u011f\u0131 eylem plan\u0131 karar\u0131 do\u011frultusunda 8 saatlik i\u015f b\u0131rakma eylemine gitti.<\/p>\n<p>Yata\u011fan Termik Santrali ve G\u00fcney Ege Linyitleri \u0130\u015fletmesi\u2019nin (GEL\u0130) \u00f6zelle\u015ftirilmesine kar\u015f\u0131 Yata\u011fan Termik Santrali \u00f6n\u00fcne kurulan direni\u015f \u00e7ad\u0131r\u0131n\u0131n kurulu\u015funun birinci y\u0131l d\u00f6n\u00fcm\u00fc nedeniyle toplanan i\u015f\u00e7iler, bas\u0131n a\u00e7\u0131klamas\u0131 yapt\u0131.<\/p>\n<p>Tes-\u0130\u015f Sendikas\u0131 Yata\u011fan \u015eube Ba\u015fkan\u0131 Fatih Er\u00e7elik, ald\u0131klar\u0131 eylem plan\u0131 karar\u0131 do\u011frultusunda 8 saatlik i\u015f b\u0131rakma eylemine gittiklerini s\u00f6yledi.<\/p>\n<p>Saat 08.00\u2032de ba\u015flayan eylemin saat 16.00\u2032ya kadar s\u00fcrece\u011fini bildiren Er\u00e7elik, Yata\u011fan, Yenik\u00f6y ve Kemerk\u00f6y termik santralleri ve k\u00f6m\u00fcr i\u015fletmelerinde \u00e7al\u0131\u015fan yakla\u015f\u0131k 3 bin i\u015f\u00e7inin i\u015f b\u0131rakma eylemine kat\u0131ld\u0131\u011f\u0131n\u0131 kaydetti.<\/p>\n<p>Maden-\u0130\u015f Sendikas\u0131 Yata\u011fan \u015eube Ba\u015fkan\u0131 S\u00fcleyman Girgin ise direni\u015f \u00e7ad\u0131r\u0131n\u0131n ve \u00f6zelle\u015ftirme kar\u015f\u0131t\u0131 direni\u015fin birinci y\u0131l\u0131n\u0131 doldurdu\u011funu, m\u00fccadelelerinden vazge\u00e7meyeceklerini belirtti.<\/p>\n<p>Yata\u011fan direni\u015finin sadece santrallerde yap\u0131lan eylemlerle de\u011fil, hakk\u0131 yenen, i\u015f kazalar\u0131na kurban giden, i\u015ften at\u0131lan t\u00fcm emek\u00e7iler i\u00e7in devam edece\u011fini anlatan Girgin, \u015f\u00f6yle konu\u015ftu:<\/p>\n<p>\u201cBir kez daha siyasi iktidara ve al\u0131c\u0131 firmalara seslenmek istiyoruz: Bu m\u00fccadeleyi \u015fan olsun diye veya kendi haklar\u0131m\u0131z i\u00e7in yapm\u0131yoruz. \u00d6zelle\u015ftirmeler eme\u011fe, eme\u011fin kazan\u0131mlar\u0131na, halk\u0131n gelece\u011fine ve \u00fclkenin ba\u011f\u0131ms\u0131zl\u0131\u011f\u0131na yap\u0131lan bir suikastt\u0131r. Bu suikastlara Yata\u011fan ve Milas\u2019ta asla izin vermeyece\u011fiz.\u201d<\/p>\n<p>Kaynak: <a href=\"http:\/\/www.trthaber.com\/haber\/ekonomi\/enerji-ve-maden-iscilerinden-is-birakma-eylemi-144449.html\" target=\"_blank\" rel=\"nofollow\">TRT Haber<\/a><\/p>","protected":false},"excerpt":{"rendered":"<p>Sorry, this entry is only available in Turkish. For the sake of viewer convenience, the content is shown below in the alternative language. You may click the link to switch the active language.Yata\u011fan\u2019da, T\u00fcrkiye Enerji, Su ve Gaz \u0130\u015f\u00e7ileri Sendikas\u0131 (Tes-\u0130\u015f) ile T\u00fcrkiye Maden \u0130\u015f\u00e7ileri Sendikas\u0131 (Maden-\u0130\u015f) \u00fcyeleri, i\u015f b\u0131rakma eylemi yapt\u0131. Yata\u011fan Termik Santrali [&hellip;]<\/p>\n","protected":false},"author":1,"featured_media":31525,"comment_status":"open","ping_status":"open","sticky":false,"template":"","format":"standard","meta":[],"categories":[53],"tags":[18161,14662,18162,18163,18164,18165,10619],"views":822,"_links":{"self":[{"href":"https:\/\/www.enerjigazetesi.ist\/en\/wp-json\/wp\/v2\/posts\/31524"}],"collection":[{"href":"https:\/\/www.enerjigazetesi.ist\/en\/wp-json\/wp\/v2\/posts"}],"about":[{"href":"https:\/\/www.enerjigazetesi.ist\/en\/wp-json\/wp\/v2\/types\/post"}],"author":[{"embeddable":true,"href":"https:\/\/www.enerjigazetesi.ist\/en\/wp-json\/wp\/v2\/users\/1"}],"replies":[{"embeddable":true,"href":"https:\/\/www.enerjigazetesi.ist\/en\/wp-json\/wp\/v2\/comments?post=31524"}],"version-history":[{"count":1,"href":"https:\/\/www.enerjigazetesi.ist\/en\/wp-json\/wp\/v2\/posts\/31524\/revisions"}],"predecessor-version":[{"id":31526,"href":"https:\/\/www.enerjigazetesi.ist\/en\/wp-json\/wp\/v2\/posts\/31524\/revisions\/31526"}],"wp:featuredmedia":[{"embeddable":true,"href":"https:\/\/www.enerjigazetesi.ist\/en\/wp-json\/wp\/v2\/media\/31525"}],"wp:attachment":[{"href":"https:\/\/www.enerjigazetesi.ist\/en\/wp-json\/wp\/v2\/media?parent=31524"}],"wp:term":[{"taxonomy":"category","embeddable":true,"href":"https:\/\/www.enerjigazetesi.ist\/en\/wp-json\/wp\/v2\/categories?post=31524"},{"taxonomy":"post_tag","embeddable":true,"href":"https:\/\/www.enerjigazetesi.ist\/en\/wp-json\/wp\/v2\/tags?post=31524"}],"curies":[{"name":"wp","href":"https:\/\/api.w.org\/{rel}","templated":true}]}}