{"id":31514,"date":"2014-09-16T19:38:04","date_gmt":"2014-09-16T16:38:04","guid":{"rendered":"https:\/\/www.enerjigazetesi.ist\/?p=31514"},"modified":"2014-09-16T19:38:04","modified_gmt":"2014-09-16T16:38:04","slug":"karakaya-ozondaki-iyilesme-yuz-yillar-surebilir","status":"publish","type":"post","link":"https:\/\/www.enerjigazetesi.ist\/en\/karakaya-ozondaki-iyilesme-yuz-yillar-surebilir\/","title":{"rendered":"(Turkish) Karakaya: Ozondaki \u0130yile\u015fme Y\u00fcz Y\u0131llar S\u00fcrebilir!"},"content":{"rendered":"<p class=\"qtranxs-available-languages-message qtranxs-available-languages-message-en\">Sorry, this entry is only available in <a href=\"https:\/\/www.enerjigazetesi.ist\/tr\/wp-json\/wp\/v2\/posts\/31514\" class=\"qtranxs-available-language-link qtranxs-available-language-link-tr\" title=\"Turkish\">Turkish<\/a>. For the sake of viewer convenience, the content is shown below in the alternative language. You may click the link to switch the active language.<\/p><p><strong>\u0130stanbul Karbon Zirvesi Komite Ba\u015fkan\u0131 Ba\u015fkan\u0131 Prof. Dr. Etem Karakaya, ozondaki iyile\u015fmenin y\u00fcz y\u0131llar s\u00fcrebilece\u011fini s\u00f6yledi. \u0130stanbul Karbon Zirvesi Komite Ba\u015fkan\u0131 Ba\u015fkan\u0131 Prof. Dr. Etem Karakaya, D\u00fcnya Meteoroloji \u00d6rg\u00fct\u00fc\u2019n\u00fcn (WMO), son y\u0131llarda atmosferdeki ozon miktar\u0131nda art\u0131\u015f oldu\u011funu ve ozon deli\u011finin kapanmakta oldu\u011fu yolundaki a\u00e7\u0131klamalar umut verici oldu\u011funu belirterek, \u201cOzon tabakas\u0131 belki eski haline d\u00f6nd\u00fcr\u00fclemeyebilir ama bizlere d\u00fc\u015fen g\u00f6rev s\u00fcrd\u00fcr\u00fclebilir ve \u00e7evreye duyarl\u0131 politikalar\u0131 uygulamak. \u00c7\u00fcnk\u00fc ozondaki iyile\u015fme y\u00fcz y\u0131llar s\u00fcrebilir\u201d dedi.<\/strong><\/p>\n<p>Ozon tabakas\u0131ndaki iyile\u015fmen<a href=\"https:\/\/www.enerjigazetesi.ist\/wp-content\/uploads\/2014\/09\/karakaya-ozondaki-iyilesme-yuz-yillar-surebilir.jpg\"><img loading=\"lazy\" class=\"alignleft size-medium wp-image-31515\" src=\"https:\/\/www.enerjigazetesi.ist\/wp-content\/uploads\/2014\/09\/karakaya-ozondaki-iyilesme-yuz-yillar-surebilir-300x218.jpg\" alt=\"karakaya-ozondaki-iyilesme-yuz-yillar-surebilir\" width=\"300\" height=\"218\" srcset=\"https:\/\/www.enerjigazetesi.ist\/wp-content\/uploads\/2014\/09\/karakaya-ozondaki-iyilesme-yuz-yillar-surebilir-300x218.jpg 300w, https:\/\/www.enerjigazetesi.ist\/wp-content\/uploads\/2014\/09\/karakaya-ozondaki-iyilesme-yuz-yillar-surebilir-68x50.jpg 68w, https:\/\/www.enerjigazetesi.ist\/wp-content\/uploads\/2014\/09\/karakaya-ozondaki-iyilesme-yuz-yillar-surebilir.jpg 373w\" sizes=\"(max-width: 300px) 100vw, 300px\" \/><\/a>in t\u00fcm d\u00fcnya i\u00e7in bir tehdit haline gelen ve iklim de\u011fi\u015fikli\u011fine yol a\u00e7an karbon sal\u0131m\u0131 ile m\u00fccadele yolunda olduk\u00e7a \u00f6nemli bir geli\u015fme oldu\u011funu ifade eden Adnan Menderes \u00dcniversitesi \u00d6\u011fretim \u00dcyesi ve \u0130stanbul Karbon Zirvesi Komite Ba\u015fkan\u0131 Prof. Dr. Etem Karakaya, \u00f6zellikle son y\u0131llarda iklim de\u011fi\u015fikli\u011fi nedeniyle d\u00fcnya genelinde \u00e7evre dostu politikalar\u0131n uygulanmas\u0131n\u0131n bir zorunluluk haline geldi\u011fini belirtti.<\/p>\n<p>Prof. Dr. Etem Karakaya, \u201cNas\u0131l ki Dunya Montreal Protokol\u00fc ile ozon sorununa b\u00f6yle bir \u00e7\u00f6z\u00fcm bulundu ise, iklim de\u011fi\u015fikli\u011fi ile m\u00fccadelede de benzer bir ad\u0131m at\u0131lmal\u0131d\u0131r. Tabiki iklim de\u011fi\u015fikli\u011fi \u00e7ok daha karma\u015f\u0131k bir sorun ve bu anlamda \u00fclkenin gerek enerji gerekse de ekonomik sistemlerinde cok daha radikal d\u00f6n\u00fc\u015f\u00fcm\u00fc gerektiriyor. Bu nedenle de bir anla\u015fmaya var\u0131lmas\u0131 \u00e7ok daha zor&#8221; dedi.<\/p>\n<p><strong>II. \u0130STANBUL KARBON Z\u0130RVES\u0130 \u00d6NEML\u0130 B\u0130R FIRSAT<\/strong><br \/>\nBu y\u0131l b\u00fcy\u00fck ilgi g\u00f6ren ve 2-3 Nisan 2015 tarihlerinde ikincisi ger\u00e7ekle\u015ftirilecek \u0130stanbul Karbon Zirvesi\u2019nde karbon sal\u0131m\u0131n\u0131n enerji tasarrufu yoluyla konutlarda, sanayide ve ula\u015ft\u0131rma sekt\u00f6r\u00fcnde nas\u0131l azalt\u0131laca\u011f\u0131 gibi t\u00fcm d\u00fcnyay\u0131 ve gelecek nesilleri ilgilendiren konular\u0131n t\u00fcm detaylar\u0131yla masaya yat\u0131r\u0131laca\u011f\u0131n\u0131 ifade eden Prof. Dr. Etem Karakaya, \u015funlar\u0131 s\u00f6yledi:<br \/>\n\u201cII. \u0130stanbul Karbon Zirvesi, karbon sal\u0131m\u0131n\u0131 azaltmaya y\u00f6nelik bilincin olu\u015fmas\u0131na katk\u0131 sa\u011flamak isteyen t\u00fcm ki\u015fi ve kurulu\u015flar i\u00e7in \u00f6nemli bir f\u0131rsat. Geli\u015ftirece\u011fimiz \u00e7evre dostu politikalarla ozon tabakas\u0131n\u0131n iyile\u015fme s\u00fcrecine katk\u0131 sa\u011flamal\u0131y\u0131z. Bu t\u00fcr \u00e7\u00f6z\u00fcm odakl\u0131 zirvelerle toplumsal bilinci uyand\u0131rmal\u0131y\u0131z.\u201d<\/p>\n<p>Yay\u0131nc\u0131: <a href=\"https:\/\/www.enerjigazetesi.ist\" target=\"_blank\">Enerji Gazetesi<\/a><\/p>","protected":false},"excerpt":{"rendered":"<p>Sorry, this entry is only available in Turkish. For the sake of viewer convenience, the content is shown below in the alternative language. You may click the link to switch the active language.\u0130stanbul Karbon Zirvesi Komite Ba\u015fkan\u0131 Ba\u015fkan\u0131 Prof. Dr. Etem Karakaya, ozondaki iyile\u015fmenin y\u00fcz y\u0131llar s\u00fcrebilece\u011fini s\u00f6yledi. \u0130stanbul Karbon Zirvesi Komite Ba\u015fkan\u0131 Ba\u015fkan\u0131 Prof. [&hellip;]<\/p>\n","protected":false},"author":1,"featured_media":31515,"comment_status":"open","ping_status":"open","sticky":false,"template":"","format":"standard","meta":[],"categories":[53,52],"tags":[63,67,1009,165,12701,18153,18152,14351],"views":689,"_links":{"self":[{"href":"https:\/\/www.enerjigazetesi.ist\/en\/wp-json\/wp\/v2\/posts\/31514"}],"collection":[{"href":"https:\/\/www.enerjigazetesi.ist\/en\/wp-json\/wp\/v2\/posts"}],"about":[{"href":"https:\/\/www.enerjigazetesi.ist\/en\/wp-json\/wp\/v2\/types\/post"}],"author":[{"embeddable":true,"href":"https:\/\/www.enerjigazetesi.ist\/en\/wp-json\/wp\/v2\/users\/1"}],"replies":[{"embeddable":true,"href":"https:\/\/www.enerjigazetesi.ist\/en\/wp-json\/wp\/v2\/comments?post=31514"}],"version-history":[{"count":1,"href":"https:\/\/www.enerjigazetesi.ist\/en\/wp-json\/wp\/v2\/posts\/31514\/revisions"}],"predecessor-version":[{"id":31516,"href":"https:\/\/www.enerjigazetesi.ist\/en\/wp-json\/wp\/v2\/posts\/31514\/revisions\/31516"}],"wp:featuredmedia":[{"embeddable":true,"href":"https:\/\/www.enerjigazetesi.ist\/en\/wp-json\/wp\/v2\/media\/31515"}],"wp:attachment":[{"href":"https:\/\/www.enerjigazetesi.ist\/en\/wp-json\/wp\/v2\/media?parent=31514"}],"wp:term":[{"taxonomy":"category","embeddable":true,"href":"https:\/\/www.enerjigazetesi.ist\/en\/wp-json\/wp\/v2\/categories?post=31514"},{"taxonomy":"post_tag","embeddable":true,"href":"https:\/\/www.enerjigazetesi.ist\/en\/wp-json\/wp\/v2\/tags?post=31514"}],"curies":[{"name":"wp","href":"https:\/\/api.w.org\/{rel}","templated":true}]}}