{"id":31486,"date":"2014-09-16T11:06:22","date_gmt":"2014-09-16T08:06:22","guid":{"rendered":"https:\/\/www.enerjigazetesi.ist\/?p=31486"},"modified":"2014-09-16T11:06:22","modified_gmt":"2014-09-16T08:06:22","slug":"ab-rus-dogalgazi-olmadan-sadece-9-ay-idare-edebilecegini-hesapladi","status":"publish","type":"post","link":"https:\/\/www.enerjigazetesi.ist\/en\/ab-rus-dogalgazi-olmadan-sadece-9-ay-idare-edebilecegini-hesapladi\/","title":{"rendered":"(Turkish) AB, Rus Do\u011falgaz\u0131 Olmadan Sadece 9 Ay \u0130dare Edebilece\u011fini Hesaplad\u0131!"},"content":{"rendered":"<p class=\"qtranxs-available-languages-message qtranxs-available-languages-message-en\">Sorry, this entry is only available in <a href=\"https:\/\/www.enerjigazetesi.ist\/tr\/wp-json\/wp\/v2\/posts\/31486\" class=\"qtranxs-available-language-link qtranxs-available-language-link-tr\" title=\"Turkish\">Turkish<\/a>. For the sake of viewer convenience, the content is shown below in the alternative language. You may click the link to switch the active language.<\/p><p><strong>Rusya\u2019dan ithal edilen gaz\u0131 Cezayir ve Norve\u00e7\u2019ten sevkiyatlar bile ikame edemeyecek.<\/strong><span id=\"more-67136\"><\/span><\/p>\n<p>Avrupa Parlamentosu milletvekili Jacek Saryusz-Wolski, Rusya\u2019dan do\u011falgaz sevkiyat\u0131n\u0131n durdurulmas\u0131 durumunda AB <a href=\"https:\/\/www.enerjigazetesi.ist\/wp-content\/uploads\/2014\/09\/gazprom-ukrayna-gaz-9872879233.jpg\"><img loading=\"lazy\" class=\"alignright size-medium wp-image-31487\" src=\"https:\/\/www.enerjigazetesi.ist\/wp-content\/uploads\/2014\/09\/gazprom-ukrayna-gaz-9872879233-300x168.jpg\" alt=\"File photo of a pressure gauge at an underground gas storage facility in the village of Mryn\" width=\"300\" height=\"168\" srcset=\"https:\/\/www.enerjigazetesi.ist\/wp-content\/uploads\/2014\/09\/gazprom-ukrayna-gaz-9872879233-300x168.jpg 300w, https:\/\/www.enerjigazetesi.ist\/wp-content\/uploads\/2014\/09\/gazprom-ukrayna-gaz-9872879233-500x280.jpg 500w, https:\/\/www.enerjigazetesi.ist\/wp-content\/uploads\/2014\/09\/gazprom-ukrayna-gaz-9872879233-80x44.jpg 80w, https:\/\/www.enerjigazetesi.ist\/wp-content\/uploads\/2014\/09\/gazprom-ukrayna-gaz-9872879233.jpg 788w\" sizes=\"(max-width: 300px) 100vw, 300px\" \/><\/a>\u00fclkelerinin 9 ay boyunca depolardaki gaz\u0131 kullanaca\u011f\u0131n\u0131, Cezayir ve Norve\u00e7li alternatif tedarik\u00e7ilerden alaca\u011f\u0131n\u0131 ve ABD\u2019den s\u0131v\u0131la\u015ft\u0131r\u0131lm\u0131\u015f gaz\u0131 alaca\u011f\u0131n\u0131 anlatt\u0131.<\/p>\n<p>Avrupal\u0131 siyaset\u00e7i, \u201cB\u00f6yle bir ara\u015ft\u0131rma, AB\u2019nin do\u011falgaz\u0131 bir yapt\u0131r\u0131m olarak kullanmas\u0131 durumunda neler olaca\u011f\u0131n\u0131 anlamak i\u00e7in bir y\u0131l \u00f6nce yap\u0131lm\u0131\u015ft\u0131\u201d dedi.<\/p>\n<p>Peki Avrupa Birli\u011fi, do\u011falgaz ihtiyac\u0131n\u0131 Rusya\u2019dan de\u011fil de di\u011fer kaynaklardan kar\u015f\u0131layabilir mi? Asl\u0131nda evet. Ancak bu \u00e7ok zor olacak ve \u00e7ok uzun s\u00fcrecek. \u00c7\u00fcnk\u00fc d\u00fcnyada \u00fcretilen t\u00fcm do\u011falgaz planland\u0131. Do\u011falgaz s\u00f6zle\u015fmeleri uzun vadeli ve bu sorunu h\u0131zl\u0131 bir \u015fekilde sadece ortaya \u00e7\u0131kacak yeni kaynaklar \u00e7\u00f6zebilir.<\/p>\n<p>Yeni kaynaklara gelince halihaz\u0131rda ABD\u2019den Avrupa\u2019ya s\u0131v\u0131la\u015ft\u0131r\u0131lm\u0131\u015f do\u011falgaz sevkiyat\u0131 olas\u0131l\u0131\u011f\u0131 g\u00f6r\u00fc\u015f\u00fcl\u00fcyor. Bu gaz\u0131n, Ukrayna dahil Do\u011fu Avrupa\u2019ya ula\u015ft\u0131r\u0131lmas\u0131 d\u00fc\u015f\u00fcn\u00fcl\u00fcyor. Bu t\u00fcr sevkiyatlar, ekonomik olmaktan ziyade siyasi anlam ta\u015f\u0131yabilir. B\u00fcy\u00fck hacimler beklenemez. ABD\u2019nin halihaz\u0131rda ihracat i\u00e7in ay\u0131rabilece\u011fi her \u015feyin daha ziyade psikolojik anlam\u0131 olacak.<\/p>\n<p>\u00d6te yandan Ukrayna, do\u011falgaz t\u00fcketimini 4,5 milyar metrek\u00fcp azaltt\u0131. Nedeni, sanayi \u00fcretiminde gerileme ve daralan ekonomi.<\/p>\n<p>Kaynak: <a href=\"http:\/\/turkish.ruvr.ru\/2014_09_15\/rus-dogalgazi-olmadan-sadece-9-ay-idare-edebilecekler\/\" target=\"_blank\" rel=\"nofollow\">Rusya\u2019n\u0131n Sesi<\/a><\/p>","protected":false},"excerpt":{"rendered":"<p>Sorry, this entry is only available in Turkish. For the sake of viewer convenience, the content is shown below in the alternative language. You may click the link to switch the active language.Rusya\u2019dan ithal edilen gaz\u0131 Cezayir ve Norve\u00e7\u2019ten sevkiyatlar bile ikame edemeyecek. Avrupa Parlamentosu milletvekili Jacek Saryusz-Wolski, Rusya\u2019dan do\u011falgaz sevkiyat\u0131n\u0131n durdurulmas\u0131 durumunda AB \u00fclkelerinin [&hellip;]<\/p>\n","protected":false},"author":1,"featured_media":31487,"comment_status":"open","ping_status":"open","sticky":false,"template":"","format":"standard","meta":[],"categories":[46,53],"tags":[18135,2132,18136,18137,18138,1772,18139],"views":789,"_links":{"self":[{"href":"https:\/\/www.enerjigazetesi.ist\/en\/wp-json\/wp\/v2\/posts\/31486"}],"collection":[{"href":"https:\/\/www.enerjigazetesi.ist\/en\/wp-json\/wp\/v2\/posts"}],"about":[{"href":"https:\/\/www.enerjigazetesi.ist\/en\/wp-json\/wp\/v2\/types\/post"}],"author":[{"embeddable":true,"href":"https:\/\/www.enerjigazetesi.ist\/en\/wp-json\/wp\/v2\/users\/1"}],"replies":[{"embeddable":true,"href":"https:\/\/www.enerjigazetesi.ist\/en\/wp-json\/wp\/v2\/comments?post=31486"}],"version-history":[{"count":1,"href":"https:\/\/www.enerjigazetesi.ist\/en\/wp-json\/wp\/v2\/posts\/31486\/revisions"}],"predecessor-version":[{"id":31488,"href":"https:\/\/www.enerjigazetesi.ist\/en\/wp-json\/wp\/v2\/posts\/31486\/revisions\/31488"}],"wp:featuredmedia":[{"embeddable":true,"href":"https:\/\/www.enerjigazetesi.ist\/en\/wp-json\/wp\/v2\/media\/31487"}],"wp:attachment":[{"href":"https:\/\/www.enerjigazetesi.ist\/en\/wp-json\/wp\/v2\/media?parent=31486"}],"wp:term":[{"taxonomy":"category","embeddable":true,"href":"https:\/\/www.enerjigazetesi.ist\/en\/wp-json\/wp\/v2\/categories?post=31486"},{"taxonomy":"post_tag","embeddable":true,"href":"https:\/\/www.enerjigazetesi.ist\/en\/wp-json\/wp\/v2\/tags?post=31486"}],"curies":[{"name":"wp","href":"https:\/\/api.w.org\/{rel}","templated":true}]}}