{"id":3148,"date":"2012-11-02T18:23:36","date_gmt":"2012-11-02T15:23:36","guid":{"rendered":"https:\/\/www.enerjigazetesi.ist\/?p=3148"},"modified":"2012-11-02T18:23:36","modified_gmt":"2012-11-02T15:23:36","slug":"artan-elektrik-fiyatlarina-karsi-enerji-verimliligi-girisimi","status":"publish","type":"post","link":"https:\/\/www.enerjigazetesi.ist\/en\/artan-elektrik-fiyatlarina-karsi-enerji-verimliligi-girisimi\/","title":{"rendered":"(Turkish) Artan Elektrik Fiyatlar\u0131na Kar\u015f\u0131 Enerji Verimlili\u011fi Giri\u015fimi"},"content":{"rendered":"<p class=\"qtranxs-available-languages-message qtranxs-available-languages-message-en\">Sorry, this entry is only available in <a href=\"https:\/\/www.enerjigazetesi.ist\/tr\/wp-json\/wp\/v2\/posts\/3148\" class=\"qtranxs-available-language-link qtranxs-available-language-link-tr\" title=\"Turkish\">Turkish<\/a>. For the sake of viewer convenience, the content is shown below in the alternative language. You may click the link to switch the active language.<\/p><p><strong>Alman \u00c7evre Bakan\u0131 Peter Altmaier artan elektrik fiyatlar\u0131n\u0131n da etkisi ile \u00fclkedeki elektrik t\u00fcketimini 2020 sonuna kadar y\u00fczde 10 oran\u0131nda azaltmay\u0131 hedefleyen yeni bir giri\u015fim ba\u015flat\u0131ld\u0131\u011f\u0131n\u0131 a\u00e7\u0131klad\u0131.<\/strong><\/p>\n<p><img loading=\"lazy\" class=\"alignleft size-medium wp-image-3149\" title=\"almanya-enerji-verimliligi\" src=\"https:\/\/www.enerjigazetesi.ist\/wp-content\/uploads\/2012\/11\/almanya-enerji-verimliligi-300x197.jpg\" alt=\"\" width=\"300\" height=\"197\" srcset=\"https:\/\/www.enerjigazetesi.ist\/wp-content\/uploads\/2012\/11\/almanya-enerji-verimliligi-300x197.jpg 300w, https:\/\/www.enerjigazetesi.ist\/wp-content\/uploads\/2012\/11\/almanya-enerji-verimliligi-75x50.jpg 75w, https:\/\/www.enerjigazetesi.ist\/wp-content\/uploads\/2012\/11\/almanya-enerji-verimliligi.jpg 379w\" sizes=\"(max-width: 300px) 100vw, 300px\" \/>Alman Bakan plan ile ilgili olarak enerji \u015firketleri ve t\u00fcketici gruplar\u0131 ile ger\u00e7ekle\u015ftirdi\u011fi toplant\u0131n\u0131n ard\u0131ndan yapt\u0131\u011f\u0131 a\u00e7\u0131klamada giri\u015fim kapsam\u0131nda d\u00fc\u015f\u00fck gelirli aileler i\u00e7in sa\u011flanan enerji verimlili\u011fi dan\u0131\u015fmanl\u0131k hizmetlerinin iki kat\u0131na \u00e7\u0131kar\u0131lmas\u0131n\u0131n d\u00fc\u015f\u00fcn\u00fcld\u00fc\u011f\u00fcn\u00fc s\u00f6yledi.<\/p>\n<p>Altmaier ayr\u0131ca \u015fu an Almanya&#8217;daki hanelerin y\u00fczde 10&#8217;unun yararland\u0131\u011f\u0131 enerji verimli elektrikli ev aletleri kullan\u0131lmas\u0131na y\u00f6nelik deste\u011fin ise Almanya&#8217;daki t\u00fcm haneleri kapsayacak \u015fekilde geni\u015fletilebilece\u011fini de ifade etti.<\/p>\n<p>2011 y\u0131l\u0131nda Japonya&#8217;da ya\u015fanan Fuku\u015fima felaketinin ard\u0131ndan Angela Merkel h\u00fck\u00fcmeti taraf\u0131ndan \u00fclkedeki n\u00fckleer enerji reakt\u00f6rlerinden baz\u0131lar\u0131 kapat\u0131lm\u0131\u015f, 2022 y\u0131l\u0131na kadar ise tamam\u0131 i\u00e7in kapat\u0131lma karar\u0131 al\u0131nd\u0131\u011f\u0131 a\u00e7\u0131klanm\u0131\u015ft\u0131.<\/p>\n<p>Ge\u00e7en hafta ise \u00fclkedeki d\u00f6rt ana elektrik da\u011f\u0131t\u0131mc\u0131s\u0131 \u015firket taraf\u0131ndan Alman elektrik t\u00fcketicilerinin faturalar\u0131na yenilenebilir enerji kaynaklar\u0131n\u0131 desteklemek amac\u0131 ile yans\u0131t\u0131lan kWh ba\u015f\u0131na 3.6 avro sentlik \u00fccretin y\u00fczde 47 oran\u0131nda zam ile 2013&#8217;te 5.3 avro-sent olarak uygulanaca\u011f\u0131 a\u00e7\u0131klanm\u0131\u015ft\u0131.<\/p>\n<p>Bununla birlikte ortalama olarak Alman elektrik t\u00fcketicileri elektri\u011fe kWh ba\u015f\u0131na 24 avro sent \u00f6derken, Frans\u0131zlar 13 avro-sent, \u0130ngilizler ise 14 avro sent \u00f6d\u00fcyor.<\/p>\n<p>Kaynak: <a href=\"http:\/\/www.yesilekonomi.com\/verimlilik\/artan-elektrik-fiyatlarina-karsi-enerji-verimliligi-girisimi-baslatiliyor\" target=\"_blank\">Ye\u015fil Ekonomi<\/a><\/p>","protected":false},"excerpt":{"rendered":"<p>Sorry, this entry is only available in Turkish. For the sake of viewer convenience, the content is shown below in the alternative language. You may click the link to switch the active language.Alman \u00c7evre Bakan\u0131 Peter Altmaier artan elektrik fiyatlar\u0131n\u0131n da etkisi ile \u00fclkedeki elektrik t\u00fcketimini 2020 sonuna kadar y\u00fczde 10 oran\u0131nda azaltmay\u0131 hedefleyen yeni [&hellip;]<\/p>\n","protected":false},"author":1,"featured_media":3149,"comment_status":"open","ping_status":"open","sticky":false,"template":"","format":"standard","meta":[],"categories":[53,52],"tags":[893,892,12],"views":655,"_links":{"self":[{"href":"https:\/\/www.enerjigazetesi.ist\/en\/wp-json\/wp\/v2\/posts\/3148"}],"collection":[{"href":"https:\/\/www.enerjigazetesi.ist\/en\/wp-json\/wp\/v2\/posts"}],"about":[{"href":"https:\/\/www.enerjigazetesi.ist\/en\/wp-json\/wp\/v2\/types\/post"}],"author":[{"embeddable":true,"href":"https:\/\/www.enerjigazetesi.ist\/en\/wp-json\/wp\/v2\/users\/1"}],"replies":[{"embeddable":true,"href":"https:\/\/www.enerjigazetesi.ist\/en\/wp-json\/wp\/v2\/comments?post=3148"}],"version-history":[{"count":2,"href":"https:\/\/www.enerjigazetesi.ist\/en\/wp-json\/wp\/v2\/posts\/3148\/revisions"}],"predecessor-version":[{"id":3151,"href":"https:\/\/www.enerjigazetesi.ist\/en\/wp-json\/wp\/v2\/posts\/3148\/revisions\/3151"}],"wp:featuredmedia":[{"embeddable":true,"href":"https:\/\/www.enerjigazetesi.ist\/en\/wp-json\/wp\/v2\/media\/3149"}],"wp:attachment":[{"href":"https:\/\/www.enerjigazetesi.ist\/en\/wp-json\/wp\/v2\/media?parent=3148"}],"wp:term":[{"taxonomy":"category","embeddable":true,"href":"https:\/\/www.enerjigazetesi.ist\/en\/wp-json\/wp\/v2\/categories?post=3148"},{"taxonomy":"post_tag","embeddable":true,"href":"https:\/\/www.enerjigazetesi.ist\/en\/wp-json\/wp\/v2\/tags?post=3148"}],"curies":[{"name":"wp","href":"https:\/\/api.w.org\/{rel}","templated":true}]}}