{"id":31461,"date":"2014-09-15T13:09:51","date_gmt":"2014-09-15T10:09:51","guid":{"rendered":"https:\/\/www.enerjigazetesi.ist\/?p=31461"},"modified":"2014-09-15T13:12:09","modified_gmt":"2014-09-15T10:12:09","slug":"enerji-verimliligi-kapsaminda-sanayide-motorlar-yenilenecek-8-milyar-lira-cepte-kalacak","status":"publish","type":"post","link":"https:\/\/www.enerjigazetesi.ist\/en\/enerji-verimliligi-kapsaminda-sanayide-motorlar-yenilenecek-8-milyar-lira-cepte-kalacak\/","title":{"rendered":"(Turkish) Enerji Verimlili\u011fi Kapsam\u0131nda Sanayide Motorlar Yenilenecek!"},"content":{"rendered":"<p class=\"qtranxs-available-languages-message qtranxs-available-languages-message-en\">Sorry, this entry is only available in <a href=\"https:\/\/www.enerjigazetesi.ist\/tr\/wp-json\/wp\/v2\/posts\/31461\" class=\"qtranxs-available-language-link qtranxs-available-language-link-tr\" title=\"Turkish\">Turkish<\/a>. For the sake of viewer convenience, the content is shown below in the alternative language. You may click the link to switch the active language.<\/p><p><strong>Bilim, Sanayi ve Teknoloji Bakan\u0131 I\u015f\u0131k, sanayideki d\u00fc\u015f\u00fck verimli motorlar\u0131n verimli motorlarla de\u011fi\u015ftirilmesiyle 8 milyar lira tasarruf sa\u011flanaca\u011f\u0131n\u0131 bildirdi.<\/strong><\/p>\n<p>Bilim, Sanayi ve Teknoloji Bakan\u0131 Fikri I\u015f\u0131k, enerji verimlili\u011fi kapsam\u0131nda sanayide d\u00f6n\u00fc\u015f\u00fcm\u00fcn ilk ad\u0131m\u0131n\u0131 elektrik motorlar\u0131nda att\u0131klar\u0131n\u0131 belirt<a href=\"https:\/\/www.enerjigazetesi.ist\/wp-content\/uploads\/2014\/09\/sanayide-motorlar-yenilenecek-8-milyar-lira-cepte-kalacak.jpg\"><img loading=\"lazy\" class=\"alignleft size-medium wp-image-31462\" src=\"https:\/\/www.enerjigazetesi.ist\/wp-content\/uploads\/2014\/09\/sanayide-motorlar-yenilenecek-8-milyar-lira-cepte-kalacak-300x223.jpg\" alt=\"sanayide-motorlar-yenilenecek-8-milyar-lira-cepte-kalacak\" width=\"300\" height=\"223\" srcset=\"https:\/\/www.enerjigazetesi.ist\/wp-content\/uploads\/2014\/09\/sanayide-motorlar-yenilenecek-8-milyar-lira-cepte-kalacak-300x223.jpg 300w, https:\/\/www.enerjigazetesi.ist\/wp-content\/uploads\/2014\/09\/sanayide-motorlar-yenilenecek-8-milyar-lira-cepte-kalacak-67x50.jpg 67w, https:\/\/www.enerjigazetesi.ist\/wp-content\/uploads\/2014\/09\/sanayide-motorlar-yenilenecek-8-milyar-lira-cepte-kalacak.jpg 438w\" sizes=\"(max-width: 300px) 100vw, 300px\" \/><\/a>erek, T\u00fcrkiye&#8217;deki t\u00fcm elektri\u011fin y\u00fczde 35&#8217;ini t\u00fcketen ve y\u00fczde 80&#8217;i d\u00fc\u015f\u00fck verimli elektrik motorlar\u0131n\u0131 y\u00fcksek verimlileriyle de\u011fi\u015ftirmeyi planlad\u0131klar\u0131n\u0131 bildirdi.<\/p>\n<p>Bilim, Sanayi ve Teknoloji Bakanl\u0131\u011f\u0131, 10. Kalk\u0131nma Plan\u0131&#8217;nda da yer alan &#8216;Sanayide Enerji Verimlili\u011fi&#8217;ni sa\u011flamak i\u00e7in ilk adam\u0131 att\u0131. \u0130lk olarak elektrik t\u00fcketiminin b\u00fcy\u00fck bir k\u0131sm\u0131n\u0131n ger\u00e7ekle\u015ftirildi\u011fi elektrik motorlar\u0131n\u0131n d\u00f6n\u00fc\u015f\u00fcm\u00fcn\u00fc planlayan bakanl\u0131k, gereken tespitleri yapt\u0131 ve bu kapsamda ilgili kurum ve kurulu\u015flarla g\u00f6r\u00fc\u015fmelere ba\u015flad\u0131.<\/p>\n<p>Bakan I\u015f\u0131k, yapt\u0131\u011f\u0131 a\u00e7\u0131klamada, 2012 y\u0131l\u0131 verilerine g\u00f6re T\u00fcrkiye&#8217;de toplam enerjinin y\u00fczde 35&#8217;ini, elektri\u011fin de yar\u0131ya yak\u0131n\u0131n\u0131 sanayi kesiminin t\u00fcketti\u011fini ifade etti.<\/p>\n<p>Sanayide kullan\u0131lan elektri\u011fin y\u00fczde 70&#8217;inin elektrik motorlar\u0131nda t\u00fcketildi\u011fi g\u00f6z \u00f6n\u00fcne al\u0131nd\u0131\u011f\u0131nda, T\u00fcrkiye&#8217;deki net elektrik t\u00fcketiminin yakla\u015f\u0131k y\u00fczde 35&#8217;inin s\u00f6z konusu motorlarda ger\u00e7ekle\u015fti\u011fini anlatan I\u015f\u0131k, &#8220;Burada \u00e7ok b\u00fcy\u00fck bir g\u00fc\u00e7ten bahsediyoruz. \u00dclkenin toplam elektri\u011finin \u00fc\u00e7te birini bu motorlar t\u00fcketiyor. Burada bir verimsizli\u011fe m\u00fcsaade edemeyiz&#8221; diye konu\u015ftu.<\/p>\n<p><b class=\"baslik\">&#8220;Y\u00fcksek teknolojili motorlar, kendilerini 4-5 ay i\u00e7inde amorti ediyor&#8221; <\/b><\/p>\n<p>T\u00fcrkiye&#8217;nin sanayisinde yakla\u015f\u0131k 15 milyon elektrik motoru kullan\u0131ld\u0131\u011f\u0131 bilgisini veren I\u015f\u0131k, bunlar\u0131n y\u00fczde 80&#8217;inin d\u00fc\u015f\u00fck teknolojili oldu\u011funu s\u00f6yledi. Yapt\u0131klar\u0131 ilk tespite g\u00f6re bu motorlar\u0131n yakla\u015f\u0131k 30-40 y\u0131ll\u0131k oldu\u011funu anlatan I\u015f\u0131k, \u015funlar\u0131 kaydetti:<\/p>\n<p>&#8220;T\u00fcrkiye&#8217;deki t\u00fcm elektri\u011fin y\u00fczde 35&#8217;ini t\u00fcketen ve y\u00fczde 80&#8217;i d\u00fc\u015f\u00fck verimli elektrik motorlar\u0131n\u0131 y\u00fcksek verimlileriyle de\u011fi\u015ftirmeyi planl\u0131yoruz. Fabrika sahiplerine de bu motorlar\u0131 yenilemeleri gerekti\u011fini \u00e7e\u015fitli \u015fekillerde s\u00f6yl\u00fcyoruz ama tabii onlar da bu i\u015fin kendileri i\u00e7in bir maliyet unsuru oldu\u011funu dile getiriyorlar ve genelde de bu maliyeti d\u00fc\u015f\u00fcnerek yenilemeye giri\u015fmiyorlar. Bu noktada \u015funu a\u00e7\u0131k\u00e7a s\u00f6yleyebilirim ki d\u00fc\u015f\u00fck teknolojili bir elektrik motorunu hurdaya ay\u0131rarak y\u00fcksek teknolojili ve verimli bir motorla de\u011fi\u015ftirdi\u011finizde katlanaca\u011f\u0131n\u0131z maliyet, yap\u0131lacak tasarrufla bir y\u0131lda \u00e7\u0131k\u0131yor. Yeni al\u0131mlarda d\u00fc\u015f\u00fck teknolojili bir elektrik motorunu tercih etmek yerine y\u00fcksek teknolojili ve verimli bir motoru sat\u0131n ald\u0131\u011f\u0131n\u0131zda katlanaca\u011f\u0131n\u0131z ek maliyet, elektrik t\u00fcketiminden yap\u0131lacak tasarrufla 4-5 ayda \u00e7\u0131k\u0131yor. Yani y\u00fcksek teknolojili motorlar, kendisini 4-5 ay i\u00e7inde amorti ediyor.&#8221;<\/p>\n<p><b class=\"baslik\">&#8220;KOB\u0130&#8217;lere destek verilecek&#8221; <\/b><\/p>\n<p>Ortaya \u00e7\u0131kan bu tablodan sonra, sanayicilerin bir an \u00f6nce bu d\u00f6n\u00fc\u015f\u00fcm\u00fc yapmalar\u0131 gerekti\u011finin alt\u0131n\u0131 \u00e7izen I\u015f\u0131k, her \u015feye ra\u011fmen bu maliyeti \u00e7\u0131karamayacak k\u00fc\u00e7\u00fck ve orta b\u00fcy\u00fckl\u00fckteki i\u015fletmelere destek olacak mekanizmalar \u00fczerinde de \u00e7al\u0131\u015ft\u0131klar\u0131n\u0131 s\u00f6yledi.<\/p>\n<p>Bakan Fikri I\u015f\u0131k, s\u00f6z konusu d\u00f6n\u00fc\u015f\u00fcm\u00fcn sa\u011flanabilmesi i\u00e7in olu\u015fturulan &#8220;masaya&#8221; geni\u015f bir kat\u0131l\u0131m\u0131n oldu\u011funu belirterek, bu i\u015f i\u00e7in Enerji ve Tabii Kaynaklar, G\u00fcmr\u00fck ve Ticaret, Kalk\u0131nma bakanl\u0131klar\u0131, Avrupa Yat\u0131r\u0131m Bankas\u0131 ve Hazine M\u00fcste\u015farl\u0131\u011f\u0131 ile bir araya geleceklerini ifade etti. T\u00fcrkiye&#8217;de y\u00fcksek teknolojili elektrik motoru \u00fcreten 6 yerli firman\u0131n da bulundu\u011funu anlatan I\u015f\u0131k, bu firmalar\u0131n da s\u00f6z konusu masada olaca\u011f\u0131n\u0131 kaydetti.<\/p>\n<p>I\u015f\u0131k, elektrik motorlar\u0131n\u0131 d\u00f6n\u00fc\u015ft\u00fcrmek isteyen KOB\u0130&#8217;lere KOSGEB ve Avrupa Yat\u0131r\u0131m Bankas\u0131 taraf\u0131ndan destek verilmesine y\u00f6nelik bir model \u00fczerinde \u00e7al\u0131\u015ft\u0131klar\u0131n\u0131 bildirdi.<\/p>\n<p><b class=\"baslik\">&#8220;TSE&#8217;de laboratuvar a\u00e7\u0131lacak, d\u00f6n\u00fc\u015f\u00fcm bir kampanya haline getirilecek&#8221; <\/b><\/p>\n<p>Bilim, Sanayi ve Teknoloji Bakan\u0131 I\u015f\u0131k, yap\u0131lacak d\u00f6n\u00fc\u015f\u00fcm hamlesinde T\u00fcrk Standardlar\u0131 Enstit\u00fcs\u00fcn\u00fcn de (TSE) yer alaca\u011f\u0131n\u0131 belirterek, elektrik motorlar\u0131n\u0131n test s\u00fcrecini d\u00fcnya \u00e7ap\u0131nda bir kaliteyle yapabilecek laboratuvar\u0131n da TSE b\u00fcnyesinde ocak ay\u0131nda hizmete girmesinin planland\u0131\u011f\u0131n\u0131 s\u00f6yledi. Bunun \u00fclke a\u00e7\u0131s\u0131ndan son derece \u00f6nemli oldu\u011funun alt\u0131n\u0131 \u00e7izen I\u015f\u0131k, motorlar\u0131n kalitesinin milli bir kurum olan TSE taraf\u0131ndan \u00f6l\u00e7\u00fclebilece\u011fini ifade etti.<\/p>\n<p>Bu d\u00f6n\u00fc\u015f\u00fcm\u00fc adeta bir kampanya haline getirmek istediklerini anlatan I\u015f\u0131k, &#8220;Bunun medya ve mevzuat aya\u011f\u0131 da olacak. Sanayicilerimizi bu konuda ikna edebilmek i\u00e7in kamu spotlar\u0131 haz\u0131rlanacak ve bir bilin\u00e7lendirme kampanyas\u0131 y\u00fcr\u00fct\u00fclecek. Ayr\u0131ca bu noktada yap\u0131lacak mevzuat de\u011fi\u015fikli\u011fi olursa da bunu da yapaca\u011f\u0131z&#8221; de\u011ferlendirmesinde bulundu.<\/p>\n<p><b class=\"baslik\">\u0130lk etapta 500 bin motor d\u00f6n\u00fc\u015fecek&#8221; <\/b><\/p>\n<p>Yap\u0131lacak d\u00f6n\u00fc\u015f\u00fcmle \u00fclkeye \u00f6nemli bir katk\u0131 sa\u011flamay\u0131 hedeflediklerini dile getiren Bakan I\u015f\u0131k, \u015f\u00f6yle devam etti:<\/p>\n<p>&#8220;Say\u0131lar\u0131 15 milyonu bulan s\u00f6z konusu motorlar\u0131n ilk etapta 500 binini, 8 y\u0131l i\u00e7inde de tamam\u0131n\u0131 y\u00fcksek teknolojili olanlarla de\u011fi\u015ftirmek, yenilemek istiyoruz. Yap\u0131lacak t\u00fcm bilgilendirmeye ve verilen desteklere ra\u011fmen s\u00f6z konusu altyap\u0131s\u0131n\u0131 de\u011fi\u015ftirmek istemeyenler i\u00e7in de farkl\u0131 \u00e7\u00f6z\u00fcm yollar\u0131 sunabiliriz. Bu motorlarda verimlili\u011fi art\u0131r\u0131rken, elektrik t\u00fcketimini azaltacak baz\u0131 aparatlar var. Sanayicilerimize bunlar\u0131 kullanma noktas\u0131nda da yol g\u00f6sterici olabiliriz ama bizim as\u0131l istedi\u011fimiz d\u00f6n\u00fc\u015f\u00fcm.<\/p>\n<p>\u00c7\u00fcnk\u00fc burada \u00e7ok b\u00fcy\u00fck bir enerji kayb\u0131m\u0131z var. \u00d6te yandan, bunun d\u0131\u015f ticaret boyutu da var. Ge\u00e7en y\u0131l 190 milyon dolar\u0131n \u00fczerinde elektrik motoru ithal etmi\u015fiz. Oysa, bu alanda faaliyet g\u00f6steren 6 firmam\u0131z, T\u00fcrkiye&#8217;nin ihtiyac\u0131n\u0131 kar\u015f\u0131layabilecek d\u00fczeyde. Yap\u0131lacak d\u00f6n\u00fc\u015f\u00fcmle bu ithalat\u0131n da \u00f6n\u00fcne ge\u00e7meyi d\u00fc\u015f\u00fcn\u00fcyoruz.&#8221;<\/p>\n<p><b class=\"baslik\">&#8220;8 milyar lira \u00fclkenin cebinde kalacak&#8221; <\/b><\/p>\n<p>Yapt\u0131klar\u0131 \u00e7al\u0131\u015fmaya g\u00f6re, T\u00fcrkiye&#8217;de yo\u011funlukla kullan\u0131lan d\u00fc\u015f\u00fck teknolojili elektrik motorlar\u0131 y\u00fcksek teknolojili motorlarla de\u011fi\u015ftirilmesinin \u00fclkeye b\u00fcy\u00fck bir katk\u0131 sa\u011flayaca\u011f\u0131n\u0131 vurgulayan I\u015f\u0131k, &#8220;Bahsetti\u011fim gibi \u00fclke elektri\u011finin y\u00fczde 35&#8217;ini sadece bu motorlar t\u00fcketiyor. Bunlar\u0131n hepsinin y\u00fcksek teknolojiye ge\u00e7mesi halinde elektrik t\u00fcketimimiz ciddi oranda azalacak. B\u00f6ylece cari a\u00e7\u0131\u011f\u0131m\u0131zda da \u00f6nemli bir kalem olan elektrik t\u00fcketimine harcanan miktardan 8 milyar lira, \u00fclkenin cebinde kalacak&#8221; dedi.<\/p>\n<p>Kaynak: <a href=\"http:\/\/www.yenisafak.com.tr\/ekonomi\/sanayide-motorlar-yenilenecek-8-milyar-lira-cepte-kalacak-684680\" target=\"_blank\">Yeni \u015eafak<\/a><\/p>","protected":false},"excerpt":{"rendered":"<p>Sorry, this entry is only available in Turkish. For the sake of viewer convenience, the content is shown below in the alternative language. You may click the link to switch the active language.Bilim, Sanayi ve Teknoloji Bakan\u0131 I\u015f\u0131k, sanayideki d\u00fc\u015f\u00fck verimli motorlar\u0131n verimli motorlarla de\u011fi\u015ftirilmesiyle 8 milyar lira tasarruf sa\u011flanaca\u011f\u0131n\u0131 bildirdi. Bilim, Sanayi ve Teknoloji [&hellip;]<\/p>\n","protected":false},"author":1,"featured_media":31462,"comment_status":"open","ping_status":"open","sticky":false,"template":"","format":"standard","meta":[],"categories":[53,52],"tags":[5251,15782,2349,63,67,1009,165,103,12,13030,487,793],"views":696,"_links":{"self":[{"href":"https:\/\/www.enerjigazetesi.ist\/en\/wp-json\/wp\/v2\/posts\/31461"}],"collection":[{"href":"https:\/\/www.enerjigazetesi.ist\/en\/wp-json\/wp\/v2\/posts"}],"about":[{"href":"https:\/\/www.enerjigazetesi.ist\/en\/wp-json\/wp\/v2\/types\/post"}],"author":[{"embeddable":true,"href":"https:\/\/www.enerjigazetesi.ist\/en\/wp-json\/wp\/v2\/users\/1"}],"replies":[{"embeddable":true,"href":"https:\/\/www.enerjigazetesi.ist\/en\/wp-json\/wp\/v2\/comments?post=31461"}],"version-history":[{"count":3,"href":"https:\/\/www.enerjigazetesi.ist\/en\/wp-json\/wp\/v2\/posts\/31461\/revisions"}],"predecessor-version":[{"id":31465,"href":"https:\/\/www.enerjigazetesi.ist\/en\/wp-json\/wp\/v2\/posts\/31461\/revisions\/31465"}],"wp:featuredmedia":[{"embeddable":true,"href":"https:\/\/www.enerjigazetesi.ist\/en\/wp-json\/wp\/v2\/media\/31462"}],"wp:attachment":[{"href":"https:\/\/www.enerjigazetesi.ist\/en\/wp-json\/wp\/v2\/media?parent=31461"}],"wp:term":[{"taxonomy":"category","embeddable":true,"href":"https:\/\/www.enerjigazetesi.ist\/en\/wp-json\/wp\/v2\/categories?post=31461"},{"taxonomy":"post_tag","embeddable":true,"href":"https:\/\/www.enerjigazetesi.ist\/en\/wp-json\/wp\/v2\/tags?post=31461"}],"curies":[{"name":"wp","href":"https:\/\/api.w.org\/{rel}","templated":true}]}}