{"id":31457,"date":"2014-09-15T10:03:15","date_gmt":"2014-09-15T07:03:15","guid":{"rendered":"https:\/\/www.enerjigazetesi.ist\/?p=31457"},"modified":"2014-09-15T10:03:15","modified_gmt":"2014-09-15T07:03:15","slug":"catalagzi-santrali-ihalesi-elsan-elektrike-kaliyor","status":"publish","type":"post","link":"https:\/\/www.enerjigazetesi.ist\/en\/catalagzi-santrali-ihalesi-elsan-elektrike-kaliyor\/","title":{"rendered":"(Turkish) \u00c7atala\u011fz\u0131 Santrali \u0130halesi Elsan Elektrik\u2019e Kal\u0131yor&#8230;"},"content":{"rendered":"<p class=\"qtranxs-available-languages-message qtranxs-available-languages-message-en\">Sorry, this entry is only available in <a href=\"https:\/\/www.enerjigazetesi.ist\/tr\/wp-json\/wp\/v2\/posts\/31457\" class=\"qtranxs-available-language-link qtranxs-available-language-link-tr\" title=\"Turkish\">Turkish<\/a>. For the sake of viewer convenience, the content is shown below in the alternative language. You may click the link to switch the active language.<\/p><p><strong>\u00c7atala\u011fz\u0131 Santrali \u00f6zelle\u015ftirmesinde, en y\u00fcksek teklif sahibi Demir Madencilik\u2019in ek teminat\u0131 yat\u0131rmamas\u0131 nedeniyle ikinci s\u0131radaki teklif sahibi Elsan Elektrik\u2019e \u00e7a\u011fr\u0131da bulunuldu.<\/strong><span id=\"more-67123\"><\/span><\/p>\n<p>\u00d6zelle\u015ftirme \u0130daresi Ba\u015fkanl\u0131\u011f\u0131\u2019n\u0131n (\u00d6\u0130B) E\u00dcA\u015e\u2019a ait \u00c7atala\u011fz\u0131 Termik Santrali ve ta\u015f\u0131nmazlar\u0131n \u00f6zelle\u015ftirilmesi ihalesinde 351 milyon dolar ile en y\u00fcksek teklifi veren Demir Madencilik\u2019in Y\u00f6netim Kurulu Ba\u015fkan\u0131 Salih Demir, talep edilen ek <a href=\"https:\/\/www.enerjigazetesi.ist\/wp-content\/uploads\/2014\/09\/\u00e7atala\u011fz\u0131-termik-santrali-\u00e7\u00e7\u00e7-238732833.jpg\"><img loading=\"lazy\" class=\"alignright size-medium wp-image-31458\" src=\"https:\/\/www.enerjigazetesi.ist\/wp-content\/uploads\/2014\/09\/\u00e7atala\u011fz\u0131-termik-santrali-\u00e7\u00e7\u00e7-238732833-300x224.jpg\" alt=\"\u00e7atala\u011fz\u0131-termik-santrali-\u00e7\u00e7\u00e7-238732833\" width=\"300\" height=\"224\" srcset=\"https:\/\/www.enerjigazetesi.ist\/wp-content\/uploads\/2014\/09\/\u00e7atala\u011fz\u0131-termik-santrali-\u00e7\u00e7\u00e7-238732833-300x224.jpg 300w, https:\/\/www.enerjigazetesi.ist\/wp-content\/uploads\/2014\/09\/\u00e7atala\u011fz\u0131-termik-santrali-\u00e7\u00e7\u00e7-238732833-500x374.jpg 500w, https:\/\/www.enerjigazetesi.ist\/wp-content\/uploads\/2014\/09\/\u00e7atala\u011fz\u0131-termik-santrali-\u00e7\u00e7\u00e7-238732833-66x50.jpg 66w, https:\/\/www.enerjigazetesi.ist\/wp-content\/uploads\/2014\/09\/\u00e7atala\u011fz\u0131-termik-santrali-\u00e7\u00e7\u00e7-238732833.jpg 870w\" sizes=\"(max-width: 300px) 100vw, 300px\" \/><\/a>teminat\u0131 yat\u0131rmad\u0131klar\u0131 i\u00e7in \u00d6\u0130B\u2019nin ikinci s\u0131radaki teklif sahibi Elsan Elektrik\u2019e \u00e7a\u011fr\u0131da bulunuldu\u011funu s\u00f6yledi.<\/p>\n<p>Yata\u011fan Termik Santrali\u2019nde en y\u00fcksek teklif sahibi olan Elsan, nisan ay\u0131nda ger\u00e7ekle\u015ftirilen ihalede iki \u00fcnitede 300 MW kurulu g\u00fcc\u00fc sahip Zonguldak \u00c7atala\u011fz\u0131 Termik Santrali i\u00e7in 350 milyon dolar teklif vermi\u015fti.<\/p>\n<p>Demir Madencilik\u2019in Y\u00f6netim Kurulu Ba\u015fkan\u0131 Demir, teklif safhas\u0131nda \u00d6\u0130B\u2019nin talep etti\u011fi 10 milyon dolarl\u0131k ge\u00e7ici teminat\u0131 yat\u0131rd\u0131klar\u0131n\u0131 belirterek, \u201dEk ge\u00e7ici teminat olarak talep edilen ikinci 10 milyon dolar i\u00e7in teminat mektubumuz haz\u0131rd\u0131, ancak, son kabul edilen torba kanununun getirece\u011fi ek maliyetleri hesaplamak i\u00e7in \u00d6\u0130B\u2019den ek s\u00fcre talep etmi\u015ftik ancak ge\u00e7ici teminat\u0131m\u0131z\u0131 irat yazd\u0131lar, ikinci s\u0131radaki \u015firketi davet edip onlardan ek teminat istediler\u201d dedi.<\/p>\n<p>A\u011fustos ay\u0131nda \u00d6\u0130B\u2019den, kanunun getirece\u011fi yeni maliyetleri hesaplamak i\u00e7in ek s\u00fcre istediklerini kaydeden Demir, \u201dEk teminat\u0131 yat\u0131rm\u0131\u015f olsayd\u0131k; neredeyse y\u00fczde 50\u2032ye yak\u0131n ya\u015fanacak maliyet art\u0131\u015f\u0131yla bankalarla kredi g\u00f6r\u00fc\u015fmelerimiz s\u0131k\u0131nt\u0131ya girecekti\u201d dedi.<br \/>\nDemir Madencilik, santrali b\u00f6lgede faaliyet g\u00f6steren yakla\u015f\u0131k 15 yerli k\u00f6m\u00fcr \u00fcreticisi ile ortak bir \u015firket kurarak devralmay\u0131 planl\u0131yordu.<\/p>\n<p>Elsan Elektrik YKB Ceyhan Saldanl\u0131 da, 10 milyon dolarl\u0131k ek ge\u00e7ici teminat yat\u0131rmaya davet edildiklerini teyit ederek, \u201dBu teminat veya ihale bedelini temin etmekle ilgili bir sorunumuz olmaz. Yasan\u0131n maliyet art\u0131r\u0131c\u0131 y\u00f6n\u00fcn\u00fc ise hen\u00fcz incelemedik\u201d diye konu\u015ftu.<br \/>\nKonu hakk\u0131nda bilgi sahibi bir ekonomi yetkilisi de \u00d6\u0130B\u2019nin ihalede ikinci s\u0131rada yer alan Elsan\u2019\u0131n davet edildi\u011fini do\u011frulad\u0131.<\/p>\n<p>Kaynak: <a href=\"http:\/\/www.dovizgazetesi.com\/haber\/21737-catalagzi-santrali-ihalesi-elsan-elektrik39e-kaliy.html\" target=\"_blank\" rel=\"nofollow\">d\u00f6viz gazetesi<\/a><\/p>","protected":false},"excerpt":{"rendered":"<p>Sorry, this entry is only available in Turkish. For the sake of viewer convenience, the content is shown below in the alternative language. You may click the link to switch the active language.\u00c7atala\u011fz\u0131 Santrali \u00f6zelle\u015ftirmesinde, en y\u00fcksek teklif sahibi Demir Madencilik\u2019in ek teminat\u0131 yat\u0131rmamas\u0131 nedeniyle ikinci s\u0131radaki teklif sahibi Elsan Elektrik\u2019e \u00e7a\u011fr\u0131da bulunuldu. \u00d6zelle\u015ftirme \u0130daresi [&hellip;]<\/p>\n","protected":false},"author":1,"featured_media":31458,"comment_status":"open","ping_status":"open","sticky":false,"template":"","format":"standard","meta":[],"categories":[53],"tags":[18115,18090,15841,2998,10619,18116],"views":622,"_links":{"self":[{"href":"https:\/\/www.enerjigazetesi.ist\/en\/wp-json\/wp\/v2\/posts\/31457"}],"collection":[{"href":"https:\/\/www.enerjigazetesi.ist\/en\/wp-json\/wp\/v2\/posts"}],"about":[{"href":"https:\/\/www.enerjigazetesi.ist\/en\/wp-json\/wp\/v2\/types\/post"}],"author":[{"embeddable":true,"href":"https:\/\/www.enerjigazetesi.ist\/en\/wp-json\/wp\/v2\/users\/1"}],"replies":[{"embeddable":true,"href":"https:\/\/www.enerjigazetesi.ist\/en\/wp-json\/wp\/v2\/comments?post=31457"}],"version-history":[{"count":1,"href":"https:\/\/www.enerjigazetesi.ist\/en\/wp-json\/wp\/v2\/posts\/31457\/revisions"}],"predecessor-version":[{"id":31459,"href":"https:\/\/www.enerjigazetesi.ist\/en\/wp-json\/wp\/v2\/posts\/31457\/revisions\/31459"}],"wp:featuredmedia":[{"embeddable":true,"href":"https:\/\/www.enerjigazetesi.ist\/en\/wp-json\/wp\/v2\/media\/31458"}],"wp:attachment":[{"href":"https:\/\/www.enerjigazetesi.ist\/en\/wp-json\/wp\/v2\/media?parent=31457"}],"wp:term":[{"taxonomy":"category","embeddable":true,"href":"https:\/\/www.enerjigazetesi.ist\/en\/wp-json\/wp\/v2\/categories?post=31457"},{"taxonomy":"post_tag","embeddable":true,"href":"https:\/\/www.enerjigazetesi.ist\/en\/wp-json\/wp\/v2\/tags?post=31457"}],"curies":[{"name":"wp","href":"https:\/\/api.w.org\/{rel}","templated":true}]}}