{"id":3144,"date":"2012-11-02T18:12:48","date_gmt":"2012-11-02T15:12:48","guid":{"rendered":"https:\/\/www.enerjigazetesi.ist\/?p=3144"},"modified":"2012-11-02T18:12:48","modified_gmt":"2012-11-02T15:12:48","slug":"en-buyuk-toplumsal-mutabakat-enerji-tasarrufunda","status":"publish","type":"post","link":"https:\/\/www.enerjigazetesi.ist\/en\/en-buyuk-toplumsal-mutabakat-enerji-tasarrufunda\/","title":{"rendered":"(Turkish) En b\u00fcy\u00fck Toplumsal Mutabakat Enerji Tasarrufunda"},"content":{"rendered":"<p class=\"qtranxs-available-languages-message qtranxs-available-languages-message-en\">Sorry, this entry is only available in <a href=\"https:\/\/www.enerjigazetesi.ist\/tr\/wp-json\/wp\/v2\/posts\/3144\" class=\"qtranxs-available-language-link qtranxs-available-language-link-tr\" title=\"Turkish\">Turkish<\/a>. For the sake of viewer convenience, the content is shown below in the alternative language. You may click the link to switch the active language.<\/p><p><strong>Yap\u0131lan bir anket \u00e7al\u0131\u015fmas\u0131 enerji tasarrufuna verilen \u00f6neme dikkat \u00e7ekiyor.<\/strong><\/p>\n<p>T\u00fcrkiye Beyaz E\u015fya Sanayicileri Derne\u011fi taraf\u0131ndan yap\u0131lan bir anket \u00e7al\u0131\u015fmas\u0131 t\u00fcketicilerin enerji tasarrufuna yakla\u015f\u0131m\u0131na y\u00f6nelik \u00f6nemli sonu\u00e7lar ortaya koyuyor.<\/p>\n<p><img loading=\"lazy\" class=\"alignleft size-medium wp-image-3145\" title=\"enerji-tasarruf\" src=\"https:\/\/www.enerjigazetesi.ist\/wp-content\/uploads\/2012\/11\/enerji-tasarruf-300x183.jpg\" alt=\"\" width=\"300\" height=\"183\" srcset=\"https:\/\/www.enerjigazetesi.ist\/wp-content\/uploads\/2012\/11\/enerji-tasarruf-300x183.jpg 300w, https:\/\/www.enerjigazetesi.ist\/wp-content\/uploads\/2012\/11\/enerji-tasarruf-80x48.jpg 80w, https:\/\/www.enerjigazetesi.ist\/wp-content\/uploads\/2012\/11\/enerji-tasarruf.jpg 409w\" sizes=\"(max-width: 300px) 100vw, 300px\" \/>Dernek taraf\u0131ndan konu ile ilgili yap\u0131lan a\u00e7\u0131klamada T\u00fcrkiye&#8217;deki konutlar\u0131n enerji t\u00fcketiminde beyaz e\u015fyalar\u0131n y\u00fczde 50, ayd\u0131nlatma ara\u00e7lar\u0131n\u0131n ise y\u00fczde 14&#8217;l\u00fck pay sahibi olduklar\u0131 hat\u0131rlat\u0131ld\u0131.<\/p>\n<p>A\u00e7\u0131klamada ankete kat\u0131lanlar\u0131n y\u00fczde 94&#8217;\u00fcn\u00fcn ise enerji tasarrufunu \u00e7ok \u00f6nemli veya \u00f6nemli bulmak ile birlikte y\u00fczde 55&#8217;inin bu tasarrufu gereksiz lambalar\u0131 kapatmak, y\u00fczde 44&#8217;\u00fcn\u00fcn enerji tasarruflu amp\u00fcller kullanmak, y\u00fczde 32&#8217;sinin ise bo\u015fa su ak\u0131tmayarak tasarruf sa\u011flamaya \u00e7al\u0131\u015ft\u0131klar\u0131n\u0131 belirttiler. Kat\u0131l\u0131mc\u0131lar\u0131n y\u00fczde 23&#8217;\u00fc ise enerji tasarrufu sa\u011flayan \u00fcr\u00fcnler kulland\u0131klar\u0131n\u0131 bilgisini payla\u015ft\u0131.<\/p>\n<p>Kaynak: <a href=\"http:\/\/www.yesilekonomi.com\/verimlilik\/en-buyuk-toplumsal-mutabakat-enerji-tasarrufunda\" target=\"_blank\">Ye\u015fil Ekonomi<\/a><\/p>","protected":false},"excerpt":{"rendered":"<p>Sorry, this entry is only available in Turkish. For the sake of viewer convenience, the content is shown below in the alternative language. You may click the link to switch the active language.Yap\u0131lan bir anket \u00e7al\u0131\u015fmas\u0131 enerji tasarrufuna verilen \u00f6neme dikkat \u00e7ekiyor. T\u00fcrkiye Beyaz E\u015fya Sanayicileri Derne\u011fi taraf\u0131ndan yap\u0131lan bir anket \u00e7al\u0131\u015fmas\u0131 t\u00fcketicilerin enerji tasarrufuna [&hellip;]<\/p>\n","protected":false},"author":1,"featured_media":3145,"comment_status":"open","ping_status":"open","sticky":false,"template":"","format":"standard","meta":[],"categories":[53,52],"tags":[891,67,103,12],"views":511,"_links":{"self":[{"href":"https:\/\/www.enerjigazetesi.ist\/en\/wp-json\/wp\/v2\/posts\/3144"}],"collection":[{"href":"https:\/\/www.enerjigazetesi.ist\/en\/wp-json\/wp\/v2\/posts"}],"about":[{"href":"https:\/\/www.enerjigazetesi.ist\/en\/wp-json\/wp\/v2\/types\/post"}],"author":[{"embeddable":true,"href":"https:\/\/www.enerjigazetesi.ist\/en\/wp-json\/wp\/v2\/users\/1"}],"replies":[{"embeddable":true,"href":"https:\/\/www.enerjigazetesi.ist\/en\/wp-json\/wp\/v2\/comments?post=3144"}],"version-history":[{"count":2,"href":"https:\/\/www.enerjigazetesi.ist\/en\/wp-json\/wp\/v2\/posts\/3144\/revisions"}],"predecessor-version":[{"id":3147,"href":"https:\/\/www.enerjigazetesi.ist\/en\/wp-json\/wp\/v2\/posts\/3144\/revisions\/3147"}],"wp:featuredmedia":[{"embeddable":true,"href":"https:\/\/www.enerjigazetesi.ist\/en\/wp-json\/wp\/v2\/media\/3145"}],"wp:attachment":[{"href":"https:\/\/www.enerjigazetesi.ist\/en\/wp-json\/wp\/v2\/media?parent=3144"}],"wp:term":[{"taxonomy":"category","embeddable":true,"href":"https:\/\/www.enerjigazetesi.ist\/en\/wp-json\/wp\/v2\/categories?post=3144"},{"taxonomy":"post_tag","embeddable":true,"href":"https:\/\/www.enerjigazetesi.ist\/en\/wp-json\/wp\/v2\/tags?post=3144"}],"curies":[{"name":"wp","href":"https:\/\/api.w.org\/{rel}","templated":true}]}}