{"id":31434,"date":"2014-09-15T00:02:19","date_gmt":"2014-09-14T21:02:19","guid":{"rendered":"https:\/\/www.enerjigazetesi.ist\/?p=31434"},"modified":"2014-09-15T00:02:19","modified_gmt":"2014-09-14T21:02:19","slug":"ipragaz-enerjinin-zirvesinde","status":"publish","type":"post","link":"https:\/\/www.enerjigazetesi.ist\/en\/ipragaz-enerjinin-zirvesinde\/","title":{"rendered":"(Turkish) \u0130pragaz \u2018Enerji\u2019nin \u2018Zirvesi\u2019nde!"},"content":{"rendered":"<p class=\"qtranxs-available-languages-message qtranxs-available-languages-message-en\">Sorry, this entry is only available in <a href=\"https:\/\/www.enerjigazetesi.ist\/tr\/wp-json\/wp\/v2\/posts\/31434\" class=\"qtranxs-available-language-link qtranxs-available-language-link-tr\" title=\"Turkish\">Turkish<\/a>. For the sake of viewer convenience, the content is shown below in the alternative language. You may click the link to switch the active language.<\/p><p><strong>\u201cTek \u00e7at\u0131 alt\u0131nda komple \u00e7\u00f6z\u00fcmler sunan\u201d enerjinin tek adresi \u0130pragaz, bu y\u0131l Gaziantep\u2019te d\u00fczenlenen 5. Enerji Zirvesi\u2019nde yerini ald\u0131. \u0130pragaz, hem kat\u0131l\u0131mc\u0131, hem de destek\u00e7isi oldu\u011fu T\u00fcrkiye\u2019nin en prestijli enerji bulu\u015fmas\u0131nda, Alt\u0131n Vana \u00f6d\u00fcl\u00fcn\u00fc de almaya hak kazand\u0131.<\/strong><\/p>\n<p>T\u00fcrkiye\u2019de LPG\u2019yi, rafineri bacas\u0131nda yak\u0131lan bir at\u0131kken 53 y\u0131l \u00f6nce kurdu\u011fu dolum tesisi ile bug\u00fcnk\u00fc de<a href=\"https:\/\/www.enerjigazetesi.ist\/wp-content\/uploads\/2014\/09\/ipragaz-enerjinin-zirvesinde.jpg\"><img loading=\"lazy\" class=\"alignright size-full wp-image-31435\" src=\"https:\/\/www.enerjigazetesi.ist\/wp-content\/uploads\/2014\/09\/ipragaz-enerjinin-zirvesinde.jpg\" alt=\"ipragaz-enerjinin-zirvesinde\" width=\"300\" height=\"251\" srcset=\"https:\/\/www.enerjigazetesi.ist\/wp-content\/uploads\/2014\/09\/ipragaz-enerjinin-zirvesinde.jpg 300w, https:\/\/www.enerjigazetesi.ist\/wp-content\/uploads\/2014\/09\/ipragaz-enerjinin-zirvesinde-59x50.jpg 59w\" sizes=\"(max-width: 300px) 100vw, 300px\" \/><\/a>v bir sekt\u00f6re d\u00f6n\u00fc\u015ft\u00fcren \u0130pragaz, bug\u00fcn enerji sekt\u00f6r\u00fcn\u00fcn temel d\u00f6rt segmenti olan LPG, LNG, elektrik ve akaryak\u0131t\u0131 tek \u00e7at\u0131 alt\u0131nda toplayarak, enerjinin tek adresi konumuna ula\u015ft\u0131. K\u00f6kl\u00fc ge\u00e7mi\u015fi, kalite ve g\u00fcvencesiyle LPG sekt\u00f6r\u00fcn\u00fcn \u201cMavi Dev\u201di, enerji sekt\u00f6r\u00fcn\u00fcn tek \u00e7at\u0131 alt\u0131nda komple \u00e7\u00f6z\u00fcmler sunan yegane \u015firketi \u0130pragaz, 5\u2019inci T\u00fcrkiye Enerji Zirvesi\u2019ne de damgas\u0131n\u0131 vurdu. \u0130pragaz, Enerji Fuarc\u0131l\u0131k taraf\u0131ndan 11 \u2013 12 Eyl\u00fcl tarihleri aras\u0131nda Gaziantep\u2019te, \u015eehitkamil K\u00fclt\u00fcr ve Kongre Merkezi\u2019nde d\u00fczenlenen 5. T\u00fcrkiye Enerji Zirvesi\u2019nde yerini ald\u0131. Zirve, ulusal ve uluslararas\u0131 alanda enerji, \u00e7evre ve ekonomi politikalar\u0131nda s\u00f6z sahibi olan siyaset\u00e7iler ile \u00f6zel sekt\u00f6r\u00fcn en se\u00e7kin temsilcilerini bir araya getirdi. 5. T\u00fcrkiye Enerji Zirvesi\u2019nde, elektrik, do\u011falgaz, petrol ve LPG sekt\u00f6r\u00fc panelleri ger\u00e7ekle\u015ftirildi.<\/p>\n<p>\u0130pragaz 5. T\u00fcrkiye Enerji Zirvesi\u2019ne, daha \u00f6nceki y\u0131llarda oldu\u011fu gibi Elektrik ve LNG ile kat\u0131ld\u0131. Zirvenin a\u00e7\u0131l\u0131\u015f t\u00f6reninin ard\u0131ndan EPDK Ba\u015fkan\u0131 Mustafa Y\u0131lmaz, \u0130pragaz stand\u0131n\u0131 ziyaret etti. \u0130pragaz A.\u015e. Elektrik Sat\u0131\u015f ve Operasyon M\u00fcd\u00fcr\u00fc Birim Akbaba ile \u0130pragaz A.\u015e. D\u00f6kme Gaz Sat\u0131\u015f M\u00fcd\u00fcr\u00fc Kemal G\u00fcveli\u2019nin ev sahipli\u011fi yapt\u0131\u011f\u0131 \u0130pragaz stand\u0131, yine zirvenin en \u00e7ok ziyaret edilen standlar\u0131 aras\u0131nda yer ald\u0131. \u0130pragaz, enerjinin bu en prestijli bulu\u015fmas\u0131nda, Alt\u0131n Vana \u00f6d\u00fcl\u00fcn\u00fc de almaya hak kazand\u0131.<\/p>\n<p><strong>\u0130pragaz LNG ba\u015far\u0131s\u0131n\u0131 Avrupa\u2019ya ta\u015f\u0131d\u0131<\/strong><\/p>\n<p>G\u00f6rd\u00fckleri ilgiden duydu\u011fu memnuniyeti dile getiren ile \u0130pragaz A.\u015e. D\u00f6kme Gaz Sat\u0131\u015f M\u00fcd\u00fcr\u00fc Kemal G\u00fcveli, \u201c\u0130pragaz, k\u00f6kl\u00fc ge\u00e7mi\u015fi, y\u00fcksek standartlar\u0131, kalite ve g\u00fcvencesi ile enerji sekt\u00f6r\u00fcnde kendisini kan\u0131tlam\u0131\u015f bir marka. Olu\u015fturdu\u011fu ya da girdi\u011fi pazarlar\u0131, teknolojiyi, hizmet ve \u00fcr\u00fcnleri geli\u015ftiren \u00f6nc\u00fc bir kurum. T\u00fcm bu \u00f6zellikleri ile \u0130pragaz, ba\u015fta LNG olmak \u00fczere ba\u015far\u0131l\u0131 sistem ve \u00fcr\u00fcnlerini, ba\u011fl\u0131 bulundu\u011fu d\u00fcnya devi SHV Enerji b\u00fcnyesinde di\u011fer \u00fclkelere ta\u015f\u0131yan k\u00fcresel niteliklere sahip. Bunun en g\u00fczel \u00f6rne\u011fi de, SHV Enerji\u2019nin Avrupa\u2019da LNG faaliyetlerini ilk kez \u0130pragaz sistemi ve uzmanlar\u0131m\u0131z ile kurmas\u0131d\u0131r\u201d a\u00e7\u0131klamas\u0131nda bulundu.<\/p>\n<p><strong>Elektrikte s\u00fcrprizsiz faturalar<\/strong><\/p>\n<p>\u0130pragaz\u2019\u0131n LPG ile ba\u015flayan, sonras\u0131nda LNG, elektrik ve akaryak\u0131t ile devam eden enerji sekt\u00f6r\u00fcndeki rotas\u0131na dikkat \u00e7eken \u0130pragaz A.\u015e. Elektrik Sat\u0131\u015f ve Operasyon M\u00fcd\u00fcr\u00fc Birim Akbaba da, \u201c\u0130pragaz kalite ve g\u00fcvencesini, enerji sekt\u00f6r\u00fcn\u00fcn t\u00fcm temel alanlar\u0131na ta\u015f\u0131d\u0131. \u0130pragaz, serbest t\u00fcketicilerin elektrik ihtiya\u00e7lar\u0131n\u0131 s\u00fcrprizi olmayan g\u00fcvenilir faturalarla ve ekonomik bir \u015fekilde kar\u015f\u0131l\u0131yor\u201d dedi. \u0130pragaz\u2019\u0131n enerjinin d\u00f6rt ana segmentinde de hizmet verdi\u011fine dikkat \u00e7eken Birim Akbaba, \u201cKurumsal ya da bireysel t\u00fcketiciler, LPG, LNG, elektrik ve akaryak\u0131t gibi ihtiya\u00e7 duyduklar\u0131 t\u00fcm temel enerji \u00e7e\u015fitlerini tek \u00e7at\u0131 alt\u0131ndan, ayn\u0131 k\u00f6kl\u00fc kurumsal g\u00fcvence ile kar\u015f\u0131layabiliyorlar. \u0130pragaz\u2019\u0131n sahip oldu\u011fu bu \u00f6zelli\u011fin, sundu\u011fu bu enerji \u00e7e\u015fitlili\u011finin, bug\u00fcn i\u00e7in ba\u015fka bir alternatifi yok\u201d \u015feklinde konu\u015ftu.<\/p>\n<p><strong>\u2018Alt\u0131n Vana\u2019 \u00f6d\u00fcl\u00fc \u0130pragaz\u2019\u0131n<\/strong><\/p>\n<p>\u0130pragaz, 5. T\u00fcrkiye Enerji Zirvesi\u2019ne kapsam\u0131nda d\u00fczenlenen \u00f6d\u00fcl t\u00f6reninde \u2018Alt\u0131n Vana\u2019 \u00f6d\u00fcl\u00fcn\u00fc ald\u0131. 5. T\u00fcrkiye Enerji Zirvesi\u2019nin ilk g\u00fcn\u00fc ak\u015fam\u0131nda d\u00fczenlenen t\u00f6rende, \u00f6d\u00fcl\u00fc \u0130pragaz A.\u015e. D\u00f6kme Gaz Sat\u0131\u015f M\u00fcd\u00fcr\u00fc Kemal G\u00fcveli ald\u0131.<\/p>\n<p>Kaynak: <a href=\"http:\/\/energyworld.com.tr\/ipragaz-enerjinin-zirvesinde.html\" target=\"_blank\" rel=\"nofollow\">Energy World<\/a><\/p>","protected":false},"excerpt":{"rendered":"<p>Sorry, this entry is only available in Turkish. For the sake of viewer convenience, the content is shown below in the alternative language. You may click the link to switch the active language.\u201cTek \u00e7at\u0131 alt\u0131nda komple \u00e7\u00f6z\u00fcmler sunan\u201d enerjinin tek adresi \u0130pragaz, bu y\u0131l Gaziantep\u2019te d\u00fczenlenen 5. Enerji Zirvesi\u2019nde yerini ald\u0131. \u0130pragaz, hem kat\u0131l\u0131mc\u0131, hem [&hellip;]<\/p>\n","protected":false},"author":1,"featured_media":31435,"comment_status":"open","ping_status":"open","sticky":false,"template":"","format":"standard","meta":[],"categories":[46,51,53],"tags":[2289,18100,92,68,63,67,1009,165,996,984,1913,2012,35369,2768,4440],"views":961,"_links":{"self":[{"href":"https:\/\/www.enerjigazetesi.ist\/en\/wp-json\/wp\/v2\/posts\/31434"}],"collection":[{"href":"https:\/\/www.enerjigazetesi.ist\/en\/wp-json\/wp\/v2\/posts"}],"about":[{"href":"https:\/\/www.enerjigazetesi.ist\/en\/wp-json\/wp\/v2\/types\/post"}],"author":[{"embeddable":true,"href":"https:\/\/www.enerjigazetesi.ist\/en\/wp-json\/wp\/v2\/users\/1"}],"replies":[{"embeddable":true,"href":"https:\/\/www.enerjigazetesi.ist\/en\/wp-json\/wp\/v2\/comments?post=31434"}],"version-history":[{"count":1,"href":"https:\/\/www.enerjigazetesi.ist\/en\/wp-json\/wp\/v2\/posts\/31434\/revisions"}],"predecessor-version":[{"id":31436,"href":"https:\/\/www.enerjigazetesi.ist\/en\/wp-json\/wp\/v2\/posts\/31434\/revisions\/31436"}],"wp:featuredmedia":[{"embeddable":true,"href":"https:\/\/www.enerjigazetesi.ist\/en\/wp-json\/wp\/v2\/media\/31435"}],"wp:attachment":[{"href":"https:\/\/www.enerjigazetesi.ist\/en\/wp-json\/wp\/v2\/media?parent=31434"}],"wp:term":[{"taxonomy":"category","embeddable":true,"href":"https:\/\/www.enerjigazetesi.ist\/en\/wp-json\/wp\/v2\/categories?post=31434"},{"taxonomy":"post_tag","embeddable":true,"href":"https:\/\/www.enerjigazetesi.ist\/en\/wp-json\/wp\/v2\/tags?post=31434"}],"curies":[{"name":"wp","href":"https:\/\/api.w.org\/{rel}","templated":true}]}}