{"id":31419,"date":"2014-09-13T15:34:49","date_gmt":"2014-09-13T12:34:49","guid":{"rendered":"https:\/\/www.enerjigazetesi.ist\/?p=31419"},"modified":"2014-09-13T15:34:49","modified_gmt":"2014-09-13T12:34:49","slug":"en-buyuk-geslerden-biri-konyaya-kurulacak","status":"publish","type":"post","link":"https:\/\/www.enerjigazetesi.ist\/en\/en-buyuk-geslerden-biri-konyaya-kurulacak\/","title":{"rendered":"(Turkish) En B\u00fcy\u00fck GES`lerden Biri Konya`ya Kurulacak!"},"content":{"rendered":"<p class=\"qtranxs-available-languages-message qtranxs-available-languages-message-en\">Sorry, this entry is only available in <a href=\"https:\/\/www.enerjigazetesi.ist\/tr\/wp-json\/wp\/v2\/posts\/31419\" class=\"qtranxs-available-language-link qtranxs-available-language-link-tr\" title=\"Turkish\">Turkish<\/a>. For the sake of viewer convenience, the content is shown below in the alternative language. You may click the link to switch the active language.<\/p><p><strong>Enerji ve Tabii Kaynaklar Bakan\u0131 Taner Y\u0131ld\u0131z, d\u00fcnyan\u0131n en b\u00fcy\u00fck g\u00fcne\u015f \u00e7iftliklerinden birinin Konya`da kurulaca\u011f\u0131n\u0131 s\u00f6yledi. <\/strong><strong>Enerji Bakan\u0131 Taner Y\u0131ld\u0131z, Borusan EnBW`nin Tekirda\u011f Balabanl\u0131`daki r\u00fczgar santralinin a\u00e7\u0131l\u0131\u015f\u0131, d\u00f6rt yeni RES ile Band\u0131rma RES`in kapasite art\u0131r\u0131m\u0131 yat\u0131r\u0131mlar\u0131n\u0131n temel atma t\u00f6reninde konu\u015ftu.<\/strong><\/p>\n<p>T\u00fcrkiye`nin enerjinin di\u011fer alanlar\u0131nda oldu\u011fu gibi, g\u00fcne\u015f enerjisinde de \u00f6nemli ad\u0131mlar ataca\u011f\u0131n\u0131 belirte<a href=\"https:\/\/www.enerjigazetesi.ist\/wp-content\/uploads\/2014\/09\/en-buyuk-geslerden-biri-konyaya-kurulacak.jpg\"><img loading=\"lazy\" class=\"alignright size-medium wp-image-31420\" src=\"https:\/\/www.enerjigazetesi.ist\/wp-content\/uploads\/2014\/09\/en-buyuk-geslerden-biri-konyaya-kurulacak-300x213.jpg\" alt=\"en-buyuk-geslerden-biri-konyaya-kurulacak\" width=\"300\" height=\"213\" srcset=\"https:\/\/www.enerjigazetesi.ist\/wp-content\/uploads\/2014\/09\/en-buyuk-geslerden-biri-konyaya-kurulacak-300x213.jpg 300w, https:\/\/www.enerjigazetesi.ist\/wp-content\/uploads\/2014\/09\/en-buyuk-geslerden-biri-konyaya-kurulacak-500x356.jpg 500w, https:\/\/www.enerjigazetesi.ist\/wp-content\/uploads\/2014\/09\/en-buyuk-geslerden-biri-konyaya-kurulacak-70x50.jpg 70w, https:\/\/www.enerjigazetesi.ist\/wp-content\/uploads\/2014\/09\/en-buyuk-geslerden-biri-konyaya-kurulacak.jpg 594w\" sizes=\"(max-width: 300px) 100vw, 300px\" \/><\/a>n Y\u0131ld\u0131z, &#8220;Konya-Karap\u0131nar b\u00f6lgesinde 3 bin MW`lik, d\u00fcnyan\u0131n en b\u00fcy\u00fck g\u00fcne\u015f \u00e7iftliklerinden birini kurmak istiyoruz&#8221; dedi.<\/p>\n<p>Y\u0131ldaz, Konya Karap\u0131nar`daki g\u00fcne\u015f enerji santrali yat\u0131r\u0131m\u0131n\u0131n 60 bin d\u00f6n\u00fcml\u00fck bir arazi \u00fczerine kurulaca\u011f\u0131n\u0131 aktard\u0131. &#8220;Bunu \u00e7ok farkl\u0131 bir modelle ger\u00e7ekle\u015ftirece\u011fiz&#8221; diyen Y\u0131ld\u0131z, t\u00f6rende haz\u0131r bulunan, Borusan ve Alman orta\u011f\u0131 EnBW`nin yetkililerine &#8220;Sizleri davet ediyoruz&#8221; diye seslendi. Bakan Y\u0131ld\u0131z, s\u00f6z\u00fcn\u00fc etti\u011fi &#8220;\u00e7ok farkl\u0131 model&#8221; hakk\u0131nda ayr\u0131nt\u0131l\u0131 bilgi vermedi.<\/p>\n<p>Yenilenebilir enerji te\u015fviklerinde T\u00fcrkiye`nin kendi \u00e7er\u00e7evesini, s\u0131n\u0131rlar\u0131n\u0131 gayet net \u015fekilde \u00e7izdi\u011fini ifade eden Bakan Y\u0131ld\u0131z &#8220;7.3 dolar sentlik te\u015fvik var. Bu s\u00fcbvansiyon rakamlar\u0131, T\u00fcrkiye`nin co\u011frafi avantaj\u0131yla, teknooljinin bulu\u015ftu\u011fu yerde bir rakamd\u0131r. Ne y\u00fcksek karlarla sermaye transferlerine izin verdik ne de \u00f6zel sekt\u00f6r\u00fcn \u00e7al\u0131\u015fmas\u0131n\u0131 engelleyecek zorluk yaratt\u0131k&#8221; diye konu\u015ftu.<\/p>\n<p>Kaynak: <a href=\"http:\/\/enerjigunlugu.net\/en-buyuk-geslerden-biri-konyaya-kurulacak_10072.html\" target=\"_blank\" rel=\"nofollow\">Enerji G\u00fcnl\u00fc\u011f\u00fc<\/a><\/p>","protected":false},"excerpt":{"rendered":"<p>Sorry, this entry is only available in Turkish. For the sake of viewer convenience, the content is shown below in the alternative language. You may click the link to switch the active language.Enerji ve Tabii Kaynaklar Bakan\u0131 Taner Y\u0131ld\u0131z, d\u00fcnyan\u0131n en b\u00fcy\u00fck g\u00fcne\u015f \u00e7iftliklerinden birinin Konya`da kurulaca\u011f\u0131n\u0131 s\u00f6yledi. Enerji Bakan\u0131 Taner Y\u0131ld\u0131z, Borusan EnBW`nin Tekirda\u011f [&hellip;]<\/p>\n","protected":false},"author":1,"featured_media":31420,"comment_status":"open","ping_status":"open","sticky":false,"template":"","format":"standard","meta":[],"categories":[53,49],"tags":[710,68,63,67,1009,165,227,13,803,667,105],"views":704,"_links":{"self":[{"href":"https:\/\/www.enerjigazetesi.ist\/en\/wp-json\/wp\/v2\/posts\/31419"}],"collection":[{"href":"https:\/\/www.enerjigazetesi.ist\/en\/wp-json\/wp\/v2\/posts"}],"about":[{"href":"https:\/\/www.enerjigazetesi.ist\/en\/wp-json\/wp\/v2\/types\/post"}],"author":[{"embeddable":true,"href":"https:\/\/www.enerjigazetesi.ist\/en\/wp-json\/wp\/v2\/users\/1"}],"replies":[{"embeddable":true,"href":"https:\/\/www.enerjigazetesi.ist\/en\/wp-json\/wp\/v2\/comments?post=31419"}],"version-history":[{"count":1,"href":"https:\/\/www.enerjigazetesi.ist\/en\/wp-json\/wp\/v2\/posts\/31419\/revisions"}],"predecessor-version":[{"id":31421,"href":"https:\/\/www.enerjigazetesi.ist\/en\/wp-json\/wp\/v2\/posts\/31419\/revisions\/31421"}],"wp:featuredmedia":[{"embeddable":true,"href":"https:\/\/www.enerjigazetesi.ist\/en\/wp-json\/wp\/v2\/media\/31420"}],"wp:attachment":[{"href":"https:\/\/www.enerjigazetesi.ist\/en\/wp-json\/wp\/v2\/media?parent=31419"}],"wp:term":[{"taxonomy":"category","embeddable":true,"href":"https:\/\/www.enerjigazetesi.ist\/en\/wp-json\/wp\/v2\/categories?post=31419"},{"taxonomy":"post_tag","embeddable":true,"href":"https:\/\/www.enerjigazetesi.ist\/en\/wp-json\/wp\/v2\/tags?post=31419"}],"curies":[{"name":"wp","href":"https:\/\/api.w.org\/{rel}","templated":true}]}}