{"id":31410,"date":"2014-09-13T15:13:23","date_gmt":"2014-09-13T12:13:23","guid":{"rendered":"https:\/\/www.enerjigazetesi.ist\/?p=31410"},"modified":"2014-09-13T15:16:12","modified_gmt":"2014-09-13T12:16:12","slug":"yilmaz-akaryakitta-tavan-fiyat-uygulamasini-gozden-geciriyoruz","status":"publish","type":"post","link":"https:\/\/www.enerjigazetesi.ist\/en\/yilmaz-akaryakitta-tavan-fiyat-uygulamasini-gozden-geciriyoruz\/","title":{"rendered":"(Turkish) Y\u0131lmaz: \u201cAkaryak\u0131tta Tavan Fiyat Uygulamas\u0131n\u0131 G\u00f6zden Ge\u00e7iriyoruz&#8230;\u201d"},"content":{"rendered":"<p class=\"qtranxs-available-languages-message qtranxs-available-languages-message-en\">Sorry, this entry is only available in <a href=\"https:\/\/www.enerjigazetesi.ist\/tr\/wp-json\/wp\/v2\/posts\/31410\" class=\"qtranxs-available-language-link qtranxs-available-language-link-tr\" title=\"Turkish\">Turkish<\/a>. For the sake of viewer convenience, the content is shown below in the alternative language. You may click the link to switch the active language.<\/p><p><strong>Enerji Piyasas\u0131 D\u00fczenleme Kurumu (EPDK) Ba\u015fkan\u0131 Mustafa Y\u0131lmaz, akaryak\u0131tta tavan fiyat uygulamas\u0131na ili\u015fkin \u201cDa\u011f\u0131t\u0131m \u015firketleri ve akaryak\u0131t bayileri be\u015f y\u0131l sonra kazanaca\u011f\u0131n\u0131 \u015fimdi alm\u0131\u015fsa bu \u00e7ok sa\u011fl\u0131kl\u0131 bir durum de\u011fil\u201d dedi. Y\u0131lmaz, \u015eehitkamil Kongre ve K\u00fclt\u00fcr Merkezi\u2019nde d\u00fczenlenen \u201c5. T\u00fcrkiye Enerji Zirvesi\u201d kapsam\u0131nda d\u00fczenlenen \u00f6zel oturumda dijital ortamdan y\u00f6neltilen sorular\u0131 cevapland\u0131rd\u0131.<\/strong><\/p>\n<p>Akaryak\u0131tta tavan fiyat uygula<a href=\"https:\/\/www.enerjigazetesi.ist\/wp-content\/uploads\/2014\/09\/yilmaz-akaryakitta-tavan-fiyat-uygulamasini-gozden-geciriyoruz.jpg\"><img loading=\"lazy\" class=\"alignleft size-medium wp-image-31412\" src=\"https:\/\/www.enerjigazetesi.ist\/wp-content\/uploads\/2014\/09\/yilmaz-akaryakitta-tavan-fiyat-uygulamasini-gozden-geciriyoruz-300x225.jpg\" alt=\"yilmaz-akaryakitta-tavan-fiyat-uygulamasini-gozden-geciriyoruz\" width=\"300\" height=\"225\" srcset=\"https:\/\/www.enerjigazetesi.ist\/wp-content\/uploads\/2014\/09\/yilmaz-akaryakitta-tavan-fiyat-uygulamasini-gozden-geciriyoruz-300x225.jpg 300w, https:\/\/www.enerjigazetesi.ist\/wp-content\/uploads\/2014\/09\/yilmaz-akaryakitta-tavan-fiyat-uygulamasini-gozden-geciriyoruz-500x375.jpg 500w, https:\/\/www.enerjigazetesi.ist\/wp-content\/uploads\/2014\/09\/yilmaz-akaryakitta-tavan-fiyat-uygulamasini-gozden-geciriyoruz-66x50.jpg 66w, https:\/\/www.enerjigazetesi.ist\/wp-content\/uploads\/2014\/09\/yilmaz-akaryakitta-tavan-fiyat-uygulamasini-gozden-geciriyoruz.jpg 533w\" sizes=\"(max-width: 300px) 100vw, 300px\" \/><\/a>mas\u0131na ili\u015fkin sorulan soru \u00fczerine Y\u0131lmaz, da\u011f\u0131t\u0131m \u015firketleri ve akaryak\u0131t bayilerinin kar oranlar\u0131n\u0131n 10 y\u0131ll\u0131k de\u011ferlendirme sonucu belli olaca\u011f\u0131n\u0131 belirterek, \u201cBe\u015f y\u0131l sonra kazanaca\u011f\u0131n\u0131 \u015fimdi alm\u0131\u015fsa bu \u00e7ok sa\u011fl\u0131kl\u0131 bir durum de\u011fil. Piyasada b\u00f6yle bir yap\u0131 olu\u015fuyor bu yap\u0131y\u0131 g\u00f6zden ge\u00e7iriyoruz. Ben bunu \u00f6nlemek i\u00e7in m\u00fccadeleme devam edece\u011fim\u201d diye konu\u015ftu.<\/p>\n<p>Akaryak\u0131ttaki tavan fiyat uygulamas\u0131na kanunda \u00f6ng\u00f6r\u00fclen \u015fekliyle devam edildi\u011fini anlatan Y\u0131lmaz, kurumun \u015feffaf bir tarzda \u00e7al\u0131\u015ft\u0131\u011f\u0131n\u0131, piyasadaki g\u00f6revinin de bu konuda y\u00f6nlendirme ve g\u00f6zetim yapmak oldu\u011funu hat\u0131rlatt\u0131.<\/p>\n<p>Y\u0131lmaz, akaryak\u0131tta ka\u00e7ak oranlar\u0131n\u0131n y\u00fcksek oldu\u011funa y\u00f6nelik soruya da \u201cKa\u00e7ak canavar\u0131 \u00fcretiliyor, kurum olarak \u00e7ok ciddi mesafe ald\u0131k\u201d yan\u0131t\u0131n\u0131 verdi.<\/p>\n<p>Y\u0131lmaz \u015f\u00f6yle konu\u015ftu:<\/p>\n<p>\u201cBiz bu hususta kurum olarak \u00e7ok ciddi mesafe ald\u0131k. Ka\u00e7ak canavar\u0131 \u00fcretiliyor. EPDK ka\u00e7ak ile ilgili m\u00fccadelede otomasyon sayesinde giden akaryak\u0131t\u0131n anl\u0131k de\u011fi\u015fimlerini g\u00f6rebiliyor. Buna ra\u011fmen y\u00fcksek ka\u00e7ak rakamlar\u0131ndan bahsediliyor. Ben buna kat\u0131lm\u0131yorum. Bu piyasaya haks\u0131zl\u0131k olur. Marker ve otomasyon uygulamalar\u0131m\u0131z sayesinde bunun \u00f6n\u00fcne ge\u00e7iyoruz. T\u00fcrkiye\u2019de 25 milyon ton (y\u0131ll\u0131k) civar\u0131 akaryak\u0131t t\u00fcketiliyor. Minimal d\u00fczeylerde akaryak\u0131t ka\u00e7ak\u00e7\u0131l\u0131\u011f\u0131 olabilir. Bu konuda somut bir belge bize ula\u015fmad\u0131.\u201d<\/p>\n<h2>4 y\u0131lda 104 lisans verildi<\/h2>\n<p>Y\u0131lmaz, lisans yat\u0131r\u0131mlar\u0131yla ilgili olarak, \u201c2010-2014 y\u0131llar\u0131 ars\u0131nda 104 adet yeni \u00fcretim tesisine lisans verildi\u201d dedi.<\/p>\n<p>Bu tesislerin kurulu kapasitesinin 3 bin 600 megavat civar\u0131nda oldu\u011funu belirten Y\u0131lmaz, \u201cY\u0131l sonuna kadar bu rakam\u0131n 4 bin megavata ula\u015faca\u011f\u0131n\u0131 tahmin ediyoruz. Bunlar\u0131n geneli yerli ve yenilenebilir santraller\u201d diye konu\u015ftu.<\/p>\n<p>\u00d6zellikle bu tarz yat\u0131r\u0131mlar\u0131n te\u015fvik edildi\u011fini ifade eden Y\u0131lmaz, T\u00fcrkiye\u2019nin elektrikte kurulu g\u00fcc\u00fcn\u00fcn 68 bin megavatlara ula\u015ft\u0131\u011f\u0131n\u0131 bildirdi. Y\u0131lmaz, \u201cBiz herhangi bir arz s\u0131k\u0131nt\u0131s\u0131 ya\u015fayaca\u011f\u0131m\u0131z\u0131 d\u00fc\u015f\u00fcnm\u00fcyoruz. \u0130leride n\u00fckleer santrallerin de devreye girmesiyle t\u00fcketimdeki dengesizliklerin de \u00f6n\u00fcne ge\u00e7mi\u015f olaca\u011f\u0131z\u201d dedi.<\/p>\n<p>Kaynak: <a href=\"http:\/\/enerjienstitusu.com\/2014\/09\/12\/epdk-baskani-yilmaz-akaryakitta-tavan-fiyat-uygulamasini-gozden-geciriyoruz\/\" target=\"_blank\" rel=\"nofollow\">Enerji Enstit\u00fcs\u00fc<\/a><\/p>","protected":false},"excerpt":{"rendered":"<p>Sorry, this entry is only available in Turkish. For the sake of viewer convenience, the content is shown below in the alternative language. You may click the link to switch the active language.Enerji Piyasas\u0131 D\u00fczenleme Kurumu (EPDK) Ba\u015fkan\u0131 Mustafa Y\u0131lmaz, akaryak\u0131tta tavan fiyat uygulamas\u0131na ili\u015fkin \u201cDa\u011f\u0131t\u0131m \u015firketleri ve akaryak\u0131t bayileri be\u015f y\u0131l sonra kazanaca\u011f\u0131n\u0131 \u015fimdi [&hellip;]<\/p>\n","protected":false},"author":1,"featured_media":31412,"comment_status":"open","ping_status":"open","sticky":false,"template":"","format":"standard","meta":[],"categories":[53,44],"tags":[17243,2121,14081,4258,12441,63,67,1009,18089,1046,165,750,12996],"views":552,"_links":{"self":[{"href":"https:\/\/www.enerjigazetesi.ist\/en\/wp-json\/wp\/v2\/posts\/31410"}],"collection":[{"href":"https:\/\/www.enerjigazetesi.ist\/en\/wp-json\/wp\/v2\/posts"}],"about":[{"href":"https:\/\/www.enerjigazetesi.ist\/en\/wp-json\/wp\/v2\/types\/post"}],"author":[{"embeddable":true,"href":"https:\/\/www.enerjigazetesi.ist\/en\/wp-json\/wp\/v2\/users\/1"}],"replies":[{"embeddable":true,"href":"https:\/\/www.enerjigazetesi.ist\/en\/wp-json\/wp\/v2\/comments?post=31410"}],"version-history":[{"count":2,"href":"https:\/\/www.enerjigazetesi.ist\/en\/wp-json\/wp\/v2\/posts\/31410\/revisions"}],"predecessor-version":[{"id":31413,"href":"https:\/\/www.enerjigazetesi.ist\/en\/wp-json\/wp\/v2\/posts\/31410\/revisions\/31413"}],"wp:featuredmedia":[{"embeddable":true,"href":"https:\/\/www.enerjigazetesi.ist\/en\/wp-json\/wp\/v2\/media\/31412"}],"wp:attachment":[{"href":"https:\/\/www.enerjigazetesi.ist\/en\/wp-json\/wp\/v2\/media?parent=31410"}],"wp:term":[{"taxonomy":"category","embeddable":true,"href":"https:\/\/www.enerjigazetesi.ist\/en\/wp-json\/wp\/v2\/categories?post=31410"},{"taxonomy":"post_tag","embeddable":true,"href":"https:\/\/www.enerjigazetesi.ist\/en\/wp-json\/wp\/v2\/tags?post=31410"}],"curies":[{"name":"wp","href":"https:\/\/api.w.org\/{rel}","templated":true}]}}