{"id":31372,"date":"2014-09-12T08:54:21","date_gmt":"2014-09-12T05:54:21","guid":{"rendered":"https:\/\/www.enerjigazetesi.ist\/?p=31372"},"modified":"2014-09-12T08:54:21","modified_gmt":"2014-09-12T05:54:21","slug":"cin-arjantinde-800-megavatlik-nukleer-santral-insa-edecek","status":"publish","type":"post","link":"https:\/\/www.enerjigazetesi.ist\/en\/cin-arjantinde-800-megavatlik-nukleer-santral-insa-edecek\/","title":{"rendered":"(Turkish) \u00c7in, Arjantin\u2019de 800 Megavatl\u0131k N\u00fckleer Santral \u0130n\u015fa Edecek!"},"content":{"rendered":"<p class=\"qtranxs-available-languages-message qtranxs-available-languages-message-en\">Sorry, this entry is only available in <a href=\"https:\/\/www.enerjigazetesi.ist\/tr\/wp-json\/wp\/v2\/posts\/31372\" class=\"qtranxs-available-language-link qtranxs-available-language-link-tr\" title=\"Turkish\">Turkish<\/a>. For the sake of viewer convenience, the content is shown below in the alternative language. You may click the link to switch the active language.<\/p><p><strong>Faaliyetteki 21 n\u00fckleer santraline ilave 28\u2032inin daha in\u015fas\u0131na devam eden \u00c7in, Arjantin\u2019de n\u00fckleer projeye ba\u015fl\u0131yor. <span id=\"more-67105\"><\/span>\u00c7in, Arjantin\u2019de bulunan ve iki reakt\u00f6rl\u00fc \u201cAtucha\u201d n\u00fckleer santraline 800 megavatl\u0131k kurulu g\u00fcc\u00fc olacak \u201cAtucha III\u201d isimli n\u00fckleer projeyi yakla\u015f\u0131k 6 milyar dolara ger\u00e7ekle\u015ftirecek.<a href=\"https:\/\/www.enerjigazetesi.ist\/wp-content\/uploads\/2014\/09\/Atucha-III-\u00e7in-arjantin-n\u00fckleer-santral-239878233234327.jpg\"><img loading=\"lazy\" class=\"alignright size-medium wp-image-31373\" src=\"https:\/\/www.enerjigazetesi.ist\/wp-content\/uploads\/2014\/09\/Atucha-III-\u00e7in-arjantin-n\u00fckleer-santral-239878233234327-300x163.jpg\" alt=\"Atucha-III-\u00e7in-arjantin-n\u00fckleer-santral-239878233234327\" width=\"300\" height=\"163\" srcset=\"https:\/\/www.enerjigazetesi.ist\/wp-content\/uploads\/2014\/09\/Atucha-III-\u00e7in-arjantin-n\u00fckleer-santral-239878233234327-300x163.jpg 300w, https:\/\/www.enerjigazetesi.ist\/wp-content\/uploads\/2014\/09\/Atucha-III-\u00e7in-arjantin-n\u00fckleer-santral-239878233234327-500x272.jpg 500w, https:\/\/www.enerjigazetesi.ist\/wp-content\/uploads\/2014\/09\/Atucha-III-\u00e7in-arjantin-n\u00fckleer-santral-239878233234327-80x43.jpg 80w, https:\/\/www.enerjigazetesi.ist\/wp-content\/uploads\/2014\/09\/Atucha-III-\u00e7in-arjantin-n\u00fckleer-santral-239878233234327.jpg 870w\" sizes=\"(max-width: 300px) 100vw, 300px\" \/><\/a><\/strong><\/p>\n<p>\u00c7in Xi\u2019an Jiaotong Liverpool \u00dcniversitesi \u00d6\u011fretim \u00dcyesi Do\u00e7. Dr. Ahmet G\u00f6nc\u00fc, \u00a0Arjantin\u2019in \u00c7in ile imzalad\u0131\u011f\u0131 n\u00fckleer enerji santralinin yap\u0131m\u0131yla ilgili, \u201c\u00c7in\u2019in Arjantin\u2019de kuraca\u011f\u0131 5,8 milyar dolar de\u011ferindeki santralin en b\u00fcy\u00fck \u00f6zeliklerinden biri, \u00c7in\u2019in yurt d\u0131\u015f\u0131nda dizayn etti\u011fi ilk n\u00fckleer santral olmas\u0131d\u0131r\u201d dedi.<\/p>\n<p>G\u00f6nc\u00fc, \u00c7in\u2019in sivil n\u00fckleer teknolojide \u00f6nemli ihracat\u00e7\u0131lardan biri oldu\u011funu, n\u00fckleerde b\u00fcy\u00fck bir uluslararas\u0131 pazar oldu\u011funu ifade etti.<\/p>\n<p>\u00c7in enerji \u015firketlerinin, yerli ortakl\u0131klarla Latin Amerika \u00fclkelerinde i\u015fbirliklerini s\u00fcrd\u00fcrd\u00fc\u011f\u00fcn\u00fc aktaran G\u00f6nc\u00fc, \u00c7in\u2019in en b\u00fcy\u00fck petrol \u015firketi \u201cSinopec Group\u201dun \u201cOccidental Petroleum\u201dun hisselerini sat\u0131n almas\u0131 ve \u00c7in Ulusal A\u00e7\u0131kdeniz Petrol \u015eirketinin de Arjantinli Bridastan\u2019dan hisse sat\u0131n almas\u0131, \u00c7in\u2019in Arjantin\u2019e girmesi ve do\u011fal kaynaklar\u0131n\u0131 kullanmas\u0131n\u0131 kolayla\u015ft\u0131rd\u0131\u011f\u0131n\u0131 vurgulad\u0131.<\/p>\n<p>Toronto \u00dcnivesitesi\u2019ne ba\u011fl\u0131 Mowat Center enerji uzman\u0131 Richard Carlson da \u201cN\u00fckleer santral konusunda uzman olarak uluslararas\u0131 \u00e7ok az say\u0131da firman\u0131n sekt\u00f6rde yer almas\u0131 \u00c7in\u2019in yeni n\u00fckleer santraller in\u015fas\u0131nda kendi deneyimlerinden faydalanmak ve muhtemelen kendi teknolojisini geli\u015ftirmek i\u00e7in bir f\u0131rsat olarak g\u00f6r\u00fcyor\u201d dedi.<\/p>\n<p>Carlson, \u00c7in\u2019in Latin Amerika\u2019da ekonomik ba\u011flant\u0131lar\u0131n\u0131 geli\u015ftirmek istedi\u011fini vurgulayarak, Arjantin\u2019de kurulacak n\u00fckleer santralde Kanada yap\u0131m\u0131 Candu reakt\u00f6rlerinin kullan\u0131laca\u011f\u0131n\u0131 s\u00f6zlerine ekledi.<\/p>\n<p>DEVAMI \u0130\u00c7\u0130N <a href=\"http:\/\/ekonomi.haber7.com\/dunya-ekonomisi\/haber\/1200116-arjantine-cin-mali-nukleer-santral\" target=\"_blank\" rel=\"nofollow\">TIKLAYINIZ&gt;&gt;&gt;<\/a><\/p>\n<p>Kaynak: Enerji Enstit\u00fcs\u00fc<\/p>","protected":false},"excerpt":{"rendered":"<p>Sorry, this entry is only available in Turkish. For the sake of viewer convenience, the content is shown below in the alternative language. You may click the link to switch the active language.Faaliyetteki 21 n\u00fckleer santraline ilave 28\u2032inin daha in\u015fas\u0131na devam eden \u00c7in, Arjantin\u2019de n\u00fckleer projeye ba\u015fl\u0131yor. \u00c7in, Arjantin\u2019de bulunan ve iki reakt\u00f6rl\u00fc \u201cAtucha\u201d n\u00fckleer [&hellip;]<\/p>\n","protected":false},"author":1,"featured_media":31373,"comment_status":"open","ping_status":"open","sticky":false,"template":"","format":"standard","meta":[],"categories":[53,43],"tags":[8898,18059,886,18060,18061,88,18062,18063],"views":801,"_links":{"self":[{"href":"https:\/\/www.enerjigazetesi.ist\/en\/wp-json\/wp\/v2\/posts\/31372"}],"collection":[{"href":"https:\/\/www.enerjigazetesi.ist\/en\/wp-json\/wp\/v2\/posts"}],"about":[{"href":"https:\/\/www.enerjigazetesi.ist\/en\/wp-json\/wp\/v2\/types\/post"}],"author":[{"embeddable":true,"href":"https:\/\/www.enerjigazetesi.ist\/en\/wp-json\/wp\/v2\/users\/1"}],"replies":[{"embeddable":true,"href":"https:\/\/www.enerjigazetesi.ist\/en\/wp-json\/wp\/v2\/comments?post=31372"}],"version-history":[{"count":2,"href":"https:\/\/www.enerjigazetesi.ist\/en\/wp-json\/wp\/v2\/posts\/31372\/revisions"}],"predecessor-version":[{"id":31376,"href":"https:\/\/www.enerjigazetesi.ist\/en\/wp-json\/wp\/v2\/posts\/31372\/revisions\/31376"}],"wp:featuredmedia":[{"embeddable":true,"href":"https:\/\/www.enerjigazetesi.ist\/en\/wp-json\/wp\/v2\/media\/31373"}],"wp:attachment":[{"href":"https:\/\/www.enerjigazetesi.ist\/en\/wp-json\/wp\/v2\/media?parent=31372"}],"wp:term":[{"taxonomy":"category","embeddable":true,"href":"https:\/\/www.enerjigazetesi.ist\/en\/wp-json\/wp\/v2\/categories?post=31372"},{"taxonomy":"post_tag","embeddable":true,"href":"https:\/\/www.enerjigazetesi.ist\/en\/wp-json\/wp\/v2\/tags?post=31372"}],"curies":[{"name":"wp","href":"https:\/\/api.w.org\/{rel}","templated":true}]}}