{"id":31360,"date":"2014-09-11T14:08:05","date_gmt":"2014-09-11T11:08:05","guid":{"rendered":"https:\/\/www.enerjigazetesi.ist\/?p=31360"},"modified":"2014-09-11T14:08:05","modified_gmt":"2014-09-11T11:08:05","slug":"ruzgarda-ingilterenin-liderligi-surecek","status":"publish","type":"post","link":"https:\/\/www.enerjigazetesi.ist\/en\/ruzgarda-ingilterenin-liderligi-surecek\/","title":{"rendered":"(Turkish) R\u00fczgarda \u0130ngiltere\u2019nin Liderli\u011fi S\u00fcrecek!"},"content":{"rendered":"<p class=\"qtranxs-available-languages-message qtranxs-available-languages-message-en\">Sorry, this entry is only available in <a href=\"https:\/\/www.enerjigazetesi.ist\/tr\/wp-json\/wp\/v2\/posts\/31360\" class=\"qtranxs-available-language-link qtranxs-available-language-link-tr\" title=\"Turkish\">Turkish<\/a>. For the sake of viewer convenience, the content is shown below in the alternative language. You may click the link to switch the active language.<\/p><p><strong>\u0130ngiltere, r\u00fczgarda kurulu g\u00fcc\u00fcn\u00fc 2020 y\u0131l\u0131na kadar 11 GW d\u00fczeyine \u00e7\u0131kararak lider konumunu s\u00fcrd\u00fcrecek.\u00a0 Ara\u015ft\u0131rma \u015firketi GlobalData\u2019n\u0131n yeni raporuna g\u00f6re, iklim de\u011fi\u015fikli\u011fi ve enerji sistem g\u00fcvenli\u011fi kayg\u0131lar\u0131yla yenilenebilir enerji hedefini y\u00fcksek tutan \u0130ngiltere, a\u00e7\u0131k deniz r\u00fczgar santrallerinin kapasitesini 3.7 GW\u2019dan 2020 y\u0131l\u0131na kadar 11 GW d\u00fczeyine \u00e7\u0131kararak liderlik pozisyonunu koruyacak.<\/strong><\/p>\n<p>Mevcut konumda d\u00fcnya a\u00e7\u0131k deniz g\u00fcne\u015f enerjisi kapasitesinin yar\u0131s\u0131ndan fazlas\u0131n\u0131 ger\u00e7ekle\u015ftiren \u0130ngiltere, 200<a href=\"https:\/\/www.enerjigazetesi.ist\/wp-content\/uploads\/2014\/09\/ruzgarda-ingilterenin-liderligi-surecek.jpg\"><img loading=\"lazy\" class=\"alignright size-medium wp-image-31361\" src=\"https:\/\/www.enerjigazetesi.ist\/wp-content\/uploads\/2014\/09\/ruzgarda-ingilterenin-liderligi-surecek-300x209.jpg\" alt=\"ruzgarda-ingilterenin-liderligi-surecek\" width=\"300\" height=\"209\" srcset=\"https:\/\/www.enerjigazetesi.ist\/wp-content\/uploads\/2014\/09\/ruzgarda-ingilterenin-liderligi-surecek-300x209.jpg 300w, https:\/\/www.enerjigazetesi.ist\/wp-content\/uploads\/2014\/09\/ruzgarda-ingilterenin-liderligi-surecek-71x50.jpg 71w, https:\/\/www.enerjigazetesi.ist\/wp-content\/uploads\/2014\/09\/ruzgarda-ingilterenin-liderligi-surecek.jpg 390w\" sizes=\"(max-width: 300px) 100vw, 300px\" \/><\/a>6-2013 y\u0131llar\u0131 aras\u0131nda bu alanda y\u00fczde 42.9 b\u00fcy\u00fcme sa\u011flad\u0131. Global a\u00e7\u0131k deniz r\u00fczgar enerjisi kurulu kapasitesinin %36.4\u2019\u00fcne sahip olan \u0130ngiltere bu alanda lider konumunda.<\/p>\n<p><strong>YATIRIMLAR ARTACAK<\/strong><\/p>\n<p>2016-2020 y\u0131llar\u0131 aras\u0131nda \u0130ngiltere\u2019nin y\u0131ll\u0131k a\u00e7\u0131k deniz r\u00fczgar enerjisi yat\u0131r\u0131mlar\u0131n\u0131n 2013 y\u0131l\u0131nda ger\u00e7ekle\u015ftirilen 3.3 milyar dolardan 2020 y\u0131l\u0131na kadar 7.53 milyar dolara \u00e7\u0131kmas\u0131 bekleniyor.<\/p>\n<p>\u0130ngiltere, 2020 y\u0131l\u0131na kadar enerji ihtiyac\u0131n\u0131n % 15\u2019ini yenilenebilir kaynaklardan elde etmeyi hedefliyor. \u015eu anda a\u00e7\u0131k deniz r\u00fczgar santralleri \u00fclkenin enerji toplam enerji \u00fcretiminin % 3\u2019\u00fcn\u00fc olu\u015fturuyor.<\/p>\n<p>Kaynak: <a href=\"http:\/\/enerjigunlugu.net\/ruzgarda-ingilterenin-liderligi-surecek_10048.html\" target=\"_blank\" rel=\"nofollow\">Enerji G\u00fcnl\u00fc\u011f\u00fc<\/a><\/p>\n<p>&nbsp;<\/p>","protected":false},"excerpt":{"rendered":"<p>Sorry, this entry is only available in Turkish. For the sake of viewer convenience, the content is shown below in the alternative language. You may click the link to switch the active language.\u0130ngiltere, r\u00fczgarda kurulu g\u00fcc\u00fcn\u00fc 2020 y\u0131l\u0131na kadar 11 GW d\u00fczeyine \u00e7\u0131kararak lider konumunu s\u00fcrd\u00fcrecek.\u00a0 Ara\u015ft\u0131rma \u015firketi GlobalData\u2019n\u0131n yeni raporuna g\u00f6re, iklim de\u011fi\u015fikli\u011fi ve [&hellip;]<\/p>\n","protected":false},"author":1,"featured_media":31361,"comment_status":"open","ping_status":"open","sticky":false,"template":"","format":"standard","meta":[],"categories":[53,50],"tags":[63,67,1009,165,1092,474,69,16,231],"views":455,"_links":{"self":[{"href":"https:\/\/www.enerjigazetesi.ist\/en\/wp-json\/wp\/v2\/posts\/31360"}],"collection":[{"href":"https:\/\/www.enerjigazetesi.ist\/en\/wp-json\/wp\/v2\/posts"}],"about":[{"href":"https:\/\/www.enerjigazetesi.ist\/en\/wp-json\/wp\/v2\/types\/post"}],"author":[{"embeddable":true,"href":"https:\/\/www.enerjigazetesi.ist\/en\/wp-json\/wp\/v2\/users\/1"}],"replies":[{"embeddable":true,"href":"https:\/\/www.enerjigazetesi.ist\/en\/wp-json\/wp\/v2\/comments?post=31360"}],"version-history":[{"count":1,"href":"https:\/\/www.enerjigazetesi.ist\/en\/wp-json\/wp\/v2\/posts\/31360\/revisions"}],"predecessor-version":[{"id":31362,"href":"https:\/\/www.enerjigazetesi.ist\/en\/wp-json\/wp\/v2\/posts\/31360\/revisions\/31362"}],"wp:featuredmedia":[{"embeddable":true,"href":"https:\/\/www.enerjigazetesi.ist\/en\/wp-json\/wp\/v2\/media\/31361"}],"wp:attachment":[{"href":"https:\/\/www.enerjigazetesi.ist\/en\/wp-json\/wp\/v2\/media?parent=31360"}],"wp:term":[{"taxonomy":"category","embeddable":true,"href":"https:\/\/www.enerjigazetesi.ist\/en\/wp-json\/wp\/v2\/categories?post=31360"},{"taxonomy":"post_tag","embeddable":true,"href":"https:\/\/www.enerjigazetesi.ist\/en\/wp-json\/wp\/v2\/tags?post=31360"}],"curies":[{"name":"wp","href":"https:\/\/api.w.org\/{rel}","templated":true}]}}