{"id":31323,"date":"2014-09-09T14:27:26","date_gmt":"2014-09-09T11:27:26","guid":{"rendered":"https:\/\/www.enerjigazetesi.ist\/?p=31323"},"modified":"2014-09-10T15:44:17","modified_gmt":"2014-09-10T12:44:17","slug":"kose-yazisi-en-buyuk-gunes-enerjisi-tarlalari-malatyada-2","status":"publish","type":"post","link":"https:\/\/www.enerjigazetesi.ist\/en\/kose-yazisi-en-buyuk-gunes-enerjisi-tarlalari-malatyada-2\/","title":{"rendered":"(Turkish) K\u00f6\u015fe Yaz\u0131s\u0131: En B\u00fcy\u00fck G\u00fcne\u015f Enerjisi Tarlalar\u0131 Malatya\u2019da!"},"content":{"rendered":"<p class=\"qtranxs-available-languages-message qtranxs-available-languages-message-en\">Sorry, this entry is only available in <a href=\"https:\/\/www.enerjigazetesi.ist\/tr\/wp-json\/wp\/v2\/posts\/31323\" class=\"qtranxs-available-language-link qtranxs-available-language-link-tr\" title=\"Turkish\">Turkish<\/a>. For the sake of viewer convenience, the content is shown below in the alternative language. You may click the link to switch the active language.<\/p><p><strong>\u0130n\u00f6n\u00fc \u00dcniversitesi Rekt\u00f6r\u00fc Prof. Dr.\u00a0Cemil \u00c7elik, ge\u00e7en y\u0131l uzun uzun anlatt\u0131\u011f\u0131 enerji tarlalar\u0131na kavu\u015fmu\u015f olman\u0131n mutlulu\u011funu ya\u015f\u0131yor. Do\u011frusu Mecidiyek\u00f6y\u2019deki Torunlar GYO\u2019da 10 i\u015f\u00e7iye mezar olan g\u00f6kdelen \u015fantiyesindeki ihmalleri, al\u0131nmayan tedbirleri, su\u00e7u birbirine atan \u2018sorumlular\u0131\u2019 g\u00f6rd\u00fck\u00e7e y\u00f6n\u00fcm\u00fc bilim insanlar\u0131na \u00e7eviriyorum ve nefes al\u0131yorum.<\/strong><\/p>\n<p>T\u00fcrkiye\u2019nin de\u011fil d\u00fcnyan\u0131n en \u00f6nemli karaci\u011fer nakil merkezlerinden biri olan ve birbiri ard\u0131na ba\u015far\u0131l\u0131 ameliyatlar ger\u00e7ekle\u015ftiren profes\u00f6rleriyle d\u00fcnya \u00e7ap\u0131nda \u00fcne kavu\u015fan \u0130n\u00f6n\u00fc \u00dcniversitesi Turgut \u00d6zal T\u0131p Merkezi\u2019nde ciddi bir enerji t\u00fcketimi var. Rekt\u00f6r \u00c7elik, \u00fcniversitenin daha \u00e7ok gelir elde ederek, daha \u00e7ok b\u00f6l\u00fcm a\u00e7mas\u0131, hastanenin ka<a href=\"https:\/\/www.enerjigazetesi.ist\/wp-content\/uploads\/2014\/09\/kose-yazisi-en-buyuk-gunes-enerjisi-tarlalari-malatyada-2.jpg\"><img loading=\"lazy\" class=\"alignright size-medium wp-image-31324\" src=\"https:\/\/www.enerjigazetesi.ist\/wp-content\/uploads\/2014\/09\/kose-yazisi-en-buyuk-gunes-enerjisi-tarlalari-malatyada-2-300x229.jpg\" alt=\"kose-yazisi-en-buyuk-gunes-enerjisi-tarlalari-malatyada-2\" width=\"300\" height=\"229\" srcset=\"https:\/\/www.enerjigazetesi.ist\/wp-content\/uploads\/2014\/09\/kose-yazisi-en-buyuk-gunes-enerjisi-tarlalari-malatyada-2-300x229.jpg 300w, https:\/\/www.enerjigazetesi.ist\/wp-content\/uploads\/2014\/09\/kose-yazisi-en-buyuk-gunes-enerjisi-tarlalari-malatyada-2-500x382.jpg 500w, https:\/\/www.enerjigazetesi.ist\/wp-content\/uploads\/2014\/09\/kose-yazisi-en-buyuk-gunes-enerjisi-tarlalari-malatyada-2-65x50.jpg 65w, https:\/\/www.enerjigazetesi.ist\/wp-content\/uploads\/2014\/09\/kose-yazisi-en-buyuk-gunes-enerjisi-tarlalari-malatyada-2.jpg 600w\" sizes=\"(max-width: 300px) 100vw, 300px\" \/><\/a>psam\u0131n\u0131 daha da geni\u015fletmesi i\u00e7in dur durak demeden \u00e7al\u0131\u015f\u0131yor. \u0130\u015fte g\u00fcne\u015f enerjisi yat\u0131r\u0131m\u0131 da bu \u00e7al\u0131\u015fmalar\u0131n en sonuncusu.<\/p>\n<p>Malatya\u2019da \u015fu anda 200 d\u00f6n\u00fcm bir arazide 5.3 megavat kapasite ile T\u00fcrkiye\u2019nin en b\u00fcy\u00fck g\u00fcne\u015f enerjisi sistemi hayata ge\u00e7iyor. 21 milyon liral\u0131k yat\u0131r\u0131m\u0131n 15 milyon liras\u0131n\u0131 Ziraat Bankas\u0131\u2019ndan kredi olarak alan \u00fcniversite, kalan k\u0131sm\u0131 da \u00f6z kaynaklar\u0131ndan tamaml\u0131yor. \u00dcniversite gelir elde etmek i\u00e7in yeni i\u015f alanlar\u0131na giriyor ve b\u00f6lgeye de \u00f6rnek oluyor. \u00c7elik rekt\u00f6rl\u00fck koltu\u011funa oturdu\u011fu g\u00fcn 500 bin lira olan \u00fcniversitenin y\u0131ll\u0131k gelirini 5 milyon liraya \u00e7\u0131karmay\u0131 ba\u015farm\u0131\u015f.<\/p>\n<p>\u00dcniversite kamp\u00fcs\u00fc i\u00e7inde yer alan hastanenin elektrik t\u00fcketimi y\u0131ll\u0131k 10 milyon lira civar\u0131nda ve art\u0131k \u00fcniversite enerj ihtiyac\u0131n\u0131n y\u00fczde 33\u2032\u00fcn\u00fc g\u00fcne\u015f enerjisinden sa\u011flayacak.<\/p>\n<p>\u00d6zetle 15 g\u00fcne kadar \u00fcniversite her ay 330 bin liral\u0131k enerji tasarrufu yapacak.<\/p>\n<p>Rekt\u00f6r \u00c7elik, DPT\u2019ye yeni bir teklifte bulunduklar\u0131n\u0131 ve kabul edilmesi halinde yapacaklar\u0131 ek yat\u0131r\u0131mla g\u00fcne\u015f enerjisi yat\u0131r\u0131m\u0131n\u0131 9 megawata \u00e7\u0131karacaklar\u0131n\u0131 ve o zaman da ihtiya\u00e7 olan enerjinin y\u00fczde 45\u2032ini bu merkezden sa\u011flayacaklar\u0131n\u0131 s\u00f6yl\u00fcyor. \u00c7elik, \u015fu anda T\u00fcrkiye\u2019de hali haz\u0131rda var olan g\u00fcne\u015f enerjisi panellerinin y\u00fczde 55\u2032ini tek ba\u015f\u0131na \u0130n\u00f6n\u00fc \u00dcniversite\u2019sinin kurdu\u011funu s\u00f6yl\u00fcyor.<br \/>\n\u0130n\u00f6n\u00fc \u00dcniversitesi\u2019nde insan\u0131n i\u00e7ini \u0131s\u0131tan ba\u015fka geli\u015fmeler de ya\u015fan\u0131yor. Mesela Engelliler Ara\u015ft\u0131rma ve Uygulama Merkezi. \u00dcniversite K\u00f6ln\u2019de engellilerle u\u011fra\u015fan bir enstit\u00fcyle anla\u015fm\u0131\u015f ve engellilere beden e\u011fitimi verecek e\u011fitmenler yeti\u015ftiriyor. \u201cKa\u00e7 tane otistik \u00e7ocu\u011fa y\u00fczme \u00f6\u011frettiler bir bilseniz\u201d diyen \u00c7elik, \u015fimdiden 90 e\u011fitmen yeti\u015ftirdiklerini s\u00f6yl\u00fcyor. Bir g\u00fczel geli\u015fme de k\u00f6y okullar\u0131n\u0131n en ba\u015far\u0131l\u0131 \u00f6\u011frencilerini 15 g\u00fcn s\u00fcreyle \u00fcniversitede kampa alma projesinde ya\u015fan\u0131yor. \u00d6\u011freniyorum ki \u00fcniversite bu \u00f6\u011frencileri 15 g\u00fcn kampa almakla kalm\u0131yor sonra da onlar\u0131n \u00fczerinden ilgisini \u00e7ekmiyor.<\/p>\n<p><strong>Haberin Devam\u0131 i\u00e7in <a href=\"http:\/\/www.sabah.com.tr\/Yazarlar\/kadak\/2014\/09\/10\/en-buyuk-gunes-enerjisi-tarlalari-malatyada\" target=\"_blank\" rel=\"nofollow\">t\u0131klay\u0131n\u0131z&gt;&gt;&gt;<\/a><\/strong><\/p>\n<p>Kaynak: Sabah<\/p>","protected":false},"excerpt":{"rendered":"<p>Sorry, this entry is only available in Turkish. For the sake of viewer convenience, the content is shown below in the alternative language. You may click the link to switch the active language.\u0130n\u00f6n\u00fc \u00dcniversitesi Rekt\u00f6r\u00fc Prof. Dr.\u00a0Cemil \u00c7elik, ge\u00e7en y\u0131l uzun uzun anlatt\u0131\u011f\u0131 enerji tarlalar\u0131na kavu\u015fmu\u015f olman\u0131n mutlulu\u011funu ya\u015f\u0131yor. Do\u011frusu Mecidiyek\u00f6y\u2019deki Torunlar GYO\u2019da 10 i\u015f\u00e7iye [&hellip;]<\/p>\n","protected":false},"author":1,"featured_media":31324,"comment_status":"open","ping_status":"open","sticky":false,"template":"","format":"standard","meta":[],"categories":[53,49],"tags":[63,67,1009,165,2326,227,13,2569,18014,108,2325,10055,3489,5153],"views":1015,"_links":{"self":[{"href":"https:\/\/www.enerjigazetesi.ist\/en\/wp-json\/wp\/v2\/posts\/31323"}],"collection":[{"href":"https:\/\/www.enerjigazetesi.ist\/en\/wp-json\/wp\/v2\/posts"}],"about":[{"href":"https:\/\/www.enerjigazetesi.ist\/en\/wp-json\/wp\/v2\/types\/post"}],"author":[{"embeddable":true,"href":"https:\/\/www.enerjigazetesi.ist\/en\/wp-json\/wp\/v2\/users\/1"}],"replies":[{"embeddable":true,"href":"https:\/\/www.enerjigazetesi.ist\/en\/wp-json\/wp\/v2\/comments?post=31323"}],"version-history":[{"count":1,"href":"https:\/\/www.enerjigazetesi.ist\/en\/wp-json\/wp\/v2\/posts\/31323\/revisions"}],"predecessor-version":[{"id":31325,"href":"https:\/\/www.enerjigazetesi.ist\/en\/wp-json\/wp\/v2\/posts\/31323\/revisions\/31325"}],"wp:featuredmedia":[{"embeddable":true,"href":"https:\/\/www.enerjigazetesi.ist\/en\/wp-json\/wp\/v2\/media\/31324"}],"wp:attachment":[{"href":"https:\/\/www.enerjigazetesi.ist\/en\/wp-json\/wp\/v2\/media?parent=31323"}],"wp:term":[{"taxonomy":"category","embeddable":true,"href":"https:\/\/www.enerjigazetesi.ist\/en\/wp-json\/wp\/v2\/categories?post=31323"},{"taxonomy":"post_tag","embeddable":true,"href":"https:\/\/www.enerjigazetesi.ist\/en\/wp-json\/wp\/v2\/tags?post=31323"}],"curies":[{"name":"wp","href":"https:\/\/api.w.org\/{rel}","templated":true}]}}