{"id":31303,"date":"2014-09-10T11:02:48","date_gmt":"2014-09-10T08:02:48","guid":{"rendered":"https:\/\/www.enerjigazetesi.ist\/?p=31303"},"modified":"2014-09-10T11:02:48","modified_gmt":"2014-09-10T08:02:48","slug":"yildiz-kalici-baris-olmaksizin-israille-enerji-projesi-gerceklestirmeyiz","status":"publish","type":"post","link":"https:\/\/www.enerjigazetesi.ist\/en\/yildiz-kalici-baris-olmaksizin-israille-enerji-projesi-gerceklestirmeyiz\/","title":{"rendered":"(Turkish) Y\u0131ld\u0131z: \u201cKal\u0131c\u0131 Bar\u0131\u015f Olmaks\u0131z\u0131n \u0130srail\u2019le Enerji Projesi Ger\u00e7ekle\u015ftirmeyiz\u201d"},"content":{"rendered":"<p class=\"qtranxs-available-languages-message qtranxs-available-languages-message-en\">Sorry, this entry is only available in <a href=\"https:\/\/www.enerjigazetesi.ist\/tr\/wp-json\/wp\/v2\/posts\/31303\" class=\"qtranxs-available-language-link qtranxs-available-language-link-tr\" title=\"Turkish\">Turkish<\/a>. For the sake of viewer convenience, the content is shown below in the alternative language. You may click the link to switch the active language.<\/p><p><strong>Enerji ve Tabii Kaynaklar Bakan\u0131 Taner Y\u0131ld\u0131z, kal\u0131c\u0131 bar\u0131\u015f olu\u015fmaks\u0131z\u0131n \u0130srail\u2019le herhangi bir enerji projesinin ger\u00e7ekle\u015ftirilmesinin m\u00fcmk\u00fcn olmad\u0131\u011f\u0131n\u0131 s\u00f6yledi.<\/strong><span id=\"more-67085\"><\/span><\/p>\n<p>Enerji ve Tabii Kaynaklar Bakan\u0131 Taner Y\u0131ld\u0131z, ham petrol fiyatlar\u0131nda istedikleri oranda olmasa da bir gev\u015feme <a href=\"https:\/\/www.enerjigazetesi.ist\/wp-content\/uploads\/2014\/09\/taner-y\u0131ld\u0131z-209303823.jpg\"><img loading=\"lazy\" class=\"alignright size-medium wp-image-31304\" src=\"https:\/\/www.enerjigazetesi.ist\/wp-content\/uploads\/2014\/09\/taner-y\u0131ld\u0131z-209303823-300x198.jpg\" alt=\"taner-y\u0131ld\u0131z-209303823\" width=\"300\" height=\"198\" srcset=\"https:\/\/www.enerjigazetesi.ist\/wp-content\/uploads\/2014\/09\/taner-y\u0131ld\u0131z-209303823-300x198.jpg 300w, https:\/\/www.enerjigazetesi.ist\/wp-content\/uploads\/2014\/09\/taner-y\u0131ld\u0131z-209303823-500x331.jpg 500w, https:\/\/www.enerjigazetesi.ist\/wp-content\/uploads\/2014\/09\/taner-y\u0131ld\u0131z-209303823-75x50.jpg 75w, https:\/\/www.enerjigazetesi.ist\/wp-content\/uploads\/2014\/09\/taner-y\u0131ld\u0131z-209303823.jpg 800w\" sizes=\"(max-width: 300px) 100vw, 300px\" \/><\/a>ya\u015fand\u0131\u011f\u0131n\u0131, bunun T\u00fcrkiye a\u00e7\u0131s\u0131ndan olumlu bir geli\u015fme oldu\u011funu belirterek, \u201cEnerji maliyetleri a\u00e7\u0131s\u0131ndan bakt\u0131\u011f\u0131m\u0131zda dolar\u0131n paritesinin hala y\u00fcksek olmas\u0131 istedi\u011fimiz maliyet noktalar\u0131na gelmedi\u011fimizi g\u00f6steriyor\u201d dedi.<\/p>\n<p>Y\u0131ld\u0131z, T\u00fcrkiye Enerji Vakf\u0131n\u0131n Meyra Palace Otelde d\u00fczenledi\u011fi, Akdeniz Enerji Perspektifleri 4. OME Raporu Lansman\u0131na geli\u015finde bas\u0131n mensuplar\u0131n\u0131n sorular\u0131n\u0131 yan\u0131tlad\u0131.<\/p>\n<p>\u0130srail\u2019in Filistin ile kal\u0131c\u0131 ate\u015fkes ilan etmesi halinde bu \u00fclkenin do\u011falgaz\u0131n\u0131n T\u00fcrkiye \u00fczerinden ta\u015f\u0131nmas\u0131na y\u00f6nelik anla\u015fman\u0131n yeniden g\u00fcndeme gelip gelmeyece\u011fi y\u00f6n\u00fcndeki bir soru \u00fczerine Y\u0131ld\u0131z, siyasi fizibilitesi olmadan ekonomik fizibiliteden bahsetmenin m\u00fcmk\u00fcn olmad\u0131\u011f\u0131na i\u015faret etti. Bakan Y\u0131ld\u0131z, \u015f\u00f6yle konu\u015ftu:<\/p>\n<p>\u201cEnerji kalemlerini her zaman oldu\u011fu gibi bir bar\u0131\u015f\u0131n gerek\u00e7esi olarak kullanmaya gayret ediyoruz. \u00dclkemizin milli siyaseti bunun \u00fczerine kurulu. Ama kalk\u0131p da kal\u0131c\u0131 bar\u0131\u015f olu\u015fmaks\u0131z\u0131n, b\u00fct\u00fcn taraflar\u0131yla beraber istenilen \u015fartlar olu\u015fmaks\u0131z\u0131n herhangi bir enerji projesini ger\u00e7ekle\u015ftirmek s\u00f6z konusu olmaz. \u015eu anda orada bir insanl\u0131k dram\u0131 ya\u015fand\u0131 ve \u00e7ok \u00e7abuk unutuluyor bunlar. Yaln\u0131zca bas\u0131nda bir haftadan bu yana haber olmamas\u0131 bizim zihnimizi diri tutmam\u0131za mani de\u011fil. \u015eu anda insanl\u0131k dram\u0131 hangi gerek\u00e7eyle olu\u015fturulduysa o gerek\u00e7eyle beraber kald\u0131r\u0131lacak ve \u0130srail kal\u0131c\u0131 ate\u015fkesi b\u00fct\u00fcn y\u00f6nleriyle beraber orada tesis etmi\u015f olacak ki enerji projelerini ger\u00e7ekle\u015ftiriyor olal\u0131m.\u201d<\/p>\n<h3>\u201c\u0130srail\u2019e Jet Yak\u0131t\u0131 \u0130hracat\u0131 Yap\u0131lmam\u0131\u015ft\u0131r\u201d<\/h3>\n<p>Taner Y\u0131ld\u0131z, \u0130srail\u2019e jet yak\u0131t\u0131 ihra\u00e7 edildi\u011fine ili\u015fkin iddialar\u0131n hat\u0131rlat\u0131lmas\u0131 \u00fczerine, bu konuya daha \u00f6nce a\u00e7\u0131kl\u0131k getirerek ihracat yap\u0131lmad\u0131\u011f\u0131n\u0131 s\u00f6yledi\u011fini an\u0131msatt\u0131. Y\u0131ld\u0131z, \u015funlar\u0131 kaydetti:<\/p>\n<p>\u201c\u0130hracatla alakal\u0131 bir kalem yap\u0131lmam\u0131\u015ft\u0131r. Bunun alt\u0131n\u0131 kal\u0131n \u00e7izgilerle \u00e7izerek bir kez daha s\u00f6yl\u00fcyorum. Siz e\u011fer Lufthansa Havayollar\u0131na po\u011fa\u00e7a, sandvi\u00e7 y\u00fckl\u00fcyorsan\u0131z bunu nas\u0131l muhasebele\u015ftireceksiniz? Bu ancak ihracat kalemi olarak g\u00f6r\u00fcn\u00fcyor orada. Kendi \u00fcretiminiz ve t\u00fcketiminiz olarak g\u00f6remezsiniz oradaki kalemi. Sivil havac\u0131l\u0131kla alakal\u0131, bir u\u00e7a\u011f\u0131n burada yak\u0131n ikmali yapm\u0131\u015f olmas\u0131n\u0131 ihracatm\u0131\u015f gibi g\u00f6stermek isteyenlerin maksatlar\u0131n\u0131n ba\u015fka oldu\u011funun bir kez daha alt\u0131n\u0131 \u00e7izmek isterim. \u0130hracat yap\u0131lmam\u0131\u015ft\u0131r diye net bir \u015fekilde s\u00f6yl\u00fcyoruz. Bu \u00fclkenin bir bakan\u0131 s\u00f6yl\u00fcyor. Aksinin ispat edilmesine de davet ediyor. Buna ra\u011fmen yaln\u0131zca bir c\u00fcmle ile ge\u00e7iliyor. Bu olmaz. Biz olan\u0131 s\u00f6yl\u00fcyoruz miktarlar\u0131yla beraber.\u201d<\/p>\n<p>T\u00fcrkiye Cumhuriyeti\u2019nin bir hukuk devleti oldu\u011funu ve muhasebesinin resmi oldu\u011funu dile getiren Y\u0131ld\u0131z, \u201cO y\u00fczden b\u00fct\u00fcn hesaplar\u0131m\u0131z ortada. Yak\u0131t ikmali yapm\u0131\u015f u\u00e7aklara burada tankerle y\u00fcklenip de ihracat yap\u0131lm\u0131\u015f muamelesi yapmak herhalde ba\u015fka maksatlara matuftur diye d\u00fc\u015f\u00fcn\u00fcyoruz\u201d diye konu\u015ftu.<\/p>\n<p>DEVAMI \u0130\u00c7\u0130N <a href=\"http:\/\/www.sabah.com.tr\/Ekonomi\/2014\/09\/09\/israile-dogalgaz-vizesi-yok\" target=\"_blank\" rel=\"nofollow\">TIKLAYINIZ&gt;&gt;&gt;<\/a><\/p>\n<p>Kaynak: Enerji Enstit\u00fcs\u00fc<\/p>","protected":false},"excerpt":{"rendered":"<p>Sorry, this entry is only available in Turkish. For the sake of viewer convenience, the content is shown below in the alternative language. You may click the link to switch the active language.Enerji ve Tabii Kaynaklar Bakan\u0131 Taner Y\u0131ld\u0131z, kal\u0131c\u0131 bar\u0131\u015f olu\u015fmaks\u0131z\u0131n \u0130srail\u2019le herhangi bir enerji projesinin ger\u00e7ekle\u015ftirilmesinin m\u00fcmk\u00fcn olmad\u0131\u011f\u0131n\u0131 s\u00f6yledi. Enerji ve Tabii Kaynaklar [&hellip;]<\/p>\n","protected":false},"author":1,"featured_media":31304,"comment_status":"open","ping_status":"open","sticky":false,"template":"","format":"standard","meta":[],"categories":[53],"tags":[18011,18012,18013,347,667],"views":492,"_links":{"self":[{"href":"https:\/\/www.enerjigazetesi.ist\/en\/wp-json\/wp\/v2\/posts\/31303"}],"collection":[{"href":"https:\/\/www.enerjigazetesi.ist\/en\/wp-json\/wp\/v2\/posts"}],"about":[{"href":"https:\/\/www.enerjigazetesi.ist\/en\/wp-json\/wp\/v2\/types\/post"}],"author":[{"embeddable":true,"href":"https:\/\/www.enerjigazetesi.ist\/en\/wp-json\/wp\/v2\/users\/1"}],"replies":[{"embeddable":true,"href":"https:\/\/www.enerjigazetesi.ist\/en\/wp-json\/wp\/v2\/comments?post=31303"}],"version-history":[{"count":1,"href":"https:\/\/www.enerjigazetesi.ist\/en\/wp-json\/wp\/v2\/posts\/31303\/revisions"}],"predecessor-version":[{"id":31305,"href":"https:\/\/www.enerjigazetesi.ist\/en\/wp-json\/wp\/v2\/posts\/31303\/revisions\/31305"}],"wp:featuredmedia":[{"embeddable":true,"href":"https:\/\/www.enerjigazetesi.ist\/en\/wp-json\/wp\/v2\/media\/31304"}],"wp:attachment":[{"href":"https:\/\/www.enerjigazetesi.ist\/en\/wp-json\/wp\/v2\/media?parent=31303"}],"wp:term":[{"taxonomy":"category","embeddable":true,"href":"https:\/\/www.enerjigazetesi.ist\/en\/wp-json\/wp\/v2\/categories?post=31303"},{"taxonomy":"post_tag","embeddable":true,"href":"https:\/\/www.enerjigazetesi.ist\/en\/wp-json\/wp\/v2\/tags?post=31303"}],"curies":[{"name":"wp","href":"https:\/\/api.w.org\/{rel}","templated":true}]}}