{"id":31273,"date":"2014-09-09T12:25:41","date_gmt":"2014-09-09T09:25:41","guid":{"rendered":"https:\/\/www.enerjigazetesi.ist\/?p=31273"},"modified":"2014-09-09T12:26:18","modified_gmt":"2014-09-09T09:26:18","slug":"kamu-binalarinda-enerji-verimliligi-icin-isbirligi","status":"publish","type":"post","link":"https:\/\/www.enerjigazetesi.ist\/en\/kamu-binalarinda-enerji-verimliligi-icin-isbirligi\/","title":{"rendered":"(Turkish) Kamu Binalar\u0131nda Enerji Verimlili\u011fi \u0130\u00e7in \u0130\u015fbirli\u011fi&#8230;"},"content":{"rendered":"<p class=\"qtranxs-available-languages-message qtranxs-available-languages-message-en\">Sorry, this entry is only available in <a href=\"https:\/\/www.enerjigazetesi.ist\/tr\/wp-json\/wp\/v2\/posts\/31273\" class=\"qtranxs-available-language-link qtranxs-available-language-link-tr\" title=\"Turkish\">Turkish<\/a>. For the sake of viewer convenience, the content is shown below in the alternative language. You may click the link to switch the active language.<\/p><p><strong>\u00c7evre ve \u015eehircilik Bakanl\u0131\u011f\u0131 ile Federal Almanya Cumhuriyeti \u00c7evre, Do\u011fa Koruma ve N\u00fckleer G\u00fcvenlik Federal Bakanl\u0131\u011f\u0131 aras\u0131nda \u201cKamu Binalar\u0131nda Enerji Verimlili\u011fi\u201d Teknik Destek projesinin uygulanmas\u0131na karar verildi.<\/strong><\/p>\n<p>Toplam maliyeti 6,5 milyon avro olan proje Almanya Federal Cumhuriyeti h\u00fck\u00fcmeti taraf\u0131ndan kar\u015f\u0131lanacak. P<a href=\"https:\/\/www.enerjigazetesi.ist\/wp-content\/uploads\/2013\/02\/sanayi-de-enerji-verimliligi1.jpg\"><img loading=\"lazy\" class=\"alignright size-medium wp-image-6822\" src=\"https:\/\/www.enerjigazetesi.ist\/wp-content\/uploads\/2013\/02\/sanayi-de-enerji-verimliligi1-300x178.jpg\" alt=\"sanayi-de-enerji-verimliligi\" width=\"300\" height=\"178\" srcset=\"https:\/\/www.enerjigazetesi.ist\/wp-content\/uploads\/2013\/02\/sanayi-de-enerji-verimliligi1-300x178.jpg 300w, https:\/\/www.enerjigazetesi.ist\/wp-content\/uploads\/2013\/02\/sanayi-de-enerji-verimliligi1-80x47.jpg 80w, https:\/\/www.enerjigazetesi.ist\/wp-content\/uploads\/2013\/02\/sanayi-de-enerji-verimliligi1.jpg 400w\" sizes=\"(max-width: 300px) 100vw, 300px\" \/><\/a>roje \u00c7evre ve \u015eehircilik Bakanl\u0131\u011f\u0131 Mesleki Hizmetler Genel M\u00fcd\u00fcrl\u00fc\u011f\u00fc ve Alman Uluslararas\u0131 \u0130\u015fbirli\u011fi Kurumu &#8211; GIZ &#8211; i\u015fbirli\u011fi ile y\u00fcr\u00fct\u00fclecek.<br \/>\nProje Genel hedefi; enerji tasarrufu ve emisyon azalt\u0131m\u0131 ile \u00e7evre \u00fczerine olumlu etkiler sa\u011flanmas\u0131, k\u00fcresel iklimin korunmas\u0131 ve T\u00fcrkiye\u2019nin s\u00fcrd\u00fcr\u00fclebilir kalk\u0131nmas\u0131na katk\u0131da bulunulmas\u0131 olarak a\u00e7\u0131kland\u0131.<\/p>\n<p>Proje ile T\u00fcrkiye\u2019deki kamu binalar\u0131 \u00f6nde olmak \u00fczere binalarda enerji yo\u011funlu\u011funun azalt\u0131lmas\u0131na ve dolay\u0131s\u0131yla sera gazlar\u0131n\u0131n azalt\u0131lmas\u0131na katk\u0131da bulunulacak. Proje, GIZ taraf\u0131ndan y\u00fcr\u00fct\u00fclecek olan dan\u0131\u015fmanl\u0131k tedbirleri sayesinde teknik olarak birlikte \u00e7al\u0131\u015fma olanaklar\u0131 da i\u00e7erecek.<\/p>\n<p>Proje aktiviteleri ile \u00f6n haz\u0131rl\u0131k \u00e7al\u0131\u015fmalar\u0131 Mesleki Hizmetler Genel M\u00fcd\u00fcrl\u00fc\u011f\u00fc ve GIZ uzmanlar\u0131 aras\u0131nda devam ediyor. Proje ba\u015flang\u0131\u00e7 ve tan\u0131t\u0131m toplant\u0131s\u0131nda Eyl\u00fcl ay\u0131 sonunda yap\u0131lmas\u0131 planlan\u0131yor.<\/p>\n<p>Kaynak: <a href=\"http:\/\/www.milliyet.com.tr\/kamu-binalarinda-enerji-verimliligi-ankara-yerelhaber-370646\/\" target=\"_blank\" rel=\"nofollow\">Milliyet<\/a><\/p>","protected":false},"excerpt":{"rendered":"<p>Sorry, this entry is only available in Turkish. For the sake of viewer convenience, the content is shown below in the alternative language. You may click the link to switch the active language.\u00c7evre ve \u015eehircilik Bakanl\u0131\u011f\u0131 ile Federal Almanya Cumhuriyeti \u00c7evre, Do\u011fa Koruma ve N\u00fckleer G\u00fcvenlik Federal Bakanl\u0131\u011f\u0131 aras\u0131nda \u201cKamu Binalar\u0131nda Enerji Verimlili\u011fi\u201d Teknik Destek [&hellip;]<\/p>\n","protected":false},"author":1,"featured_media":6822,"comment_status":"open","ping_status":"open","sticky":false,"template":"","format":"standard","meta":[],"categories":[53,52],"tags":[929,63,67,1009,165,12,17994,1296,17995,793],"views":682,"_links":{"self":[{"href":"https:\/\/www.enerjigazetesi.ist\/en\/wp-json\/wp\/v2\/posts\/31273"}],"collection":[{"href":"https:\/\/www.enerjigazetesi.ist\/en\/wp-json\/wp\/v2\/posts"}],"about":[{"href":"https:\/\/www.enerjigazetesi.ist\/en\/wp-json\/wp\/v2\/types\/post"}],"author":[{"embeddable":true,"href":"https:\/\/www.enerjigazetesi.ist\/en\/wp-json\/wp\/v2\/users\/1"}],"replies":[{"embeddable":true,"href":"https:\/\/www.enerjigazetesi.ist\/en\/wp-json\/wp\/v2\/comments?post=31273"}],"version-history":[{"count":1,"href":"https:\/\/www.enerjigazetesi.ist\/en\/wp-json\/wp\/v2\/posts\/31273\/revisions"}],"predecessor-version":[{"id":31274,"href":"https:\/\/www.enerjigazetesi.ist\/en\/wp-json\/wp\/v2\/posts\/31273\/revisions\/31274"}],"wp:featuredmedia":[{"embeddable":true,"href":"https:\/\/www.enerjigazetesi.ist\/en\/wp-json\/wp\/v2\/media\/6822"}],"wp:attachment":[{"href":"https:\/\/www.enerjigazetesi.ist\/en\/wp-json\/wp\/v2\/media?parent=31273"}],"wp:term":[{"taxonomy":"category","embeddable":true,"href":"https:\/\/www.enerjigazetesi.ist\/en\/wp-json\/wp\/v2\/categories?post=31273"},{"taxonomy":"post_tag","embeddable":true,"href":"https:\/\/www.enerjigazetesi.ist\/en\/wp-json\/wp\/v2\/tags?post=31273"}],"curies":[{"name":"wp","href":"https:\/\/api.w.org\/{rel}","templated":true}]}}