{"id":31235,"date":"2014-09-08T14:16:07","date_gmt":"2014-09-08T11:16:07","guid":{"rendered":"https:\/\/www.enerjigazetesi.ist\/?p=31235"},"modified":"2014-09-08T14:16:07","modified_gmt":"2014-09-08T11:16:07","slug":"ortadogunun-en-buyuk-dogalgaz-depolama-tesisi-iranda-acildi","status":"publish","type":"post","link":"https:\/\/www.enerjigazetesi.ist\/en\/ortadogunun-en-buyuk-dogalgaz-depolama-tesisi-iranda-acildi\/","title":{"rendered":"(Turkish) Ortado\u011fu\u2019nun En B\u00fcy\u00fck Do\u011falgaz Depolama Tesisi \u0130ran\u2019da A\u00e7\u0131ld\u0131!"},"content":{"rendered":"<p class=\"qtranxs-available-languages-message qtranxs-available-languages-message-en\">Sorry, this entry is only available in <a href=\"https:\/\/www.enerjigazetesi.ist\/tr\/wp-json\/wp\/v2\/posts\/31235\" class=\"qtranxs-available-language-link qtranxs-available-language-link-tr\" title=\"Turkish\">Turkish<\/a>. For the sake of viewer convenience, the content is shown below in the alternative language. You may click the link to switch the active language.<\/p><p><strong>\u0130ran, Ortado\u011fu\u2019nun en b\u00fcy\u00fck s\u0131v\u0131la\u015ft\u0131r\u0131lm\u0131\u015f do\u011falgaz depolama tesisini a\u00e7t\u0131\u011f\u0131n\u0131 duyurdu. Horasan Rezevi eyaleti s\u0131n\u0131rlar\u0131 i\u00e7inde in\u015fa edilen ve Ortado\u011fu\u2019nun en b\u00fcy\u00fck s\u0131v\u0131la\u015ft\u0131r\u0131lm\u0131\u015f do\u011falgaz depolama tesisi oldu\u011fu belirtilen \u201c\u015eurice D\u201d tesisi, \u0130ran Enerji<a href=\"https:\/\/www.enerjigazetesi.ist\/wp-content\/uploads\/2014\/09\/ortadogunun-en-buyuk-dogalgaz-depolama-tesisi-iranda-acildi.jpg\"><img loading=\"lazy\" class=\"alignleft size-medium wp-image-31236\" src=\"https:\/\/www.enerjigazetesi.ist\/wp-content\/uploads\/2014\/09\/ortadogunun-en-buyuk-dogalgaz-depolama-tesisi-iranda-acildi-300x201.jpg\" alt=\"ortadogunun-en-buyuk-dogalgaz-depolama-tesisi-iranda-acildi\" width=\"300\" height=\"201\" srcset=\"https:\/\/www.enerjigazetesi.ist\/wp-content\/uploads\/2014\/09\/ortadogunun-en-buyuk-dogalgaz-depolama-tesisi-iranda-acildi-300x201.jpg 300w, https:\/\/www.enerjigazetesi.ist\/wp-content\/uploads\/2014\/09\/ortadogunun-en-buyuk-dogalgaz-depolama-tesisi-iranda-acildi-74x50.jpg 74w, https:\/\/www.enerjigazetesi.ist\/wp-content\/uploads\/2014\/09\/ortadogunun-en-buyuk-dogalgaz-depolama-tesisi-iranda-acildi.jpg 494w\" sizes=\"(max-width: 300px) 100vw, 300px\" \/><\/a> Bakan\u0131 Bicen Namdar Zengene\u2019nin kat\u0131ld\u0131\u011f\u0131 t\u00f6renle hizmete a\u00e7\u0131ld\u0131.<\/strong><\/p>\n<p>\u0130ran\u2019\u0131n resmi haber ajans\u0131 IRNA\u2019n\u0131n haberine g\u00f6re, tesisinin 4,8 milyar metrek\u00fcp do\u011falgaz depolama kapasitesi oldu\u011fu ve hizmete a\u00e7\u0131lmas\u0131yla \u00fclkenin T\u00fcrkmenistan\u2019dan do\u011falgaz ithalat\u0131n\u0131n azalabilece\u011fi kaydedildi. S\u0131cak aylarda g\u00fcnde yakla\u015f\u0131k 10 milyon metrek\u00fcp s\u0131v\u0131la\u015ft\u0131r\u0131lm\u0131\u015f do\u011falgaz\u0131n, so\u011fuk mevsimde ise g\u00fcnde yakla\u015f\u0131k 20 milyon metrek\u00fcp gaz\u0131n buradan ulusal gaz \u015febekesine pompalanaca\u011f\u0131 belirtildi.<br \/>\n\u015eurice D tesislerine \u015fu ana kadar 300 milyon metrek\u00fcp s\u0131v\u0131la\u015ft\u0131r\u0131lm\u0131\u015f do\u011falgaz pompaland\u0131\u011f\u0131, projenin toplam maliyetinin 18 milyon avro oldu\u011fu ifade edildi.<\/p>\n<p>\u0130ran\u2019\u0131n ilk s\u0131v\u0131la\u015ft\u0131r\u0131lm\u0131\u015f do\u011falgaz depolama tesisi ge\u00e7en y\u0131l Kum kentinde a\u00e7\u0131lm\u0131\u015ft\u0131.<\/p>\n<p>Kaynak: <a href=\"http:\/\/www.stargundem.com\/ekonomi\/1423465-ortadogunun-en-buyuk-dogalgaz-depolama-tesisi.html\" target=\"_blank\" rel=\"nofollow\">star g\u00fcndem<\/a><\/p>","protected":false},"excerpt":{"rendered":"<p>Sorry, this entry is only available in Turkish. For the sake of viewer convenience, the content is shown below in the alternative language. You may click the link to switch the active language.\u0130ran, Ortado\u011fu\u2019nun en b\u00fcy\u00fck s\u0131v\u0131la\u015ft\u0131r\u0131lm\u0131\u015f do\u011falgaz depolama tesisini a\u00e7t\u0131\u011f\u0131n\u0131 duyurdu. Horasan Rezevi eyaleti s\u0131n\u0131rlar\u0131 i\u00e7inde in\u015fa edilen ve Ortado\u011fu\u2019nun en b\u00fcy\u00fck s\u0131v\u0131la\u015ft\u0131r\u0131lm\u0131\u015f do\u011falgaz [&hellip;]<\/p>\n","protected":false},"author":1,"featured_media":31236,"comment_status":"open","ping_status":"open","sticky":false,"template":"","format":"standard","meta":[],"categories":[46,53],"tags":[15900,92,16418,226,63,67,1009,165,1333,1918,2585,17952],"views":713,"_links":{"self":[{"href":"https:\/\/www.enerjigazetesi.ist\/en\/wp-json\/wp\/v2\/posts\/31235"}],"collection":[{"href":"https:\/\/www.enerjigazetesi.ist\/en\/wp-json\/wp\/v2\/posts"}],"about":[{"href":"https:\/\/www.enerjigazetesi.ist\/en\/wp-json\/wp\/v2\/types\/post"}],"author":[{"embeddable":true,"href":"https:\/\/www.enerjigazetesi.ist\/en\/wp-json\/wp\/v2\/users\/1"}],"replies":[{"embeddable":true,"href":"https:\/\/www.enerjigazetesi.ist\/en\/wp-json\/wp\/v2\/comments?post=31235"}],"version-history":[{"count":1,"href":"https:\/\/www.enerjigazetesi.ist\/en\/wp-json\/wp\/v2\/posts\/31235\/revisions"}],"predecessor-version":[{"id":31237,"href":"https:\/\/www.enerjigazetesi.ist\/en\/wp-json\/wp\/v2\/posts\/31235\/revisions\/31237"}],"wp:featuredmedia":[{"embeddable":true,"href":"https:\/\/www.enerjigazetesi.ist\/en\/wp-json\/wp\/v2\/media\/31236"}],"wp:attachment":[{"href":"https:\/\/www.enerjigazetesi.ist\/en\/wp-json\/wp\/v2\/media?parent=31235"}],"wp:term":[{"taxonomy":"category","embeddable":true,"href":"https:\/\/www.enerjigazetesi.ist\/en\/wp-json\/wp\/v2\/categories?post=31235"},{"taxonomy":"post_tag","embeddable":true,"href":"https:\/\/www.enerjigazetesi.ist\/en\/wp-json\/wp\/v2\/tags?post=31235"}],"curies":[{"name":"wp","href":"https:\/\/api.w.org\/{rel}","templated":true}]}}