{"id":31114,"date":"2014-09-04T16:20:15","date_gmt":"2014-09-04T13:20:15","guid":{"rendered":"https:\/\/www.enerjigazetesi.ist\/?p=31114"},"modified":"2014-09-04T16:20:15","modified_gmt":"2014-09-04T13:20:15","slug":"bakan-yildiz-isidden-petrol-aldigimiz-kulliyen-yalandir","status":"publish","type":"post","link":"https:\/\/www.enerjigazetesi.ist\/en\/bakan-yildiz-isidden-petrol-aldigimiz-kulliyen-yalandir\/","title":{"rendered":"(Turkish) Bakan Y\u0131ld\u0131z: \u201cI\u015e\u0130D\u2019den Petrol Ald\u0131\u011f\u0131m\u0131z K\u00fclliyen Yaland\u0131r&#8230;\u201d"},"content":{"rendered":"<p class=\"qtranxs-available-languages-message qtranxs-available-languages-message-en\">Sorry, this entry is only available in <a href=\"https:\/\/www.enerjigazetesi.ist\/tr\/wp-json\/wp\/v2\/posts\/31114\" class=\"qtranxs-available-language-link qtranxs-available-language-link-tr\" title=\"Turkish\">Turkish<\/a>. For the sake of viewer convenience, the content is shown below in the alternative language. You may click the link to switch the active language.<\/p><p><strong>Enerji Bakan\u0131 Taner Y\u0131ld\u0131z, \u2018T\u00fcrkiye\u2019nin I\u015e\u0130D\u2019den petrol ald\u0131\u011f\u0131\u2019 iddialar\u0131n\u0131 \u2018I\u015e\u0130D\u2019den petrol ald\u0131\u011f\u0131m\u0131z k\u00fclliyen yaland\u0131r\u2019 ifadeleriyle yalanlad\u0131.<a href=\"https:\/\/www.enerjigazetesi.ist\/wp-content\/uploads\/2014\/09\/bakan-yildiz-isidden-petrol-aldigimiz-kulliyen-yalandir.jpg\"><img loading=\"lazy\" class=\"alignleft size-medium wp-image-31115\" src=\"https:\/\/www.enerjigazetesi.ist\/wp-content\/uploads\/2014\/09\/bakan-yildiz-isidden-petrol-aldigimiz-kulliyen-yalandir-300x213.jpg\" alt=\"bakan-yildiz-isidden-petrol-aldigimiz-kulliyen-yalandir\" width=\"300\" height=\"213\" srcset=\"https:\/\/www.enerjigazetesi.ist\/wp-content\/uploads\/2014\/09\/bakan-yildiz-isidden-petrol-aldigimiz-kulliyen-yalandir-300x213.jpg 300w, https:\/\/www.enerjigazetesi.ist\/wp-content\/uploads\/2014\/09\/bakan-yildiz-isidden-petrol-aldigimiz-kulliyen-yalandir-500x355.jpg 500w, https:\/\/www.enerjigazetesi.ist\/wp-content\/uploads\/2014\/09\/bakan-yildiz-isidden-petrol-aldigimiz-kulliyen-yalandir-70x50.jpg 70w, https:\/\/www.enerjigazetesi.ist\/wp-content\/uploads\/2014\/09\/bakan-yildiz-isidden-petrol-aldigimiz-kulliyen-yalandir.jpg 560w\" sizes=\"(max-width: 300px) 100vw, 300px\" \/><\/a><\/strong><span id=\"more-67010\"><\/span><\/p>\n<p>Bakan Y\u0131ld\u0131z, enerji politikalar\u0131 ile ilgili a\u00e7\u0131klamalarda bulundu\u011fu bas\u0131n toplant\u0131s\u0131nda I\u015e\u0130D ve Kuzey Irak petrol\u00fcyle ilgili olarak \u015funlar\u0131 s\u00f6yledi:<\/p>\n<p>13\u2032\u00fcn tankerin sevkiyat\u0131n\u0131n yap\u0131lmas\u0131yla bug\u00fcne kadar uluslararas\u0131 piyasalara 10 milyon varillik K.Irak petrol\u00fc sevkiyat\u0131 yap\u0131ld\u0131. I\u015e\u0130D\u2019den petrol ald\u0131\u011f\u0131m\u0131z iddialar\u0131 k\u00fclliyen yaland\u0131r.<\/p>\n<p>Irak petrol\u00fcn\u00fc de\u011ferlendiriyoruz kendi petrol\u00fcm\u00fcz\u00fc de\u011fil. Bu sevkiyattan elde edilen gelir sonucu Irak Merkezi Y\u00f6netimi hesab\u0131na aktar\u0131lan para 188 milyon dolard\u0131r.<\/p>\n<p>Yay\u0131nc\u0131: <a href=\"https:\/\/www.enerjigazetesi.ist\" target=\"_blank\">Enerji Gazetesi<\/a><\/p>","protected":false},"excerpt":{"rendered":"<p>Sorry, this entry is only available in Turkish. For the sake of viewer convenience, the content is shown below in the alternative language. You may click the link to switch the active language.Enerji Bakan\u0131 Taner Y\u0131ld\u0131z, \u2018T\u00fcrkiye\u2019nin I\u015e\u0130D\u2019den petrol ald\u0131\u011f\u0131\u2019 iddialar\u0131n\u0131 \u2018I\u015e\u0130D\u2019den petrol ald\u0131\u011f\u0131m\u0131z k\u00fclliyen yaland\u0131r\u2019 ifadeleriyle yalanlad\u0131. Bakan Y\u0131ld\u0131z, enerji politikalar\u0131 ile ilgili a\u00e7\u0131klamalarda [&hellip;]<\/p>\n","protected":false},"author":1,"featured_media":31115,"comment_status":"open","ping_status":"open","sticky":false,"template":"","format":"standard","meta":[],"categories":[53,44],"tags":[710,63,67,1009,477,165,17812,746,59,79,667],"views":662,"_links":{"self":[{"href":"https:\/\/www.enerjigazetesi.ist\/en\/wp-json\/wp\/v2\/posts\/31114"}],"collection":[{"href":"https:\/\/www.enerjigazetesi.ist\/en\/wp-json\/wp\/v2\/posts"}],"about":[{"href":"https:\/\/www.enerjigazetesi.ist\/en\/wp-json\/wp\/v2\/types\/post"}],"author":[{"embeddable":true,"href":"https:\/\/www.enerjigazetesi.ist\/en\/wp-json\/wp\/v2\/users\/1"}],"replies":[{"embeddable":true,"href":"https:\/\/www.enerjigazetesi.ist\/en\/wp-json\/wp\/v2\/comments?post=31114"}],"version-history":[{"count":1,"href":"https:\/\/www.enerjigazetesi.ist\/en\/wp-json\/wp\/v2\/posts\/31114\/revisions"}],"predecessor-version":[{"id":31116,"href":"https:\/\/www.enerjigazetesi.ist\/en\/wp-json\/wp\/v2\/posts\/31114\/revisions\/31116"}],"wp:featuredmedia":[{"embeddable":true,"href":"https:\/\/www.enerjigazetesi.ist\/en\/wp-json\/wp\/v2\/media\/31115"}],"wp:attachment":[{"href":"https:\/\/www.enerjigazetesi.ist\/en\/wp-json\/wp\/v2\/media?parent=31114"}],"wp:term":[{"taxonomy":"category","embeddable":true,"href":"https:\/\/www.enerjigazetesi.ist\/en\/wp-json\/wp\/v2\/categories?post=31114"},{"taxonomy":"post_tag","embeddable":true,"href":"https:\/\/www.enerjigazetesi.ist\/en\/wp-json\/wp\/v2\/tags?post=31114"}],"curies":[{"name":"wp","href":"https:\/\/api.w.org\/{rel}","templated":true}]}}