{"id":31096,"date":"2014-09-03T17:17:11","date_gmt":"2014-09-03T14:17:11","guid":{"rendered":"https:\/\/www.enerjigazetesi.ist\/?p=31096"},"modified":"2014-09-03T17:17:11","modified_gmt":"2014-09-03T14:17:11","slug":"erdogan-tanapin-temeli-20-eylulde-atilacak","status":"publish","type":"post","link":"https:\/\/www.enerjigazetesi.ist\/en\/erdogan-tanapin-temeli-20-eylulde-atilacak\/","title":{"rendered":"(Turkish) Erdo\u011fan: \u201cTANAP\u2019\u0131n Temeli 20 Eyl\u00fcl\u2019de At\u0131lacak&#8230;\u201d"},"content":{"rendered":"<p class=\"qtranxs-available-languages-message qtranxs-available-languages-message-en\">Sorry, this entry is only available in <a href=\"https:\/\/www.enerjigazetesi.ist\/tr\/wp-json\/wp\/v2\/posts\/31096\" class=\"qtranxs-available-language-link qtranxs-available-language-link-tr\" title=\"Turkish\">Turkish<\/a>. For the sake of viewer convenience, the content is shown below in the alternative language. You may click the link to switch the active language.<\/p><p><strong>Cumhurba\u015fkan\u0131 se\u00e7ildikten sonra ikinci resmi ziyaretini Azerbaycan\u2019a ger\u00e7ekle\u015ftiren Cumhurba\u015fkan\u0131 Erdo\u011fan, Azeri mevkida\u015f\u0131 Aliyev ile ger\u00e7ekle\u015ftirdi\u011fi bas\u0131n toplant\u0131s\u0131nda Trans Anadolu Do\u011falgaz Boru Hatt\u0131 Projesi\u2019nin (TANAP) Azerbaycan\u2019daki temel atma t\u00f6reninin 20 Eyl\u00fcl\u2019de yap\u0131laca\u011f\u0131n\u0131 ifade etti.<\/strong><span id=\"more-66995\"><\/span><\/p>\n<p>Enerji konusuna b\u00fcy\u00fck \u00f6nem verdiklerini kaydeden Erdo\u011fan, \u201cTabi bir di\u011fer \u00f6nemli konu \u00fczerinde hassasiyetle durdu\u011fumuz enerji konusudur. Enerjiyle ilgili olarak TANAP b\u00fcy\u00fck \u00f6nem arz etmektedir. T\u00fcrkiye \u00fczerinden Avrupa\u2019ya gidecek olan bu enerji hatt\u0131 \u00f6zellikle \u00e7ok \u00e7ok b\u00fcy\u00fck bir \u00f6neme haiz. \u00d6zellikle enerjideki g\u00fcc\u00fcn\u00fc ortaya koymas\u0131 bak\u0131m\u0131ndan \u00e7ok \u00f6nemli. Ve bir bar\u0131\u015f hatt\u0131 olmas\u0131 bak\u0131m\u0131ndan \u00e7ok \u00e7ok \u00f6nemli bir yat\u0131r\u0131m olarak g\u00f6r\u00fcyorum ve bundan dolay\u0131 da bu dayan\u0131\u015fm<a href=\"https:\/\/www.enerjigazetesi.ist\/wp-content\/uploads\/2014\/09\/erdogan-tanapin-temeli-20-eylulde-atilacak.jpg\"><img loading=\"lazy\" class=\"alignright size-medium wp-image-31097\" src=\"https:\/\/www.enerjigazetesi.ist\/wp-content\/uploads\/2014\/09\/erdogan-tanapin-temeli-20-eylulde-atilacak-300x188.jpg\" alt=\"erdogan-tanapin-temeli-20-eylulde-atilacak\" width=\"300\" height=\"188\" srcset=\"https:\/\/www.enerjigazetesi.ist\/wp-content\/uploads\/2014\/09\/erdogan-tanapin-temeli-20-eylulde-atilacak-300x188.jpg 300w, https:\/\/www.enerjigazetesi.ist\/wp-content\/uploads\/2014\/09\/erdogan-tanapin-temeli-20-eylulde-atilacak-80x50.jpg 80w, https:\/\/www.enerjigazetesi.ist\/wp-content\/uploads\/2014\/09\/erdogan-tanapin-temeli-20-eylulde-atilacak.jpg 497w\" sizes=\"(max-width: 300px) 100vw, 300px\" \/><\/a>am\u0131z\u0131n art\u0131k son safhas\u0131na geldik. \u0130n\u015fallah bu ay\u0131n 20\u2019sinde temel atma t\u00f6reni yap\u0131lacak. Y\u00fcksek d\u00fczeyli kat\u0131l\u0131mlar\u0131n da olaca\u011f\u0131 bu temel atma t\u00f6reniyle birlikte ad\u0131m at\u0131l\u0131yor ve makineler in\u015fallah \u00e7al\u0131\u015fmaya ba\u015fl\u0131yor. T\u00fcrkiye taraf\u0131nda yap\u0131lmas\u0131 gerekenler b\u00fcy\u00fck \u00f6l\u00e7\u00fcde bitmi\u015f vaziyette. Azerbaycan taraf\u0131nda ayn\u0131 \u015fekilde ve bununla birlikte art\u0131k s\u00fcre\u00e7 h\u0131zlanarak in\u015fallah devam edecektir.<\/p>\n<p>Tabi bu dayan\u0131\u015fmam\u0131z\u0131n ard\u0131ndan farkl\u0131 olarak buralarda belli sekt\u00f6rler gerek in\u015faat noktas\u0131nda gerek boru sanayinde bunlarda bir hareketlilik tabi ki meydana gelecektir. Ve Azerbaycan\u2019\u0131n \u00f6zellikle son y\u0131llardaki s\u0131\u00e7ramas\u0131 Azerbaycan\u2019daki altyap\u0131, \u00fcstyap\u0131daki geli\u015fmeler ger\u00e7ekten d\u00fcnyan\u0131n da hayranl\u0131kla izledi\u011fi bir s\u00fcre\u00e7tir. Bunda de\u011ferli karde\u015fimin ger\u00e7ekten iradesinin, ekibinin iradesinin \u00e7ok \u00e7ok b\u00fcy\u00fck bir \u00f6nemi var ve ben de 11 y\u0131ll\u0131k ba\u015fbakanl\u0131k s\u00fcrecimde olsun ve bundan sonraki s\u00fcre\u00e7te olsun o g\u00fcnden bu g\u00fcne Azerbaycan\u2019\u0131n nereden nereye geldi\u011fini g\u00f6rme bak\u0131m\u0131ndan mutluyum \u00e7\u00fcnk\u00fc karde\u015f Azerbaycan\u2019daki bu geli\u015fmeler bizi de ayr\u0131ca mutlu etmektedir, memnun etmektedir.<\/p>\n<p>\u00c7\u00fcnk\u00fc karde\u015flerin g\u00fc\u00e7 kazanmas\u0131 inan\u0131yorum ki gelece\u011fe umutla bakmam\u0131z\u0131 artt\u0131rmaktad\u0131r. Yine ayn\u0131 \u015fekilde ticarette ataca\u011f\u0131m\u0131z ad\u0131mlar noktas\u0131nda belirledi\u011fimiz hedefler var, in\u015fallah bu hedeflere de ula\u015faca\u011f\u0131z. Ki 15 milyar dolarl\u0131k bir hedefimiz var, in\u015fallah bunu yakalayaca\u011f\u0131z. Bu iradenin de her 2 tarafta oldu\u011funu g\u00f6r\u00fcyoruz, biliyoruz ve bu noktada en ufak bir endi\u015fe hakim de\u011fil\u201d dedi.<\/p>\n<p>Yay\u0131nc\u0131: <a href=\"http:\/\/enerjienstitusu.com\/2014\/09\/03\/erdogan-tanapin-temeli-20-eylulde-atilacak\/\" target=\"_blank\" rel=\"nofollow\">Enerji Enstit\u00fcs\u00fc<\/a><\/p>","protected":false},"excerpt":{"rendered":"<p>Sorry, this entry is only available in Turkish. For the sake of viewer convenience, the content is shown below in the alternative language. You may click the link to switch the active language.Cumhurba\u015fkan\u0131 se\u00e7ildikten sonra ikinci resmi ziyaretini Azerbaycan\u2019a ger\u00e7ekle\u015ftiren Cumhurba\u015fkan\u0131 Erdo\u011fan, Azeri mevkida\u015f\u0131 Aliyev ile ger\u00e7ekle\u015ftirdi\u011fi bas\u0131n toplant\u0131s\u0131nda Trans Anadolu Do\u011falgaz Boru Hatt\u0131 Projesi\u2019nin [&hellip;]<\/p>\n","protected":false},"author":1,"featured_media":31097,"comment_status":"open","ping_status":"open","sticky":false,"template":"","format":"standard","meta":[],"categories":[46,53],"tags":[4319,17841,92,226,63,67,1009,165,2297,7850],"views":586,"_links":{"self":[{"href":"https:\/\/www.enerjigazetesi.ist\/en\/wp-json\/wp\/v2\/posts\/31096"}],"collection":[{"href":"https:\/\/www.enerjigazetesi.ist\/en\/wp-json\/wp\/v2\/posts"}],"about":[{"href":"https:\/\/www.enerjigazetesi.ist\/en\/wp-json\/wp\/v2\/types\/post"}],"author":[{"embeddable":true,"href":"https:\/\/www.enerjigazetesi.ist\/en\/wp-json\/wp\/v2\/users\/1"}],"replies":[{"embeddable":true,"href":"https:\/\/www.enerjigazetesi.ist\/en\/wp-json\/wp\/v2\/comments?post=31096"}],"version-history":[{"count":1,"href":"https:\/\/www.enerjigazetesi.ist\/en\/wp-json\/wp\/v2\/posts\/31096\/revisions"}],"predecessor-version":[{"id":31098,"href":"https:\/\/www.enerjigazetesi.ist\/en\/wp-json\/wp\/v2\/posts\/31096\/revisions\/31098"}],"wp:featuredmedia":[{"embeddable":true,"href":"https:\/\/www.enerjigazetesi.ist\/en\/wp-json\/wp\/v2\/media\/31097"}],"wp:attachment":[{"href":"https:\/\/www.enerjigazetesi.ist\/en\/wp-json\/wp\/v2\/media?parent=31096"}],"wp:term":[{"taxonomy":"category","embeddable":true,"href":"https:\/\/www.enerjigazetesi.ist\/en\/wp-json\/wp\/v2\/categories?post=31096"},{"taxonomy":"post_tag","embeddable":true,"href":"https:\/\/www.enerjigazetesi.ist\/en\/wp-json\/wp\/v2\/tags?post=31096"}],"curies":[{"name":"wp","href":"https:\/\/api.w.org\/{rel}","templated":true}]}}