{"id":31023,"date":"2014-09-01T18:23:15","date_gmt":"2014-09-01T15:23:15","guid":{"rendered":"https:\/\/www.enerjigazetesi.ist\/?p=31023"},"modified":"2014-09-01T18:48:28","modified_gmt":"2014-09-01T15:48:28","slug":"is-dunyasi-degisimi-yonetmek-icin-23-24-eylulde-bulusuyor","status":"publish","type":"post","link":"https:\/\/www.enerjigazetesi.ist\/en\/is-dunyasi-degisimi-yonetmek-icin-23-24-eylulde-bulusuyor\/","title":{"rendered":"(Turkish) \u0130\u015f D\u00fcnyas\u0131 \u201cDe\u011fi\u015fimi Y\u00f6netmek\u201d i\u00e7in 23-24 Eyl\u00fcl\u2019de Bulu\u015fuyor&#8230;"},"content":{"rendered":"<p class=\"qtranxs-available-languages-message qtranxs-available-languages-message-en\">Sorry, this entry is only available in <a href=\"https:\/\/www.enerjigazetesi.ist\/tr\/wp-json\/wp\/v2\/posts\/31023\" class=\"qtranxs-available-language-link qtranxs-available-language-link-tr\" title=\"Turkish\">Turkish<\/a>. For the sake of viewer convenience, the content is shown below in the alternative language. You may click the link to switch the active language.<\/p><p><strong>\u00dclkemizin en g\u00fc\u00e7l\u00fc s\u00fcrd\u00fcr\u00fclebilir i\u015f platformu olarak kabul edilen \u201cYe\u015fil \u0130\u015f 2014: S\u00fcrd\u00fcr\u00fclebilir \u0130\u015f Bulu\u015fmas\u0131\u201d, \u2018De\u011fi\u015fimi Y\u00f6netmek\u2019 temas\u0131yla 23-24 Eyl\u00fcl tarihlerinde Raffles \u0130stanbul-Zorlu Center\u2019da ger\u00e7ekle\u015fiyor. <\/strong><\/p>\n<p>Her ge\u00e7en y\u0131l daha da b\u00fcy\u00fcyen <a href=\"https:\/\/www.enerjigazetesi.ist\/wp-content\/uploads\/2014\/09\/is-dunyasi-degisimi-yonetmek-icin-23-24-eylulde-bulusuyor.jpg\"><img loading=\"lazy\" class=\"alignleft size-medium wp-image-31024\" src=\"https:\/\/www.enerjigazetesi.ist\/wp-content\/uploads\/2014\/09\/is-dunyasi-degisimi-yonetmek-icin-23-24-eylulde-bulusuyor-300x193.jpg\" alt=\"is-dunyasi-degisimi-yonetmek-icin-23-24-eylulde-bulusuyor\" width=\"300\" height=\"193\" srcset=\"https:\/\/www.enerjigazetesi.ist\/wp-content\/uploads\/2014\/09\/is-dunyasi-degisimi-yonetmek-icin-23-24-eylulde-bulusuyor-300x193.jpg 300w, https:\/\/www.enerjigazetesi.ist\/wp-content\/uploads\/2014\/09\/is-dunyasi-degisimi-yonetmek-icin-23-24-eylulde-bulusuyor-500x321.jpg 500w, https:\/\/www.enerjigazetesi.ist\/wp-content\/uploads\/2014\/09\/is-dunyasi-degisimi-yonetmek-icin-23-24-eylulde-bulusuyor-77x50.jpg 77w, https:\/\/www.enerjigazetesi.ist\/wp-content\/uploads\/2014\/09\/is-dunyasi-degisimi-yonetmek-icin-23-24-eylulde-bulusuyor.jpg 600w\" sizes=\"(max-width: 300px) 100vw, 300px\" \/><\/a>platformda bu y\u0131l T\u00fcrkiye\u2019den ve d\u00fcnyadan \u00e7ok say\u0131da kurumun \u00fcst d\u00fczey temsilcileri <strong>S\u00fcrd\u00fcr\u00fclebilir \u0130\u015f Modellerini<\/strong> tart\u0131\u015facak ve s\u00fcrd\u00fcr\u00fclebilirli\u011fin i\u015f d\u00fcnyas\u0131n\u0131 nas\u0131l yeniden yaratmakta oldu\u011funu ve de\u011fi\u015ftirmesi gerekti\u011fini konu\u015facak. Bu kapsamda Ye\u015fil \u0130\u015f 2014; 120\u2019nin \u00fczerinde konu\u015fmac\u0131, <strong>50\u2019nin \u00fczerinde oturum<\/strong> ve <strong>Enerji Gazetesi&#8217;nin<\/strong> de i\u00e7lerinde\u00a0bulundu\u011fu <strong>55\u2019ten fazla \u00e7\u00f6z\u00fcm orta\u011f\u0131<\/strong> ile, kamu, \u00f6zel sekt\u00f6r, \u00fcniversite ve STK\u2019lar\u0131 ayn\u0131 platformda bulu\u015fturacak.<\/p>\n<p>S\u00fcrd\u00fcr\u00fclebilirlik Akademisi taraf\u0131ndan ger\u00e7ekle\u015ftirilen ve i\u015f d\u00fcnyas\u0131n\u0131n gelece\u011fini \u015fekillendirmek, de\u011fi\u015fimi ve en yeni geli\u015fmeleri tart\u0131\u015fmak, yeni d\u00fc\u015f\u00fcnce sistemlerini olu\u015fturmak ve i\u015f d\u00fcnyas\u0131nda s\u00fcrd\u00fcr\u00fclebilir i\u015f d\u00f6n\u00fc\u015f\u00fcm\u00fcn\u00fc h\u0131zland\u0131rmay\u0131 ama\u00e7layan <strong>\u201cYe\u015fil \u0130\u015f: S\u00fcrd\u00fcr\u00fclebilir \u0130\u015f Bulu\u015fmas\u0131\u201d,<\/strong> \u00f6nceki y\u0131llarda oldu\u011fu gibi bu y\u0131l da s\u00fcrd\u00fcr\u00fclebilir gelecek i\u00e7in i\u015f d\u00fcnyas\u0131 ile birlikte ortak de\u011fer yaratmay\u0131 hedefliyor!<\/p>\n<p><strong>2014\u2019te \u0130\u015f D\u00fcnyas\u0131n\u0131n Yeni Parametreleri; CEO Ajandalar\u0131<\/strong><\/p>\n<p>Ge\u00e7ti\u011fimiz y\u0131llarda oldu\u011fu gibi bu y\u0131l da <strong>The Guardian Gazetesi S\u00fcrd\u00fcr\u00fclebilir \u0130\u015f B\u00f6l\u00fcm\u00fc Ba\u015fkan\u0131 <\/strong>ve <strong>Edit\u00f6r\u00fc Jo Confino<\/strong> bulu\u015fman\u0131n moderat\u00f6rl\u00fc\u011f\u00fcn\u00fc \u00fcstlenece\u011fi bulu\u015fmada <strong>2014\u2019te \u0130\u015f D\u00fcnyas\u0131n\u0131n Yeni Parametreleri; CEO Ajandalar\u0131 <\/strong>konu\u015fulacak.<\/p>\n<p>Bakan ve m\u00fcste\u015farlar\u0131n a\u00e7\u0131l\u0131\u015f konu\u015fmalar\u0131yla ba\u015flayacak Ye\u015fil \u0130\u015f 2014\u2019\u00fcn farkl\u0131oturumlar\u0131na kat\u0131lacak konu\u015fmac\u0131lar aras\u0131nda Borsa \u0130stanbul Y\u00f6netim Kurulu Ba\u015fkan\u0131 ve Genel M\u00fcd\u00fcr\u00fc<strong> Dr. M. \u0130brahim Turhan, <\/strong>SustainAbility\u2019nin Kurucusu<strong> Rob Cameron, <\/strong>Trucost\u2019unCEO\u2019su <strong>Richard Mattison, <\/strong>KMPG Ortaklar\u0131ndan<strong> Barend van Bergen, <\/strong>Hubub\u2019\u0131n Kurucusu ve CEO\u2019su <strong>Trewin Restock, <\/strong>Dubai Carbon Centre of Excellence\u2019\u0131n Y\u00f6neticisi <strong>Mohammed Al Shamsi <\/strong>gibi \u00f6nemli isimleryer al\u0131yor<strong>.<\/strong><\/p>\n<p>T\u00fcrkiye\u2019nin \u00f6nde gelen \u015firketlerinin CEO\u2019lar\u0131n\u0131n ve T\u00fcrk i\u015f d\u00fcnyas\u0131na y\u00f6n veren organizasyonlar\u0131n Y\u00f6netim Kurulu (YK) Ba\u015fkanlar\u0131n\u0131n kat\u0131laca\u011f\u0131 oturumlar ile kurumsal de\u011fer yaratma ve kurumsal s\u00fcr\u00fcd\u00fclebilirlik, yeni vizyon ve s\u00fcrd\u00fcr\u00fclebilir i\u015f modelleri farkl\u0131 boyutlar\u0131yla tart\u0131\u015f\u0131lacak. Bu oturumlarda, T\u00fcrk Hava Yollar\u0131 CEO\u2019su <strong>Temel Kotil<\/strong>, Schneider Electric Orta Do\u011fu B\u00f6lgesi Ba\u015fkan\u0131 <strong>Turhan Turhangil,<\/strong> BASF T\u00fcrkiye, Ortado\u011fu ve Kuzey Afrika B\u00f6lgesi Ba\u015fkan\u0131 ve BASF T\u00fcrk CEO\u2019su <strong>Volker Hammes<\/strong>, Vodafone T\u00fcrkiye \u0130cra Kurulu Ba\u015fkan\u0131 <strong>G\u00f6khan \u00d6\u011f\u00fct <\/strong>gibi\u00f6nemli isimler \u00f6zel sekt\u00f6r\u00fc temsil ederken; T\u00fcrkiye Kurumsal Y\u00f6netim Derne\u011fi YK Ba\u015fkan\u0131 <strong>Mehmet G\u00f6\u00e7men<\/strong>, \u0130ktisadi Kalk\u0131nma Vakf\u0131 YK Ba\u015fkan\u0131 <strong>\u00d6mer Cihad Vardan<\/strong>, S\u00fcrd\u00fcr\u00fclebilir Kalk\u0131nma Derne\u011fi YK Ba\u015fkan\u0131 <strong>Galya Frayman Molinas <\/strong>T\u00fcrkiye\u2019nin \u00e7at\u0131 STK\u2019lar\u0131n\u0131n bak\u0131\u015f a\u00e7\u0131s\u0131n\u0131 anlatacaklar.<\/p>\n<p><strong>S\u00fcrd\u00fcr\u00fclebilir Finansman, Risk Y\u00f6netimi ve Yat\u0131r\u0131mc\u0131 \u0130li\u015fkilerinde Yeni Ara\u00e7lar!<\/strong><\/p>\n<p>S\u00fcrd\u00fcr\u00fclebilir i\u015f modelleri ve kurumsal de\u011fer etkile\u015fimi ile yat\u0131r\u0131mc\u0131 ili\u015fkileri ve BIST hedefleri konferansta ele al\u0131nd\u0131\u011f\u0131 gibi s\u00fcrd\u00fcr\u00fclebilir finansman ve risk y\u00f6netiminde yeni ara\u00e7lar da kat\u0131l\u0131mc\u0131lar ile payla\u015f\u0131l\u0131yor.<\/p>\n<p>Her y\u0131l oldu\u011fu gibi bu y\u0131l da \u00e7ok farkl\u0131 sekt\u00f6r ve konular\u0131 i\u015fleyecek olan <strong>Ye\u015fil \u0130\u015f 2014<\/strong>\u2019\u00fcn ana konular\u0131n\u0131 s\u00fcrd\u00fcr\u00fclebilir i\u015f modelleri ve stratejiler; s\u00fcrd\u00fcr\u00fclebilir finans; enerji verimlili\u011fi ve enerji y\u00f6netimi; s\u00fcrd\u00fcr\u00fclebilir \u015fehirler ve binalar; karbon ve su y\u00f6netimi; s\u00fcrd\u00fcr\u00fclebilir belediyeler olu\u015fturuyor.<\/p>\n<p><strong>\u201c<\/strong><strong>Yenilenebilir Enerjide Riskler ve F\u0131rsatlar\u201d<\/strong>, <strong>\u201cEnerji Verimlili\u011finde Yeni Yasal Te\u015fvikler\u201d<\/strong>, \u201c<strong>Enerji Verimlili\u011fi ve Enerji Y\u00f6netimi\u201d <\/strong>gibi \u00f6nemli konular ve enerji verimlili\u011finde kapsaml\u0131 bir analizle g\u00fcncel g\u00fcndem konular\u0131 hakk\u0131nda bilgiler payla\u015f\u0131lacak.<\/p>\n<p><strong>Ak\u0131ll\u0131 \u015eehirler ve S\u00fcrd\u00fcr\u00fclebilir Binalar<\/strong><\/p>\n<p><strong>Ye\u015fil \u0130\u015f 2014\u2019te, <\/strong><strong>\u201cAk\u0131ll\u0131 \u015eehirler\u201d<\/strong> ve <strong>\u201c<\/strong><strong>S\u00fcrd\u00fcr\u00fclebilir Binalar\u0131n Gelece\u011fi<\/strong><strong>\u201d<\/strong> gibi oturumlarla s\u00fcrd\u00fcr\u00fclebilir \u015fehirler ve binalar ele al\u0131nacak; ayn\u0131 eksende T\u00fcrkiye\u2019de ve d\u00fcnyada \u00f6nemi gittik\u00e7e artan \u201c<strong>Ye\u015fil Stadyum\u201d<\/strong>, \u201c<strong>Ye\u015fil Hastaneler\u201d<\/strong> ve \u201c<strong>B\u00fct\u00fcnle\u015fik Bina Tasar\u0131m\u0131\u201d <\/strong>konular\u0131n\u0131n konu\u015fulaca\u011f\u0131 dikkat \u00e7ekici oturumlara yer verilecek. Bu oturumlarda stadyum ve hastane gibi m\u00fchendislik ve mimarinin \u00f6tesinde toplumsal \u00f6neme de sahip yap\u0131lar farkl\u0131 boyutlar\u0131yla \u00fcst d\u00fczey T\u00fcrk ve yabanc\u0131 konu\u015fmac\u0131lar\u0131n yer alaca\u011f\u0131 oturumlarda kapsaml\u0131 \u015fekilde ele al\u0131nacak.<\/p>\n<p><strong>G\u0131da Sekt\u00f6r\u00fcnde S\u00fcrd\u00fcr\u00fclebilir \u0130\u015f Modellerine D\u00f6n\u00fc\u015f\u00fcm S\u00fcreci<\/strong><\/p>\n<p><strong> \u201cD\u00f6n\u00fc\u015f\u00fcm i\u00e7in Davran\u0131\u015f De\u011fi\u015fikli\u011fi\u201d<\/strong> gibi farkl\u0131 ve yarat\u0131c\u0131 yakla\u015f\u0131mlar ile s\u00fcrd\u00fcr\u00fclebilirli\u011fin de\u011fi\u015fik boyutlar\u0131yla de\u011ferlendirilece\u011fi Ye\u015fil \u0130\u015f\u2019te, ilk defa bu y\u0131l g\u0131da sekt\u00f6r\u00fcnde s\u00fcrd\u00fcr\u00fclebilirli\u011fin \u00f6nemi, bu alandaki \u00f6nemli isimler taraf\u0131ndan ayr\u0131 bir oturumda ele al\u0131nacak ve <strong>\u201c<\/strong><strong>G\u0131da Sekt\u00f6r\u00fcnde S\u00fcrd\u00fcr\u00fclebilir \u0130\u015f Modellerine D\u00f6n\u00fc\u015f\u00fcm S\u00fcreci\u201d<\/strong> konu\u015fulacak.<\/p>\n<p>Bu y\u0131l \u00f6ne \u00e7\u0131kan di\u011fer teknik oturumlar aras\u0131nda \u00f6nemli yeni yasal d\u00fczenlemelerin yap\u0131ld\u0131\u011f\u0131 karbon y\u00f6netiminin ele al\u0131nd\u0131\u011f\u0131 oturumlar olu\u015fturuyor. \u00d6zel sekt\u00f6r, kamu ve \u00fcniversitenin bir arada farkl\u0131 bak\u0131\u015f a\u00e7\u0131lar\u0131yla tart\u0131\u015faca\u011f\u0131<strong> \u201cT\u00fcrk \u0130\u015f D\u00fcnyas\u0131nda Karbon Emisyonlar\u0131nda Yeni D\u00f6nem: Yol Haritalar\u0131\u201d <\/strong>ana oturumununyan\u0131 s\u0131ra karbon ve su y\u00f6netimi paralel oturumunda karbon ve su y\u00f6netiminde \u00f6nemli konular interaktif ve kat\u0131l\u0131mc\u0131lar\u0131n sorular\u0131n\u0131n y\u00f6n verece\u011fi oturumlarda e\u015f zamanl\u0131 olarak tart\u0131\u015f\u0131lacak.<\/p>\n<p><strong>Ye\u015fil \u0130\u015f\u2019te Konuk \u015eehirler!<\/strong><\/p>\n<p><strong>\u201cYe\u015fil \u0130\u015f: S\u00fcrd\u00fcr\u00fclebilir \u0130\u015f Bulu\u015fmas\u0131\u201d<\/strong> \u00e7at\u0131s\u0131 alt\u0131nda bu y\u0131l 2 \u00f6nemli yan etkinlik ger\u00e7ekle\u015ftirilecek. \u0130lki; bu y\u0131l ilk defa ger\u00e7ekle\u015ftirilecek olan ve her y\u0131l model olacak ba\u015far\u0131l\u0131 \u00e7al\u0131\u015fmalar\u0131 olan \u015fehirlerle devam ettirilmesi planlanan <strong>konuk \u015fehir<\/strong> uygulamas\u0131. Bu kapsamda, s\u00fcrd\u00fcr\u00fclebilir \u015fehir say\u0131s\u0131n\u0131 art\u0131rmak, \u00e7al\u0131\u015fmalar\u0131n ve iyi uygulama \u00f6rneklerininin t\u00fcm taraflar ile payla\u015f\u0131lmas\u0131 ama\u00e7lar\u0131yla <strong>s\u00fcrd\u00fcr\u00fclebilirlik konusunda \u00e7al\u0131\u015fmalar y\u00fcr\u00fcten bir \u015fehir, konuk olarak a\u011f\u0131rlanacak<\/strong>. Konferans\u0131n ilk konuk \u015fehri ise s\u00fcrd\u00fcr\u00fclebilirlik alan\u0131nda \u00e7ok say\u0131da \u00e7al\u0131\u015fma yapan ve s\u00fcrd\u00fcr\u00fclebilir bir \u015fehir modeli olu\u015fturma yolunda \u00f6nemli ad\u0131mlar atan <strong>Gaziantep<\/strong> olacak.<\/p>\n<p>Di\u011fer bir yan etkinlik de,<strong> K\u00fcresel Raporlama \u0130nisiyatifi-Global Reporting Initiative (GRI) i\u015fbirli\u011fi ile ger\u00e7ekle\u015ftirilecek \u201c\u015eeffafl\u0131k ve S\u00fcrd\u00fcr\u00fclebilir Kalk\u0131nma i\u00e7in S\u00fcrd\u00fcr\u00fclebilirlik Raporlamas\u0131\u201d <\/strong>\u00e7al\u0131\u015fmas\u0131 olacak. Bu etkinlikle kat\u0131l\u0131mc\u0131lar, s\u00fcrd\u00fcr\u00fclebilirlik raporlamas\u0131 konusunda ayr\u0131nt\u0131l\u0131 bilgi sahibi olacaklar.<\/p>\n<p><strong>\u201cYe\u015fil \u0130\u015f 2014: S\u00fcrd\u00fcr\u00fclebilir \u0130\u015f Bulu\u015fmas\u0131<\/strong>\u201d bu y\u0131l T.C. Enerji ve Tabii Kaynaklar Bakanl\u0131\u011f\u0131, T.C. \u00c7evre ve \u015eehircilik Bakanl\u0131\u011f\u0131, T.C. Kalk\u0131nma Bakanl\u0131\u011f\u0131 ve T.C. Bilim ve Sanayi Bakanl\u0131\u011f\u0131 deste\u011fi ve <strong>Enerji Gazetesi&#8217;nin<\/strong> de\u00a0i\u00e7lerinde bulundu\u011fu <strong>55\u2019in<\/strong> <strong>\u00fczerine \u00e7\u00f6z\u00fcm orta\u011f\u0131<\/strong> ile ger\u00e7ekle\u015ftirilecek ve konferans\u0131n stratejik \u00e7\u00f6z\u00fcm ortakl\u0131\u011f\u0131n\u0131 <strong>Schneider Electric<\/strong> \u00fcstlenirken; di\u011fer \u00e7\u00f6z\u00fcm ortaklar\u0131 aras\u0131nda <strong>BASF, REHAU, Vodafone, THY, TAV ve Garanti<\/strong> gibi kurumlar yer al\u0131yor. Ayr\u0131ca \u0130SO, \u0130KV, T\u00dcS\u0130AD, \u0130MSAD, TKYD gibi \u00f6nemli STK\u2019lar\u0131n i\u015fbirli\u011fi ile ger\u00e7ekle\u015fiyor.<\/p>\n<p><strong>Ye\u015fil \u0130\u015f 2014: S\u00fcrd\u00fcr\u00fclebilir \u0130\u015f Bulu\u015fmas\u0131<\/strong> hakk\u0131nda detaylara internet sitemiz \u00fczerinden eri\u015febilir, g\u00fcncellemeleri takip edebilirsiniz: <a href=\"http:\/\/yesiliskonferansi.com\/2014\/tr\/\">http:\/\/yesiliskonferansi.com\/2014\/tr\/<\/a><\/p>\n<p>Yay\u0131nc\u0131: <a href=\"https:\/\/www.enerjigazetesi.ist\" target=\"_blank\">Enerji Gazetesi<\/a><\/p>","protected":false},"excerpt":{"rendered":"<p>Sorry, this entry is only available in Turkish. For the sake of viewer convenience, the content is shown below in the alternative language. You may click the link to switch the active language.\u00dclkemizin en g\u00fc\u00e7l\u00fc s\u00fcrd\u00fcr\u00fclebilir i\u015f platformu olarak kabul edilen \u201cYe\u015fil \u0130\u015f 2014: S\u00fcrd\u00fcr\u00fclebilir \u0130\u015f Bulu\u015fmas\u0131\u201d, \u2018De\u011fi\u015fimi Y\u00f6netmek\u2019 temas\u0131yla 23-24 Eyl\u00fcl tarihlerinde Raffles \u0130stanbul-Zorlu [&hellip;]<\/p>\n","protected":false},"author":1,"featured_media":31024,"comment_status":"open","ping_status":"open","sticky":false,"template":"","format":"standard","meta":[],"categories":[53,52],"tags":[5332,16683,63,67,1009,165,17780,17779,815,17777,2767,816,8420,1423,17778,16681,2766],"views":945,"_links":{"self":[{"href":"https:\/\/www.enerjigazetesi.ist\/en\/wp-json\/wp\/v2\/posts\/31023"}],"collection":[{"href":"https:\/\/www.enerjigazetesi.ist\/en\/wp-json\/wp\/v2\/posts"}],"about":[{"href":"https:\/\/www.enerjigazetesi.ist\/en\/wp-json\/wp\/v2\/types\/post"}],"author":[{"embeddable":true,"href":"https:\/\/www.enerjigazetesi.ist\/en\/wp-json\/wp\/v2\/users\/1"}],"replies":[{"embeddable":true,"href":"https:\/\/www.enerjigazetesi.ist\/en\/wp-json\/wp\/v2\/comments?post=31023"}],"version-history":[{"count":2,"href":"https:\/\/www.enerjigazetesi.ist\/en\/wp-json\/wp\/v2\/posts\/31023\/revisions"}],"predecessor-version":[{"id":31026,"href":"https:\/\/www.enerjigazetesi.ist\/en\/wp-json\/wp\/v2\/posts\/31023\/revisions\/31026"}],"wp:featuredmedia":[{"embeddable":true,"href":"https:\/\/www.enerjigazetesi.ist\/en\/wp-json\/wp\/v2\/media\/31024"}],"wp:attachment":[{"href":"https:\/\/www.enerjigazetesi.ist\/en\/wp-json\/wp\/v2\/media?parent=31023"}],"wp:term":[{"taxonomy":"category","embeddable":true,"href":"https:\/\/www.enerjigazetesi.ist\/en\/wp-json\/wp\/v2\/categories?post=31023"},{"taxonomy":"post_tag","embeddable":true,"href":"https:\/\/www.enerjigazetesi.ist\/en\/wp-json\/wp\/v2\/tags?post=31023"}],"curies":[{"name":"wp","href":"https:\/\/api.w.org\/{rel}","templated":true}]}}