{"id":31014,"date":"2014-09-01T17:52:05","date_gmt":"2014-09-01T14:52:05","guid":{"rendered":"https:\/\/www.enerjigazetesi.ist\/?p=31014"},"modified":"2014-09-01T17:52:26","modified_gmt":"2014-09-01T14:52:26","slug":"bakan-yildiz-dogalgaza-eylulde-de-zam-yok","status":"publish","type":"post","link":"https:\/\/www.enerjigazetesi.ist\/en\/bakan-yildiz-dogalgaza-eylulde-de-zam-yok\/","title":{"rendered":"(Turkish) Bakan Y\u0131ld\u0131z: \u201cDo\u011falgaza Eyl\u00fclde de Zam Yok&#8230;\u201d"},"content":{"rendered":"<p class=\"qtranxs-available-languages-message qtranxs-available-languages-message-en\">Sorry, this entry is only available in <a href=\"https:\/\/www.enerjigazetesi.ist\/tr\/wp-json\/wp\/v2\/posts\/31014\" class=\"qtranxs-available-language-link qtranxs-available-language-link-tr\" title=\"Turkish\">Turkish<\/a>. For the sake of viewer convenience, the content is shown below in the alternative language. You may click the link to switch the active language.<\/p><p><strong>Enerji ve Tabii Kaynaklar Bakan\u0131 Y\u0131ld\u0131z, \u201cMaliyetlerimiz artt\u0131 ancak Eyl\u00fcl ay\u0131nda da ayn\u0131 do\u011fal gaz fiyatlar\u0131yla devam edece\u011fiz\u201d dedi. Y\u0131ld\u0131z, partisinin il te\u015fkilat\u0131 taraf\u0131ndan Melikgazi Belediyesi Konferans Salonu\u2019nda d\u00fczenlenen \u0130l Dan\u0131\u015fma Meclisi Toplant\u0131s\u0131 \u00f6ncesinde bas\u0131n mensuplar\u0131n\u0131n sorular\u0131n\u0131 cevaplad\u0131.<\/strong><\/p>\n<p>Gazetecilerin \u201cDo\u011fal gaza zam yap\u0131lacak m\u0131?\u201d diye sormalar\u0131 \u00fczerine Y\u0131ld\u0131z, do\u011fal gazda A\u011fustos ay\u0131ndaki, hatta \u00e7ok uzun zamanlardan \u00f6nceki fiyatlarla devam edildi\u011fini s\u00f6yledi.<\/p>\n<p>Maliyetlerin artt\u0131\u011f\u0131n\u0131 her vesileyle dile getirdi\u011fini belirten Y\u0131ld\u0131z, \u201c\u00d6zellikle dolar fiyatlar\u0131n\u0131n 2,16 gibi \u00e7o<a href=\"https:\/\/www.enerjigazetesi.ist\/wp-content\/uploads\/2014\/09\/bakan-yildiz-dogalgaza-eylulde-de-zam-yok.jpg\"><img loading=\"lazy\" class=\"alignright size-medium wp-image-31015\" src=\"https:\/\/www.enerjigazetesi.ist\/wp-content\/uploads\/2014\/09\/bakan-yildiz-dogalgaza-eylulde-de-zam-yok-300x215.jpg\" alt=\"bakan-yildiz-dogalgaza-eylulde-de-zam-yok\" width=\"300\" height=\"215\" srcset=\"https:\/\/www.enerjigazetesi.ist\/wp-content\/uploads\/2014\/09\/bakan-yildiz-dogalgaza-eylulde-de-zam-yok-300x215.jpg 300w, https:\/\/www.enerjigazetesi.ist\/wp-content\/uploads\/2014\/09\/bakan-yildiz-dogalgaza-eylulde-de-zam-yok-500x359.jpg 500w, https:\/\/www.enerjigazetesi.ist\/wp-content\/uploads\/2014\/09\/bakan-yildiz-dogalgaza-eylulde-de-zam-yok-69x50.jpg 69w, https:\/\/www.enerjigazetesi.ist\/wp-content\/uploads\/2014\/09\/bakan-yildiz-dogalgaza-eylulde-de-zam-yok.jpg 737w\" sizes=\"(max-width: 300px) 100vw, 300px\" \/><\/a>k ciddi bir pariteye geldi\u011fini belirtmi\u015ftik. Do\u011fal gaz\u0131 normal ald\u0131\u011f\u0131m\u0131z fiyat\u0131n daha da alt\u0131nda bir fiyatla sat\u0131yoruz. Maliyetlerimiz artt\u0131 ancak Eyl\u00fcl ay\u0131nda da ayn\u0131 do\u011falgaz fiyatlar\u0131yla devam edece\u011fiz\u201d \u015feklinde konu\u015ftu.<\/p>\n<p>Bakan Y\u0131ld\u0131z, T\u00fcrkiye\u2019nin Irak \u015eam \u0130slam Devleti (I\u015e\u0130D) ter\u00f6r \u00f6rg\u00fct\u00fcn\u00fcn petrol\u00fcn\u00fc i\u015fledi\u011fi y\u00f6n\u00fcndeki iddialar\u0131n sorulmas\u0131 \u00fczerine ise \u015funlar\u0131 s\u00f6yledi:<\/p>\n<p>\u201cIsrarla ve alt\u0131n\u0131 kal\u0131n \u00e7izgilerle \u00e7izerek s\u00f6yl\u00fcyoruz, T\u00fcrkiye, I\u015e\u0130D\u2019den herhangi bir petrol almam\u0131\u015ft\u0131r, rafinerisinde, T\u00dcPRA\u015e\u2019da b\u00f6yle bir petrol\u00fc i\u015flememi\u015ftir. Bunu herhangi bir yanl\u0131\u015f anlamaya mahal vermeyecek \u015fekilde \u00e7ok a\u00e7\u0131k ve net bir \u015fekilde s\u00f6yl\u00fcyorum. T\u00fcrkiye bir hukuk devletidir. T\u00fcrkiye Cumhuriyeti h\u00fck\u00fcmeti ne yap\u0131yorsa hukuk i\u00e7inde yapmak durumundad\u0131r ve hamdolsun \u00f6yle de yap\u0131yoruz. Biz Irak\u2019\u0131n petrol\u00fcn\u00fc al\u0131yoruz ve bunu Ba\u011fdat\u2019tan, hatta \u015fu an \u0130ran\u2019dan daha b\u00fcy\u00fck kapasiteyle oldu\u011funu s\u00f6yleyebilirim. 11-12 \u00fclkeden tedarikini yap\u0131yor, en fazla tedarik etti\u011fi \u00fclke Irak\u2019t\u0131r ama biz hem Ba\u011fdat\u2019tan hem Erbil\u2019den al\u0131yoruz ve bunlar\u0131n gerekli sevk\u0131yatlar\u0131n\u0131 yap\u0131yoruz. O y\u00fczden T\u00fcrkiye\u2019nin bu yap\u0131s\u0131n\u0131 \u2018I\u015e\u0130D\u2019den petrol al\u0131yor\u2019 diyerek bozmaya \u00e7al\u0131\u015fman\u0131n hem enerji sekt\u00f6r\u00fcne yap\u0131lan \u00f6nemli bir darbe hem de T\u00fcrkiye siyaset tarihine, AK Parti h\u00fck\u00fcmetlerimize yap\u0131lmaya \u00e7al\u0131\u015f\u0131lan bir fitne olarak g\u00f6r\u00fcr\u00fcm. B\u00f6yle bir \u015fey s\u00f6z konusu de\u011fil.\u201d<\/p>","protected":false},"excerpt":{"rendered":"<p>Sorry, this entry is only available in Turkish. For the sake of viewer convenience, the content is shown below in the alternative language. You may click the link to switch the active language.Enerji ve Tabii Kaynaklar Bakan\u0131 Y\u0131ld\u0131z, \u201cMaliyetlerimiz artt\u0131 ancak Eyl\u00fcl ay\u0131nda da ayn\u0131 do\u011fal gaz fiyatlar\u0131yla devam edece\u011fiz\u201d dedi. Y\u0131ld\u0131z, partisinin il te\u015fkilat\u0131 [&hellip;]<\/p>\n","protected":false},"author":1,"featured_media":31015,"comment_status":"open","ping_status":"open","sticky":false,"template":"","format":"standard","meta":[],"categories":[46,53],"tags":[92,226,12663,63,67,1009,165,13971,13970,667,1000],"views":480,"_links":{"self":[{"href":"https:\/\/www.enerjigazetesi.ist\/en\/wp-json\/wp\/v2\/posts\/31014"}],"collection":[{"href":"https:\/\/www.enerjigazetesi.ist\/en\/wp-json\/wp\/v2\/posts"}],"about":[{"href":"https:\/\/www.enerjigazetesi.ist\/en\/wp-json\/wp\/v2\/types\/post"}],"author":[{"embeddable":true,"href":"https:\/\/www.enerjigazetesi.ist\/en\/wp-json\/wp\/v2\/users\/1"}],"replies":[{"embeddable":true,"href":"https:\/\/www.enerjigazetesi.ist\/en\/wp-json\/wp\/v2\/comments?post=31014"}],"version-history":[{"count":1,"href":"https:\/\/www.enerjigazetesi.ist\/en\/wp-json\/wp\/v2\/posts\/31014\/revisions"}],"predecessor-version":[{"id":31016,"href":"https:\/\/www.enerjigazetesi.ist\/en\/wp-json\/wp\/v2\/posts\/31014\/revisions\/31016"}],"wp:featuredmedia":[{"embeddable":true,"href":"https:\/\/www.enerjigazetesi.ist\/en\/wp-json\/wp\/v2\/media\/31015"}],"wp:attachment":[{"href":"https:\/\/www.enerjigazetesi.ist\/en\/wp-json\/wp\/v2\/media?parent=31014"}],"wp:term":[{"taxonomy":"category","embeddable":true,"href":"https:\/\/www.enerjigazetesi.ist\/en\/wp-json\/wp\/v2\/categories?post=31014"},{"taxonomy":"post_tag","embeddable":true,"href":"https:\/\/www.enerjigazetesi.ist\/en\/wp-json\/wp\/v2\/tags?post=31014"}],"curies":[{"name":"wp","href":"https:\/\/api.w.org\/{rel}","templated":true}]}}