{"id":30985,"date":"2014-08-31T13:37:55","date_gmt":"2014-08-31T10:37:55","guid":{"rendered":"https:\/\/www.enerjigazetesi.ist\/?p=30985"},"modified":"2014-08-31T13:37:55","modified_gmt":"2014-08-31T10:37:55","slug":"cinden-elektrikli-araclar-icin-16-milyar-dolarlik-fon","status":"publish","type":"post","link":"https:\/\/www.enerjigazetesi.ist\/en\/cinden-elektrikli-araclar-icin-16-milyar-dolarlik-fon\/","title":{"rendered":"(Turkish) \u00c7in&#8217;den Elektrikli Ara\u00e7lar \u0130\u00e7in 16 Milyar Dolarl\u0131k Fon!"},"content":{"rendered":"<p class=\"qtranxs-available-languages-message qtranxs-available-languages-message-en\">Sorry, this entry is only available in <a href=\"https:\/\/www.enerjigazetesi.ist\/tr\/wp-json\/wp\/v2\/posts\/30985\" class=\"qtranxs-available-language-link qtranxs-available-language-link-tr\" title=\"Turkish\">Turkish<\/a>. For the sake of viewer convenience, the content is shown below in the alternative language. You may click the link to switch the active language.<\/p><p><strong>\u00c7in y\u00f6netiminin, \u00fclkedeki elektrikli ara\u00e7 kullan\u0131m\u0131n\u0131 yayg\u0131nla\u015ft\u0131rmak i\u00e7in \u00e7ok \u00f6nemli bir te\u015fvik politikas\u0131n\u0131 devreye sokmak \u00fczere oldu\u011fu bildirildi. Bloomberg haber ajans\u0131n\u0131n ismini vermedi\u011fi yetkililere dayand\u0131rd\u0131\u011f\u0131 habere g\u00f6re y\u00f6netim \u00fclke \u00e7ap\u0131ndaki elektrikli ara\u00e7 \u015farj istasyonlar\u0131 say\u0131s\u0131n\u0131 art\u0131rmak i\u00e7in 100<\/strong><a href=\"https:\/\/www.enerjigazetesi.ist\/wp-content\/uploads\/2014\/08\/cinden-elektrikli-araclar-icin-16-milyar-dolarlik-fon.jpg\"><img loading=\"lazy\" class=\"alignright size-medium wp-image-30986\" src=\"https:\/\/www.enerjigazetesi.ist\/wp-content\/uploads\/2014\/08\/cinden-elektrikli-araclar-icin-16-milyar-dolarlik-fon-300x197.jpg\" alt=\"cinden-elektrikli-araclar-icin-16-milyar-dolarlik-fon\" width=\"300\" height=\"197\" srcset=\"https:\/\/www.enerjigazetesi.ist\/wp-content\/uploads\/2014\/08\/cinden-elektrikli-araclar-icin-16-milyar-dolarlik-fon-300x197.jpg 300w, https:\/\/www.enerjigazetesi.ist\/wp-content\/uploads\/2014\/08\/cinden-elektrikli-araclar-icin-16-milyar-dolarlik-fon-75x50.jpg 75w, https:\/\/www.enerjigazetesi.ist\/wp-content\/uploads\/2014\/08\/cinden-elektrikli-araclar-icin-16-milyar-dolarlik-fon.jpg 379w\" sizes=\"(max-width: 300px) 100vw, 300px\" \/><\/a><strong> milyar y\u00fcenlik (16 milyar dolar) fon sa\u011flayacak.<\/strong><\/p>\n<p>\u00c7in y\u00f6netimi gerek elektrikli ara\u00e7 \u00fcretiminde d\u00fcnyada s\u00f6z sahibi \u00fclkelerden biri olmak gerek ise \u00fclkenin \u00f6zellikle b\u00fcy\u00fck \u015fehirlerindeki hava kirlili\u011fini azaltmak i\u00e7in bu ara\u00e7lkar\u0131n yayg\u0131nla\u015fmas\u0131 i\u00e7in \u00f6nemli \u00e7aba g\u00f6steriyor.<\/p>\n<p>\u00dclke y\u00f6netimi en son ge\u00e7en ay ald\u0131\u011f\u0131 bir karar ile 2016 y\u0131l\u0131na kadar \u00fclkede ger\u00e7ekle\u015fecek olan kamu arac\u0131 al\u0131mlar\u0131nda elektrikli ara\u00e7lar\u0131n\u0131n pay\u0131n\u0131n y\u00fczde 30 olmas\u0131 zorunlulu\u011fu getirmi\u015f ve bu oran\u0131n 2016&#8217;dan sonra y\u00fckseltilebilece\u011fi bildirilmi\u015fti.<\/p>\n<p>\u00c7in y\u00f6netimi taraf\u0131ndan al\u0131nan kararlar \u00fclkenin en \u00f6nemli elektrikli ara\u00e7 \u00fcreticisi BYD&#8217;nin y\u0131l\u0131n ilk yar\u0131s\u0131ndaki sat\u0131\u015flar\u0131n\u0131n 6 kat artmas\u0131n\u0131 sa\u011flam\u0131\u015ft\u0131.<\/p>\n<p>\u00d6nde gelen t\u00fcm otomobil \u00fcreticileri de \u00c7in&#8217;de sat\u0131\u015fa \u00e7\u0131kard\u0131klar\u0131 model say\u0131lar\u0131n\u0131 art\u0131r\u0131yor.<\/p>\n<p>Kaynak: <a href=\"http:\/\/www.yesilekonomi.com\/elektrikli-araclar\/cin-elektrikli-araclar-icin-16-milyar-dolarlik-fon-saglayacak\" target=\"_blank\" rel=\"nofollow\">Enerji G\u00fcnl\u00fc\u011f\u00fc<\/a><\/p>","protected":false},"excerpt":{"rendered":"<p>Sorry, this entry is only available in Turkish. For the sake of viewer convenience, the content is shown below in the alternative language. You may click the link to switch the active language.\u00c7in y\u00f6netiminin, \u00fclkedeki elektrikli ara\u00e7 kullan\u0131m\u0131n\u0131 yayg\u0131nla\u015ft\u0131rmak i\u00e7in \u00e7ok \u00f6nemli bir te\u015fvik politikas\u0131n\u0131 devreye sokmak \u00fczere oldu\u011fu bildirildi. Bloomberg haber ajans\u0131n\u0131n ismini vermedi\u011fi [&hellip;]<\/p>\n","protected":false},"author":1,"featured_media":30986,"comment_status":"open","ping_status":"open","sticky":false,"template":"","format":"standard","meta":[],"categories":[51,53],"tags":[886,215,17748,17750,63,67,1009,165,17749],"views":705,"_links":{"self":[{"href":"https:\/\/www.enerjigazetesi.ist\/en\/wp-json\/wp\/v2\/posts\/30985"}],"collection":[{"href":"https:\/\/www.enerjigazetesi.ist\/en\/wp-json\/wp\/v2\/posts"}],"about":[{"href":"https:\/\/www.enerjigazetesi.ist\/en\/wp-json\/wp\/v2\/types\/post"}],"author":[{"embeddable":true,"href":"https:\/\/www.enerjigazetesi.ist\/en\/wp-json\/wp\/v2\/users\/1"}],"replies":[{"embeddable":true,"href":"https:\/\/www.enerjigazetesi.ist\/en\/wp-json\/wp\/v2\/comments?post=30985"}],"version-history":[{"count":1,"href":"https:\/\/www.enerjigazetesi.ist\/en\/wp-json\/wp\/v2\/posts\/30985\/revisions"}],"predecessor-version":[{"id":30987,"href":"https:\/\/www.enerjigazetesi.ist\/en\/wp-json\/wp\/v2\/posts\/30985\/revisions\/30987"}],"wp:featuredmedia":[{"embeddable":true,"href":"https:\/\/www.enerjigazetesi.ist\/en\/wp-json\/wp\/v2\/media\/30986"}],"wp:attachment":[{"href":"https:\/\/www.enerjigazetesi.ist\/en\/wp-json\/wp\/v2\/media?parent=30985"}],"wp:term":[{"taxonomy":"category","embeddable":true,"href":"https:\/\/www.enerjigazetesi.ist\/en\/wp-json\/wp\/v2\/categories?post=30985"},{"taxonomy":"post_tag","embeddable":true,"href":"https:\/\/www.enerjigazetesi.ist\/en\/wp-json\/wp\/v2\/tags?post=30985"}],"curies":[{"name":"wp","href":"https:\/\/api.w.org\/{rel}","templated":true}]}}