{"id":30974,"date":"2014-08-31T13:13:43","date_gmt":"2014-08-31T10:13:43","guid":{"rendered":"https:\/\/www.enerjigazetesi.ist\/?p=30974"},"modified":"2014-08-31T13:13:43","modified_gmt":"2014-08-31T10:13:43","slug":"tpao-irakta-yeni-sahalar-alacak","status":"publish","type":"post","link":"https:\/\/www.enerjigazetesi.ist\/en\/tpao-irakta-yeni-sahalar-alacak\/","title":{"rendered":"(Turkish) TPAO Irak\u2019ta Yeni Sahalar Alacak&#8230;"},"content":{"rendered":"<p class=\"qtranxs-available-languages-message qtranxs-available-languages-message-en\">Sorry, this entry is only available in <a href=\"https:\/\/www.enerjigazetesi.ist\/tr\/wp-json\/wp\/v2\/posts\/30974\" class=\"qtranxs-available-language-link qtranxs-available-language-link-tr\" title=\"Turkish\">Turkish<\/a>. For the sake of viewer convenience, the content is shown below in the alternative language. You may click the link to switch the active language.<\/p><p><strong>Enerji ve Tabii Kaynaklar Bakan\u0131 Taner Y\u0131ld\u0131z, T\u00fcrkiye\u2019din Irak\u2019ta yeni baz\u0131 petrol arama haklar\u0131 elde edece\u011fini s\u00f6yledi. Taner Y\u0131ld\u0131z, AK Parti Kongresi s\u0131ras\u0131nda yapt\u0131\u011f\u0131 a\u00e7\u0131klamada, K\u00fcrt B\u00f6lgesi petrol\u00fcn\u00fc<\/strong><a href=\"https:\/\/www.enerjigazetesi.ist\/wp-content\/uploads\/2014\/08\/tpao-irakta-yeni-sahalar-alacak.jpg\"><img loading=\"lazy\" class=\"alignright size-medium wp-image-30975\" src=\"https:\/\/www.enerjigazetesi.ist\/wp-content\/uploads\/2014\/08\/tpao-irakta-yeni-sahalar-alacak-300x195.jpg\" alt=\"tpao-irakta-yeni-sahalar-alacak\" width=\"300\" height=\"195\" srcset=\"https:\/\/www.enerjigazetesi.ist\/wp-content\/uploads\/2014\/08\/tpao-irakta-yeni-sahalar-alacak-300x195.jpg 300w, https:\/\/www.enerjigazetesi.ist\/wp-content\/uploads\/2014\/08\/tpao-irakta-yeni-sahalar-alacak-76x50.jpg 76w, https:\/\/www.enerjigazetesi.ist\/wp-content\/uploads\/2014\/08\/tpao-irakta-yeni-sahalar-alacak.jpg 448w\" sizes=\"(max-width: 300px) 100vw, 300px\" \/><\/a><strong>n Ceyhan\u2019a gelmeye devam etti\u011fini belirtti. Bu petrol\u00fcn Irak\u2019\u0131n petrol\u00fc oldu\u011funu vurgulayan Y\u0131ld\u0131z, \u201cCeyhan\u2019dan 10\u2019uncu tanker de y\u00fcklendi ve sevk\u0131yata devam ediyoruz\u201d dedi.<\/strong><\/p>\n<p>Irak\u2019\u0131n petrol varl\u0131klar\u0131n\u0131n de\u011ferlendirilmesinin iki \u00fclke aras\u0131ndaki ili\u015fkileri yap\u0131c\u0131, onar\u0131c\u0131 b\u00fcy\u00fct\u00fcc\u00fc bir etkisi olaca\u011f\u0131n\u0131n alt\u0131n\u0131 \u00e7izen Y\u0131ld\u0131z, \u201cIrak\u2019ta in\u015fallah \u00f6n\u00fcm\u00fczdeki haftalarda, aylarda yeni baz\u0131 bloklar\u0131n T\u00fcrkiye taraf\u0131ndan tasarruf edilece\u011fi haberlerini duyacaks\u0131n\u0131z\u201d diye konu\u015ftu.<\/p>\n<p>Devlet ad\u0131na \u00fclke d\u0131\u015f\u0131ndaki petrol arama faaliyetleri T\u00fcrkiye Petrolleri Anonim Ortakl\u0131\u011f\u0131 ve i\u015ftirakleri eliyle y\u00fcr\u00fct\u00fcld\u00fc\u011f\u00fc i\u00e7in, Bakan Y\u0131ld\u0131z\u2019\u0131n a\u00e7\u0131klamalar\u0131 TPAO\u2019nun aram ve \u00fcretim ama\u00e7l\u0131 olarak Irak\u2019ta yeni petrol sahalar\u0131 devralaca\u011f\u0131 anlam\u0131na geliyor.<\/p>\n<p>Kaynak: <a href=\"http:\/\/enerjigunlugu.net\/tpao-irakta-yeni-sahalar-alacak_9877.html\" target=\"_blank\" rel=\"nofollow\">Enerji G\u00fcnl\u00fc\u011f\u00fc<\/a><\/p>","protected":false},"excerpt":{"rendered":"<p>Sorry, this entry is only available in Turkish. For the sake of viewer convenience, the content is shown below in the alternative language. You may click the link to switch the active language.Enerji ve Tabii Kaynaklar Bakan\u0131 Taner Y\u0131ld\u0131z, T\u00fcrkiye\u2019din Irak\u2019ta yeni baz\u0131 petrol arama haklar\u0131 elde edece\u011fini s\u00f6yledi. Taner Y\u0131ld\u0131z, AK Parti Kongresi s\u0131ras\u0131nda [&hellip;]<\/p>\n","protected":false},"author":1,"featured_media":30975,"comment_status":"open","ping_status":"open","sticky":false,"template":"","format":"standard","meta":[],"categories":[53,44],"tags":[710,63,67,1009,165,945,59,79,667,904,17740],"views":645,"_links":{"self":[{"href":"https:\/\/www.enerjigazetesi.ist\/en\/wp-json\/wp\/v2\/posts\/30974"}],"collection":[{"href":"https:\/\/www.enerjigazetesi.ist\/en\/wp-json\/wp\/v2\/posts"}],"about":[{"href":"https:\/\/www.enerjigazetesi.ist\/en\/wp-json\/wp\/v2\/types\/post"}],"author":[{"embeddable":true,"href":"https:\/\/www.enerjigazetesi.ist\/en\/wp-json\/wp\/v2\/users\/1"}],"replies":[{"embeddable":true,"href":"https:\/\/www.enerjigazetesi.ist\/en\/wp-json\/wp\/v2\/comments?post=30974"}],"version-history":[{"count":1,"href":"https:\/\/www.enerjigazetesi.ist\/en\/wp-json\/wp\/v2\/posts\/30974\/revisions"}],"predecessor-version":[{"id":30976,"href":"https:\/\/www.enerjigazetesi.ist\/en\/wp-json\/wp\/v2\/posts\/30974\/revisions\/30976"}],"wp:featuredmedia":[{"embeddable":true,"href":"https:\/\/www.enerjigazetesi.ist\/en\/wp-json\/wp\/v2\/media\/30975"}],"wp:attachment":[{"href":"https:\/\/www.enerjigazetesi.ist\/en\/wp-json\/wp\/v2\/media?parent=30974"}],"wp:term":[{"taxonomy":"category","embeddable":true,"href":"https:\/\/www.enerjigazetesi.ist\/en\/wp-json\/wp\/v2\/categories?post=30974"},{"taxonomy":"post_tag","embeddable":true,"href":"https:\/\/www.enerjigazetesi.ist\/en\/wp-json\/wp\/v2\/tags?post=30974"}],"curies":[{"name":"wp","href":"https:\/\/api.w.org\/{rel}","templated":true}]}}