{"id":30965,"date":"2014-08-31T10:56:37","date_gmt":"2014-08-31T07:56:37","guid":{"rendered":"https:\/\/www.enerjigazetesi.ist\/?p=30965"},"modified":"2014-08-31T10:56:37","modified_gmt":"2014-08-31T07:56:37","slug":"mardindeki-ciftcilerin-elektrik-sorunu-cozuldu","status":"publish","type":"post","link":"https:\/\/www.enerjigazetesi.ist\/en\/mardindeki-ciftcilerin-elektrik-sorunu-cozuldu\/","title":{"rendered":"(Turkish) Mardin\u2019deki \u00c7ift\u00e7ilerin Elektrik Sorunu \u00c7\u00f6z\u00fcld\u00fc!"},"content":{"rendered":"<p class=\"qtranxs-available-languages-message qtranxs-available-languages-message-en\">Sorry, this entry is only available in <a href=\"https:\/\/www.enerjigazetesi.ist\/tr\/wp-json\/wp\/v2\/posts\/30965\" class=\"qtranxs-available-language-link qtranxs-available-language-link-tr\" title=\"Turkish\">Turkish<\/a>. For the sake of viewer convenience, the content is shown below in the alternative language. You may click the link to switch the active language.<\/p><p><strong>Ba\u015fbakan Vekili Davuto\u011flu, Mardin\u2019de elektrik verilmedi\u011fi i\u00e7in eylem yapan \u00e7ift\u00e7ilerin sorunlar\u0131n\u0131 dinledi ve elektri\u011fin verilmesi i\u00e7in talimat verdi, bor\u00e7lar tar\u0131msal destek miktar\u0131ndan kesilecek. Mardin\u2019in K\u0131z\u0131ltepe ve Derik il\u00e7esinde elektrik kesildi\u011fi i\u00e7in sulama yapamayan \u00e7ift\u00e7ilerin yol kapatma eylemleri sona erdi. Ba\u015fbakan Vekili Ahmet Davuto\u011flu\u2019nun durumdan haberdar olmas\u0131yla verdi\u011fi talimatla, b\u00f6lgeye enerji verildi.<\/strong><\/p>\n<p>Ahmet Davuto\u011flu, AK Parti Mardin milletvekillerinden, elektrik kesintisi nedeniyle ya\u015fanan olaylar hakk\u0131nda bilgi ald\u0131. Davuto\u011flu, g\u00f6r\u00fc\u015fmenin ard\u0131ndan elektri\u011fi kesilen \u00e7ift\u00e7ilere enerji verilmesi talimat\u0131 verdi.<\/p>\n<p>Davuto\u011flu, Cumhurba\u015fkan\u0131 Recep Tayyip Erdo\u011fan\u2019\u0131n TBMM Genel Kurulu\u2019ndaki yemin t\u00f6reninin ard\u0131ndan, AK Parti grubundaki makam\u0131nda Enerji ve Tabii Kaynaklar Bakan\u0131 Taner Y\u0131ld\u0131z, \u0130\u00e7i\u015fleri Bakan\u0131 Efkan Ala, AK Parti Mardin Milletvekilleri Muammer G\u00fcler, Abdurrahim Akda\u011f ve G\u00f6n\u00fcl Bekin \u015eahkulubey ile bir araya geldi.<a href=\"https:\/\/www.enerjigazetesi.ist\/wp-content\/uploads\/2014\/08\/mardindeki-ciftcilerin-elektrik-sorunu-cozuldu.jpg\"><img loading=\"lazy\" class=\"alignleft wp-image-30966 size-medium\" src=\"https:\/\/www.enerjigazetesi.ist\/wp-content\/uploads\/2014\/08\/mardindeki-ciftcilerin-elektrik-sorunu-cozuldu-300x208.jpg\" alt=\"mardindeki-ciftcilerin-elektrik-sorunu-cozuldu\" width=\"300\" height=\"208\" srcset=\"https:\/\/www.enerjigazetesi.ist\/wp-content\/uploads\/2014\/08\/mardindeki-ciftcilerin-elektrik-sorunu-cozuldu-300x208.jpg 300w, https:\/\/www.enerjigazetesi.ist\/wp-content\/uploads\/2014\/08\/mardindeki-ciftcilerin-elektrik-sorunu-cozuldu-500x346.jpg 500w, https:\/\/www.enerjigazetesi.ist\/wp-content\/uploads\/2014\/08\/mardindeki-ciftcilerin-elektrik-sorunu-cozuldu-72x50.jpg 72w, https:\/\/www.enerjigazetesi.ist\/wp-content\/uploads\/2014\/08\/mardindeki-ciftcilerin-elektrik-sorunu-cozuldu.jpg 600w\" sizes=\"(max-width: 300px) 100vw, 300px\" \/><\/a><\/p>\n<p>Yap\u0131lan toplant\u0131ya AK Parti Grup Ba\u015fkanvekilleri Nurettin Canikli, Mustafa Elita\u015f ve Belma Sat\u0131r da haz\u0131r bulundu. G\u00f6r\u00fc\u015fmede milletvekilleri, Ahmet Davuto\u011flu\u2019na, vatanda\u015flar\u0131n elektrik kesintileri nedeniyle 3 g\u00fcnd\u00fcr Mardin-\u015eanl\u0131urfa karayolunu trafi\u011fe kapatmas\u0131 konusunda bilgi verdi.<\/p>\n<p>Milletvekili Akda\u011f, g\u00f6r\u00fc\u015fme ile ilgili yapt\u0131\u011f\u0131 a\u00e7\u0131klamada, Davuto\u011flu\u2019na, i\u015fin boyutu, vahameti ve \u00f6nemi ile ekonomik kay\u0131plar\u0131 konusunda bilgi verdiklerini s\u00f6yledi.<\/p>\n<p>Akda\u011f, elektrik da\u011f\u0131t\u0131m \u015firketinin yanl\u0131\u015f uygulamalar\u0131 sonucu \u00e7ift\u00e7i ile g\u00fcvenlik g\u00fc\u00e7lerinin kar\u015f\u0131 kar\u015f\u0131ya kald\u0131\u011f\u0131n\u0131 belirterek, \u201c\u00c7ift\u00e7inin \u00fcr\u00fcnlerinin heba olmamas\u0131 i\u00e7in bir an \u00f6nce elektrik verilmesi hususunda bu \u00e7al\u0131\u015fmalar\u0131 yapt\u0131k. \u00c7ift\u00e7ilerimizin eme\u011fi ve \u00fcr\u00fcn\u00fc heba olmas\u0131n, insanlar\u0131m\u0131z\u0131n medeni bir ihtiya\u00e7 olan elektrik ihtiya\u00e7lar\u0131 kar\u015f\u0131lans\u0131n. \u015eimdi mevcut bor\u00e7lar\u0131 kendisi gidip \u00f6deyen \u00f6deyecek, \u00f6demeyenin \u00fcr\u00fcn deste\u011finden kesilecek bakanlar kurulu karar\u0131na g\u00f6re. Birinci amac\u0131m\u0131z \u015fu anda zaman kazanmak bu seneki mahsul\u00fc kurtarmak dedi.<\/p>\n<p>Akda\u011f, Davuto\u011flu\u2019nun, \u00e7ift\u00e7ilerin elektrik bor\u00e7lar\u0131n\u0131n tar\u0131msal destekleme primlerinden \u00f6denmesi konusunda \u00e7al\u0131\u015fma yap\u0131lmas\u0131n\u0131 istedi\u011fini belirterek, \u201cBu soruna \u00e7\u00f6z\u00fcm bulunmas\u0131 ve bu konuda bir Bakanlar Kurulu karar\u0131 haz\u0131rlanmas\u0131 noktas\u0131nda Ba\u015fbakanl\u0131k M\u00fcste\u015far\u0131\u2019na talimat verdi. Soruna en k\u0131sa s\u00fcrede \u00e7\u00f6z\u00fcm bulunacak\u201d diye konu\u015ftu.<\/p>\n<p>Kaynak: <a href=\"http:\/\/www.dunyabulteni.net\/manset\/307683\/mardindeki-ciftcilerin-elektrik-sorunu-cozuldu\" target=\"_blank\" rel=\"nofollow\">d\u00fcnya b\u00fclteni<\/a><\/p>","protected":false},"excerpt":{"rendered":"<p>Sorry, this entry is only available in Turkish. For the sake of viewer convenience, the content is shown below in the alternative language. You may click the link to switch the active language.Ba\u015fbakan Vekili Davuto\u011flu, Mardin\u2019de elektrik verilmedi\u011fi i\u00e7in eylem yapan \u00e7ift\u00e7ilerin sorunlar\u0131n\u0131 dinledi ve elektri\u011fin verilmesi i\u00e7in talimat verdi, bor\u00e7lar tar\u0131msal destek miktar\u0131ndan kesilecek. [&hellip;]<\/p>\n","protected":false},"author":1,"featured_media":30966,"comment_status":"open","ping_status":"open","sticky":false,"template":"","format":"standard","meta":[],"categories":[51,53],"tags":[1687,4257,140,17734,63,67,1009,165,17735,2063],"views":611,"_links":{"self":[{"href":"https:\/\/www.enerjigazetesi.ist\/en\/wp-json\/wp\/v2\/posts\/30965"}],"collection":[{"href":"https:\/\/www.enerjigazetesi.ist\/en\/wp-json\/wp\/v2\/posts"}],"about":[{"href":"https:\/\/www.enerjigazetesi.ist\/en\/wp-json\/wp\/v2\/types\/post"}],"author":[{"embeddable":true,"href":"https:\/\/www.enerjigazetesi.ist\/en\/wp-json\/wp\/v2\/users\/1"}],"replies":[{"embeddable":true,"href":"https:\/\/www.enerjigazetesi.ist\/en\/wp-json\/wp\/v2\/comments?post=30965"}],"version-history":[{"count":1,"href":"https:\/\/www.enerjigazetesi.ist\/en\/wp-json\/wp\/v2\/posts\/30965\/revisions"}],"predecessor-version":[{"id":30967,"href":"https:\/\/www.enerjigazetesi.ist\/en\/wp-json\/wp\/v2\/posts\/30965\/revisions\/30967"}],"wp:featuredmedia":[{"embeddable":true,"href":"https:\/\/www.enerjigazetesi.ist\/en\/wp-json\/wp\/v2\/media\/30966"}],"wp:attachment":[{"href":"https:\/\/www.enerjigazetesi.ist\/en\/wp-json\/wp\/v2\/media?parent=30965"}],"wp:term":[{"taxonomy":"category","embeddable":true,"href":"https:\/\/www.enerjigazetesi.ist\/en\/wp-json\/wp\/v2\/categories?post=30965"},{"taxonomy":"post_tag","embeddable":true,"href":"https:\/\/www.enerjigazetesi.ist\/en\/wp-json\/wp\/v2\/tags?post=30965"}],"curies":[{"name":"wp","href":"https:\/\/api.w.org\/{rel}","templated":true}]}}