{"id":30931,"date":"2014-08-29T14:05:39","date_gmt":"2014-08-29T11:05:39","guid":{"rendered":"https:\/\/www.enerjigazetesi.ist\/?p=30931"},"modified":"2014-08-29T14:05:39","modified_gmt":"2014-08-29T11:05:39","slug":"izlanda-aktif-volkanik-daglarindaki-magmadan-elektrik-uretecek","status":"publish","type":"post","link":"https:\/\/www.enerjigazetesi.ist\/en\/izlanda-aktif-volkanik-daglarindaki-magmadan-elektrik-uretecek\/","title":{"rendered":"(Turkish) \u0130zlanda, Aktif Volkanik Da\u011flar\u0131ndaki Magmadan Elektrik \u00dcretecek&#8230;"},"content":{"rendered":"<p class=\"qtranxs-available-languages-message qtranxs-available-languages-message-en\">Sorry, this entry is only available in <a href=\"https:\/\/www.enerjigazetesi.ist\/tr\/wp-json\/wp\/v2\/posts\/30931\" class=\"qtranxs-available-language-link qtranxs-available-language-link-tr\" title=\"Turkish\">Turkish<\/a>. For the sake of viewer convenience, the content is shown below in the alternative language. You may click the link to switch the active language.<\/p><p><strong>Uzmanlar, projeyi \u201cenerjide devrim\u201d olarak nitelendirirken, jeologlar T\u00fcrkiye\u2019de de benzer uygulaman\u0131n olup olamayaca\u011f\u0131n\u0131 de\u011ferlendiriyor. Jeolojik konumu ve Jeotermal kaynaklar a\u00e7\u0131s\u0131ndan zengin olan \u0130zlanda, 2009 y\u0131l\u0131nda ba\u015flatt\u0131\u011f\u0131 magmadan elektrik \u00fcretme projesinde sona do\u011fru yakla\u015f\u0131yor.<\/strong><span id=\"more-66932\"><\/span><\/p>\n<p>Konuyla ilgili de\u011ferlendirmede bulunan uzmanlar, ilk a\u015famada 60 megavatl\u0131k elektrik \u00fcretecek projenin enerji<a href=\"https:\/\/www.enerjigazetesi.ist\/wp-content\/uploads\/2014\/08\/izlanda-aktif-volkanik-daglarindaki-magmadan-elektrik-uretecek.jpg\"><img loading=\"lazy\" class=\"alignright size-medium wp-image-30932\" src=\"https:\/\/www.enerjigazetesi.ist\/wp-content\/uploads\/2014\/08\/izlanda-aktif-volkanik-daglarindaki-magmadan-elektrik-uretecek-300x225.jpg\" alt=\"izlanda-aktif-volkanik-daglarindaki-magmadan-elektrik-uretecek\" width=\"300\" height=\"225\" srcset=\"https:\/\/www.enerjigazetesi.ist\/wp-content\/uploads\/2014\/08\/izlanda-aktif-volkanik-daglarindaki-magmadan-elektrik-uretecek-300x225.jpg 300w, https:\/\/www.enerjigazetesi.ist\/wp-content\/uploads\/2014\/08\/izlanda-aktif-volkanik-daglarindaki-magmadan-elektrik-uretecek-500x375.jpg 500w, https:\/\/www.enerjigazetesi.ist\/wp-content\/uploads\/2014\/08\/izlanda-aktif-volkanik-daglarindaki-magmadan-elektrik-uretecek-66x50.jpg 66w, https:\/\/www.enerjigazetesi.ist\/wp-content\/uploads\/2014\/08\/izlanda-aktif-volkanik-daglarindaki-magmadan-elektrik-uretecek.jpg 600w\" sizes=\"(max-width: 300px) 100vw, 300px\" \/><\/a> sekt\u00f6r\u00fcnde bir ilk olaca\u011f\u0131n\u0131, T\u00fcrkiye\u2019de de aktif volkanik da\u011flar\u0131n bulunmas\u0131 nedeniyle, b\u00f6yle bir projenin uygulanabilece\u011fini belirtti. \u0130zlanda Derin Sondaj Projesi (IDDP) Ba\u015fjeolo\u011fu Gudmundur Omar Fridleifsson, \u201cEriyik halde lavlar\u0131n bulundu\u011fu Krafla b\u00f6lgesinde yapt\u0131\u011f\u0131m\u0131z \u00e7al\u0131\u015fmalarda amac\u0131m\u0131z 60 megavatl\u0131k \u00fcretim yapabilecek bir santral kurmakt\u0131. Ancak, vanalardan birinde ya\u015fanan problem nedeniyle kuyuyu kapatmak ve so\u011fumaya b\u0131rakmak zorunda kald\u0131k\u201d dedi.<\/p>\n<p>Proje ekibinin yeni bir kuyu a\u00e7maya haz\u0131r oldu\u011funu ifade eden Fridleifsson, bu defa Krafla b\u00f6lgesinde de\u011fil \u00fclkenin g\u00fcneybat\u0131s\u0131nda yer alan Reykjanes\u2019te \u00e7al\u0131\u015fma yapacaklar\u0131n\u0131 dile getirdi. Fridleifsson, 2015 y\u0131l\u0131nda yeni kaz\u0131ya ve sonras\u0131nda elektrik \u00fcretimine ba\u015flamay\u0131 hedeflediklerini s\u00f6yledi.<\/p>\n<h2>T\u00fcrkiye\u2019de de tart\u0131\u015f\u0131lmaya ba\u015fland\u0131<\/h2>\n<p>\u0130stanbul Teknik \u00dcniversitesi (\u0130T\u00dc) Jeoloji M\u00fchendisli\u011fi B\u00f6l\u00fcm\u00fc \u00d6\u011fretim \u00dcyesi Do\u00e7. Dr. Mustafa Kumral da magmadan elektrik \u00fcretilmesine ili\u015fkin geli\u015fmelerin t\u00fcm d\u00fcnyay\u0131 ilgilendirdi\u011fini s\u00f6yledi. \u0130zlanda\u2019n\u0131n farkl\u0131 bir \u00fclke oldu\u011funu ve jeolojik konumu nedeniyle avantajlar\u0131 bulundu\u011funu anlatan Kumral, \u201cYeni Zelanda ve \u0130zlanda gibi \u00fclkeler jeotermal kaynaklar konusunda co\u011frafyalar\u0131 gere\u011fi tecr\u00fcbeliler. Bu b\u00f6lgelerde, volkanizmaya ba\u011fl\u0131 enerji y\u00fcksek ve bunlara ba\u011fl\u0131 termal hareketler de fazla oluyor. Ayr\u0131ca di\u011fer \u00fclkelere g\u00f6re \u00e7al\u0131\u015fma imkanlar\u0131 da daha fazla\u201d \u015feklinde konu\u015ftu.<\/p>\n<p><strong>Haberin Devam\u0131 i\u00e7in <a href=\"http:\/\/www.milliyet.com.tr\/hedef-magmadan-elektrik-uretmek\/ekonomi\/detay\/1932200\/default.htm\" target=\"_blank\" rel=\"nofollow\">t\u0131klay\u0131n\u0131z&gt;&gt;&gt;<\/a><\/strong><\/p>\n<p>Kaynak: Milliyet<\/p>","protected":false},"excerpt":{"rendered":"<p>Sorry, this entry is only available in Turkish. For the sake of viewer convenience, the content is shown below in the alternative language. You may click the link to switch the active language.Uzmanlar, projeyi \u201cenerjide devrim\u201d olarak nitelendirirken, jeologlar T\u00fcrkiye\u2019de de benzer uygulaman\u0131n olup olamayaca\u011f\u0131n\u0131 de\u011ferlendiriyor. Jeolojik konumu ve Jeotermal kaynaklar a\u00e7\u0131s\u0131ndan zengin olan \u0130zlanda, [&hellip;]<\/p>\n","protected":false},"author":1,"featured_media":30932,"comment_status":"open","ping_status":"open","sticky":false,"template":"","format":"standard","meta":[],"categories":[51,53],"tags":[17708,68,61,19,63,67,1009,165,14642,7728,870,6043,17710,1005,17709,17711],"views":1248,"_links":{"self":[{"href":"https:\/\/www.enerjigazetesi.ist\/en\/wp-json\/wp\/v2\/posts\/30931"}],"collection":[{"href":"https:\/\/www.enerjigazetesi.ist\/en\/wp-json\/wp\/v2\/posts"}],"about":[{"href":"https:\/\/www.enerjigazetesi.ist\/en\/wp-json\/wp\/v2\/types\/post"}],"author":[{"embeddable":true,"href":"https:\/\/www.enerjigazetesi.ist\/en\/wp-json\/wp\/v2\/users\/1"}],"replies":[{"embeddable":true,"href":"https:\/\/www.enerjigazetesi.ist\/en\/wp-json\/wp\/v2\/comments?post=30931"}],"version-history":[{"count":1,"href":"https:\/\/www.enerjigazetesi.ist\/en\/wp-json\/wp\/v2\/posts\/30931\/revisions"}],"predecessor-version":[{"id":30933,"href":"https:\/\/www.enerjigazetesi.ist\/en\/wp-json\/wp\/v2\/posts\/30931\/revisions\/30933"}],"wp:featuredmedia":[{"embeddable":true,"href":"https:\/\/www.enerjigazetesi.ist\/en\/wp-json\/wp\/v2\/media\/30932"}],"wp:attachment":[{"href":"https:\/\/www.enerjigazetesi.ist\/en\/wp-json\/wp\/v2\/media?parent=30931"}],"wp:term":[{"taxonomy":"category","embeddable":true,"href":"https:\/\/www.enerjigazetesi.ist\/en\/wp-json\/wp\/v2\/categories?post=30931"},{"taxonomy":"post_tag","embeddable":true,"href":"https:\/\/www.enerjigazetesi.ist\/en\/wp-json\/wp\/v2\/tags?post=30931"}],"curies":[{"name":"wp","href":"https:\/\/api.w.org\/{rel}","templated":true}]}}