{"id":30928,"date":"2014-08-29T14:00:53","date_gmt":"2014-08-29T11:00:53","guid":{"rendered":"https:\/\/www.enerjigazetesi.ist\/?p=30928"},"modified":"2014-08-29T14:00:53","modified_gmt":"2014-08-29T11:00:53","slug":"kuzey-irakin-ceyhandan-ihrac-ettigi-petrol-8-milyon-varili-gecti","status":"publish","type":"post","link":"https:\/\/www.enerjigazetesi.ist\/en\/kuzey-irakin-ceyhandan-ihrac-ettigi-petrol-8-milyon-varili-gecti\/","title":{"rendered":"(Turkish) Kuzey Irak\u2019\u0131n Ceyhan&#8217;dan \u0130hra\u00e7 Etti\u011fi Petrol 8 Milyon Varili Ge\u00e7ti!"},"content":{"rendered":"<p class=\"qtranxs-available-languages-message qtranxs-available-languages-message-en\">Sorry, this entry is only available in <a href=\"https:\/\/www.enerjigazetesi.ist\/tr\/wp-json\/wp\/v2\/posts\/30928\" class=\"qtranxs-available-language-link qtranxs-available-language-link-tr\" title=\"Turkish\">Turkish<\/a>. For the sake of viewer convenience, the content is shown below in the alternative language. You may click the link to switch the active language.<\/p><p><strong>Ba\u011fdat\u2019\u0131n itirazlar\u0131na ra\u011fmen, petrol ihracat\u0131na devam eden Erbil\u2019in kargo sat\u0131\u015flar\u0131 s\u00fcrerken, Kuzey Irak\u2019\u0131n Ceyhan liman\u0131ndan d\u00fcnya piyasalar\u0131na ihra\u00e7 etti\u011fi petrol miktar\u0131 d\u00fcnk\u00fc 11. kargo ile birlikte 8 milyon varilin \u00fczerine \u00e7\u0131kt\u0131.<\/strong><span id=\"more-66931\"><\/span><\/p>\n<p>Reuters\u2019a bilgi veren yetkili, \u201cKerk\u00fck-Ceyhan hatt\u0131ndan Kuzey Irak petrollerindeki ak\u0131\u015f sorunsuz \u015fekilde devam ediyor. D\u00fcn 250,000 varil petrol ta\u015f\u0131yan yeni ta<a href=\"https:\/\/www.enerjigazetesi.ist\/wp-content\/uploads\/2014\/08\/kuzey-irakin-ceyhandan-ihrac-ettigi-petrol-8-milyon-varili-gecti.jpg\"><img loading=\"lazy\" class=\"alignleft size-medium wp-image-30929\" src=\"https:\/\/www.enerjigazetesi.ist\/wp-content\/uploads\/2014\/08\/kuzey-irakin-ceyhandan-ihrac-ettigi-petrol-8-milyon-varili-gecti-300x200.jpg\" alt=\"kuzey-irakin-ceyhandan-ihrac-ettigi-petrol-8-milyon-varili-gecti\" width=\"300\" height=\"200\" srcset=\"https:\/\/www.enerjigazetesi.ist\/wp-content\/uploads\/2014\/08\/kuzey-irakin-ceyhandan-ihrac-ettigi-petrol-8-milyon-varili-gecti-300x200.jpg 300w, https:\/\/www.enerjigazetesi.ist\/wp-content\/uploads\/2014\/08\/kuzey-irakin-ceyhandan-ihrac-ettigi-petrol-8-milyon-varili-gecti-500x334.jpg 500w, https:\/\/www.enerjigazetesi.ist\/wp-content\/uploads\/2014\/08\/kuzey-irakin-ceyhandan-ihrac-ettigi-petrol-8-milyon-varili-gecti-74x50.jpg 74w, https:\/\/www.enerjigazetesi.ist\/wp-content\/uploads\/2014\/08\/kuzey-irakin-ceyhandan-ihrac-ettigi-petrol-8-milyon-varili-gecti.jpg 600w\" sizes=\"(max-width: 300px) 100vw, 300px\" \/><\/a>nker de Ceyhan\u2019dan ayr\u0131ld\u0131 ve toplam ihra\u00e7 edilen petrol miktar\u0131 8 milyon varilin \u00fczerine \u00e7\u0131kt\u0131\u201d dedi.<\/p>\n<p>Kuzey Irak\u2019tan Kerk\u00fck-Ceyhan\u2019a ba\u011flanan petrol boru hatt\u0131n\u0131n kapasitesinin art\u0131r\u0131lmas\u0131 i\u00e7in ba\u015flat\u0131lan in\u015faat\u0131n tamamlanmas\u0131yla ara verilen petrol ak\u0131\u015f\u0131 20 A\u011fustos\u2019ta yeniden ba\u015flad\u0131. Ba\u011fdat\u2019\u0131n itiraz\u0131na ra\u011fmen petrol ihracat\u0131na devam eden Erbil\u2019in kargolar\u0131n sat\u0131\u015f\u0131n\u0131 ger\u00e7ekle\u015ftirdi\u011fi belirtiliyor.<\/p>\n<p>Konu hakk\u0131nda bilgi sahibi bir kaynak, hattan petrol ak\u0131\u015f\u0131n\u0131n g\u00fcnl\u00fck 180,000 varile ula\u015ft\u0131\u011f\u0131n\u0131 belirterek, \u201cHacimler artt\u0131 ve k\u0131sa zamanda bunun 200,000 sonra da 250,000 varile \u00e7\u0131kmas\u0131 planlan\u0131yor\u201d dedi.<\/p>\n<p>Hattan petrol ak\u0131\u015f\u0131 kapasite art\u0131\u015f\u0131 \u00f6ncesi g\u00fcnl\u00fck 120,000 varil seviyesinde bulunuyordu. Kaynaklar ve yetkililer, son d\u00f6nemde kargolar\u0131n y\u00fcklenmesinin daha d\u00fczenli hale geldi\u011fine dikkat \u00e7ekiyorlar.<\/p>\n<p>Kaynak: <a href=\"http:\/\/www.milliyet.com.tr\/ceyhan-dan-8-milyon-varil-petrol\/ekonomi\/detay\/1932337\/default.htm\" target=\"_blank\" rel=\"nofollow\">milliyet<\/a><\/p>","protected":false},"excerpt":{"rendered":"<p>Sorry, this entry is only available in Turkish. For the sake of viewer convenience, the content is shown below in the alternative language. You may click the link to switch the active language.Ba\u011fdat\u2019\u0131n itirazlar\u0131na ra\u011fmen, petrol ihracat\u0131na devam eden Erbil\u2019in kargo sat\u0131\u015flar\u0131 s\u00fcrerken, Kuzey Irak\u2019\u0131n Ceyhan liman\u0131ndan d\u00fcnya piyasalar\u0131na ihra\u00e7 etti\u011fi petrol miktar\u0131 d\u00fcnk\u00fc 11. [&hellip;]<\/p>\n","protected":false},"author":1,"featured_media":30929,"comment_status":"open","ping_status":"open","sticky":false,"template":"","format":"standard","meta":[],"categories":[53,44],"tags":[1535,1584,63,67,1009,165,3845,17707,875,746,59,877,79,1704],"views":694,"_links":{"self":[{"href":"https:\/\/www.enerjigazetesi.ist\/en\/wp-json\/wp\/v2\/posts\/30928"}],"collection":[{"href":"https:\/\/www.enerjigazetesi.ist\/en\/wp-json\/wp\/v2\/posts"}],"about":[{"href":"https:\/\/www.enerjigazetesi.ist\/en\/wp-json\/wp\/v2\/types\/post"}],"author":[{"embeddable":true,"href":"https:\/\/www.enerjigazetesi.ist\/en\/wp-json\/wp\/v2\/users\/1"}],"replies":[{"embeddable":true,"href":"https:\/\/www.enerjigazetesi.ist\/en\/wp-json\/wp\/v2\/comments?post=30928"}],"version-history":[{"count":1,"href":"https:\/\/www.enerjigazetesi.ist\/en\/wp-json\/wp\/v2\/posts\/30928\/revisions"}],"predecessor-version":[{"id":30930,"href":"https:\/\/www.enerjigazetesi.ist\/en\/wp-json\/wp\/v2\/posts\/30928\/revisions\/30930"}],"wp:featuredmedia":[{"embeddable":true,"href":"https:\/\/www.enerjigazetesi.ist\/en\/wp-json\/wp\/v2\/media\/30929"}],"wp:attachment":[{"href":"https:\/\/www.enerjigazetesi.ist\/en\/wp-json\/wp\/v2\/media?parent=30928"}],"wp:term":[{"taxonomy":"category","embeddable":true,"href":"https:\/\/www.enerjigazetesi.ist\/en\/wp-json\/wp\/v2\/categories?post=30928"},{"taxonomy":"post_tag","embeddable":true,"href":"https:\/\/www.enerjigazetesi.ist\/en\/wp-json\/wp\/v2\/tags?post=30928"}],"curies":[{"name":"wp","href":"https:\/\/api.w.org\/{rel}","templated":true}]}}