{"id":3089,"date":"2012-11-01T09:41:31","date_gmt":"2012-11-01T06:41:31","guid":{"rendered":"https:\/\/www.enerjigazetesi.ist\/?p=3089"},"modified":"2012-11-01T09:43:10","modified_gmt":"2012-11-01T06:43:10","slug":"enerji-kendi-modasini-yaratti","status":"publish","type":"post","link":"https:\/\/www.enerjigazetesi.ist\/en\/enerji-kendi-modasini-yaratti\/","title":{"rendered":"(Turkish) Enerji Kendi Modas\u0131n\u0131 Yaratt\u0131"},"content":{"rendered":"<p class=\"qtranxs-available-languages-message qtranxs-available-languages-message-en\">Sorry, this entry is only available in <a href=\"https:\/\/www.enerjigazetesi.ist\/tr\/wp-json\/wp\/v2\/posts\/3089\" class=\"qtranxs-available-language-link qtranxs-available-language-link-tr\" title=\"Turkish\">Turkish<\/a>. For the sake of viewer convenience, the content is shown below in the alternative language. You may click the link to switch the active language.<\/p><p><\/p>\n<div>\n<h4>D\u00fcnya moda devi Chanel, Paris Moda Haftas\u0131\u2019ndaki defilesinde enerji r\u00fczgarlar\u0131 estirdi.<\/h4>\n<p>Her biri 19 metre uzunlu\u011fundaki 13 dev r\u00fczgar t\u00fcrbinini podyuma dizen markan\u0131n yarat\u0131c\u0131 direkt\u00f6r\u00fc Karl Lagerfeld\u2019in s\u00fcrprizi sadece bununla s\u0131n\u0131rl\u0131 de\u011fildi. Mankenlerin \u00fczerinde y\u00fcr\u00fcd\u00fc\u011f\u00fc podyum da g\u00fcne\u015f enerjisi panellerinden olu\u015fuyordu.<\/p>\n<p><img loading=\"lazy\" class=\"alignright size-medium wp-image-3090\" title=\"enerji-kendi-modasini-yaratti\" src=\"https:\/\/www.enerjigazetesi.ist\/wp-content\/uploads\/2012\/11\/enerji-kendi-modasini-yaratti-300x182.jpg\" alt=\"\" width=\"300\" height=\"182\" srcset=\"https:\/\/www.enerjigazetesi.ist\/wp-content\/uploads\/2012\/11\/enerji-kendi-modasini-yaratti-300x182.jpg 300w, https:\/\/www.enerjigazetesi.ist\/wp-content\/uploads\/2012\/11\/enerji-kendi-modasini-yaratti-80x48.jpg 80w, https:\/\/www.enerjigazetesi.ist\/wp-content\/uploads\/2012\/11\/enerji-kendi-modasini-yaratti.jpg 396w\" sizes=\"(max-width: 300px) 100vw, 300px\" \/><\/p>\n<p>&nbsp;<\/p>\n<p>\u00a0Defilede sergiledi\u011fi koleksiyonda da yenilenebilir enerji motifleri i\u015fleyen Chanel, b\u00f6ylece en kolay yoldan \u015firketin ye\u015fil bir anlay\u0131\u015fa sahip oldu\u011funun da mesaj\u0131n\u0131 verdi.<\/p>\n<p>Kaynak: <a href=\"http:\/\/www.enerjidergisi.com.tr\/haber\/2012\/10\/enerji-kendi-modasini-yaratti\" target=\"_blank\">Enerji Dergisi\u00a0<\/a><\/p>\n<\/div>\n<p><\/p>","protected":false},"excerpt":{"rendered":"<p>Sorry, this entry is only available in Turkish. For the sake of viewer convenience, the content is shown below in the alternative language. You may click the link to switch the active language. D\u00fcnya moda devi Chanel, Paris Moda Haftas\u0131\u2019ndaki defilesinde enerji r\u00fczgarlar\u0131 estirdi. Her biri 19 metre uzunlu\u011fundaki 13 dev r\u00fczgar t\u00fcrbinini podyuma dizen [&hellip;]<\/p>\n","protected":false},"author":1,"featured_media":3090,"comment_status":"open","ping_status":"open","sticky":false,"template":"","format":"standard","meta":[],"categories":[53],"tags":[879,142,17],"views":699,"_links":{"self":[{"href":"https:\/\/www.enerjigazetesi.ist\/en\/wp-json\/wp\/v2\/posts\/3089"}],"collection":[{"href":"https:\/\/www.enerjigazetesi.ist\/en\/wp-json\/wp\/v2\/posts"}],"about":[{"href":"https:\/\/www.enerjigazetesi.ist\/en\/wp-json\/wp\/v2\/types\/post"}],"author":[{"embeddable":true,"href":"https:\/\/www.enerjigazetesi.ist\/en\/wp-json\/wp\/v2\/users\/1"}],"replies":[{"embeddable":true,"href":"https:\/\/www.enerjigazetesi.ist\/en\/wp-json\/wp\/v2\/comments?post=3089"}],"version-history":[{"count":4,"href":"https:\/\/www.enerjigazetesi.ist\/en\/wp-json\/wp\/v2\/posts\/3089\/revisions"}],"predecessor-version":[{"id":3094,"href":"https:\/\/www.enerjigazetesi.ist\/en\/wp-json\/wp\/v2\/posts\/3089\/revisions\/3094"}],"wp:featuredmedia":[{"embeddable":true,"href":"https:\/\/www.enerjigazetesi.ist\/en\/wp-json\/wp\/v2\/media\/3090"}],"wp:attachment":[{"href":"https:\/\/www.enerjigazetesi.ist\/en\/wp-json\/wp\/v2\/media?parent=3089"}],"wp:term":[{"taxonomy":"category","embeddable":true,"href":"https:\/\/www.enerjigazetesi.ist\/en\/wp-json\/wp\/v2\/categories?post=3089"},{"taxonomy":"post_tag","embeddable":true,"href":"https:\/\/www.enerjigazetesi.ist\/en\/wp-json\/wp\/v2\/tags?post=3089"}],"curies":[{"name":"wp","href":"https:\/\/api.w.org\/{rel}","templated":true}]}}