{"id":30877,"date":"2014-08-27T17:28:34","date_gmt":"2014-08-27T14:28:34","guid":{"rendered":"https:\/\/www.enerjigazetesi.ist\/?p=30877"},"modified":"2014-08-27T17:28:34","modified_gmt":"2014-08-27T14:28:34","slug":"ahlde-yolcu-artti-karbon-salimi-azaldi","status":"publish","type":"post","link":"https:\/\/www.enerjigazetesi.ist\/en\/ahlde-yolcu-artti-karbon-salimi-azaldi\/","title":{"rendered":"(Turkish) AHL`de Yolcu Artt\u0131 Karbon Sal\u0131m\u0131 Azald\u0131!"},"content":{"rendered":"<p class=\"qtranxs-available-languages-message qtranxs-available-languages-message-en\">Sorry, this entry is only available in <a href=\"https:\/\/www.enerjigazetesi.ist\/tr\/wp-json\/wp\/v2\/posts\/30877\" class=\"qtranxs-available-language-link qtranxs-available-language-link-tr\" title=\"Turkish\">Turkish<\/a>. For the sake of viewer convenience, the content is shown below in the alternative language. You may click the link to switch the active language.<\/p><p><strong>TAV Havalimanlar\u0131 \u0130\u015fletmesi hizmet verdi\u011fi yolcu say\u0131s\u0131 y\u00fczde 14 artmas\u0131na ra\u011fmen, enerjinin verimli kullan\u0131m\u0131yla karbon sal\u0131m\u0131n\u0131 y\u00fczde 4.6 azaltt\u0131. TAV Havalimanlar\u0131 taraf\u0131ndan i\u015fletilen \u0130stanbul Atat\u00fcrk Havaliman\u0131 karbon sal\u0131m\u0131n\u0131 azaltma y\u00f6n\u00fcndeki \u00e7al\u0131\u015fmalar\u0131n\u0131 sertifikaland\u0131rd\u0131. Avrupa\u2019daki havaliman\u0131 i\u015fletmelerinin \u00e7at\u0131 \u00f6rg\u00fct\u00fc ACI Europe taraf\u0131ndan ba\u015flat\u0131lan Havaliman\u0131 Karbon Akreditasyonu (ACA) program\u0131nda \u00fc\u00e7\u00fcnc\u00fc seviyeye y\u00fckseldi.<\/strong><\/p>\n<p>TAV \u0130stanbul Genel M\u00fcd\u00fcr\u00fc Kemal \u00dcnl\u00fc &#8220;TAV Havalimanlar\u0131 olarak, ba\u015flang\u0131\u00e7tan bu yana s\u00fcrd\u00fcr\u00fclebilirli\u011fi t\u00fcm operasyonlar\u0131m\u0131z\u0131n oda\u011f\u0131na al\u0131yoruz. Payda\u015flar\u0131m\u0131z\u0131n i\u00e7in en y\u00fcksek de\u011feri yarat\u0131rken, faaliyetlerimizin \u00e7evresel etkilerini en aza indirmek \u00fczere kapsaml\u0131 programlar y\u00fcr\u00fct\u00fcyoruz. Bu sayede ge\u00e7en y\u0131l hizmet verdi\u011fimiz yolcu say\u0131s\u0131 y\u00fczde 14 art\u0131\u015fla 51,3 milyona ula\u015f\u0131rken, toplam karbon sal\u0131m\u0131m\u0131z\u0131 y\u00fczde 4.6 azaltmay\u0131 ba\u015fard\u0131k&#8221; dedi.<\/p>\n<p><strong><i>KONFORDAN \u00d6D\u00dcN VERMEDEN<\/i><\/strong><\/p>\n<p>\u00dcnl\u00fc, enerji verimlili\u011fini, yolcu konforundan \u00f6d\u00fcn vermeksizin, yenilik\u00e7i uygulamalarla art\u0131rmay\u0131 ba\u015fard\u0131klar\u0131n\u0131 da vurgularken, &#8220;Payda\u015flar\u0131m\u0131zla i\u015fbirli\u011fi yaparak Havaliman\u0131 Karbon Akreditasyonu program\u0131nda bir seviye daha ilerledik. T\u00fcrkiye\u2019nin ve \u0130stanbul\u2019un ana giri\u015f kap\u0131s\u0131 olan Atat\u00fc<a href=\"https:\/\/www.enerjigazetesi.ist\/wp-content\/uploads\/2014\/08\/ahlde-yolcu-artti-karbon-salimi-azaldi.jpg\"><img loading=\"lazy\" class=\"alignleft size-medium wp-image-30878\" src=\"https:\/\/www.enerjigazetesi.ist\/wp-content\/uploads\/2014\/08\/ahlde-yolcu-artti-karbon-salimi-azaldi-300x214.jpg\" alt=\"ahlde-yolcu-artti-karbon-salimi-azaldi\" width=\"300\" height=\"214\" srcset=\"https:\/\/www.enerjigazetesi.ist\/wp-content\/uploads\/2014\/08\/ahlde-yolcu-artti-karbon-salimi-azaldi-300x214.jpg 300w, https:\/\/www.enerjigazetesi.ist\/wp-content\/uploads\/2014\/08\/ahlde-yolcu-artti-karbon-salimi-azaldi-69x50.jpg 69w, https:\/\/www.enerjigazetesi.ist\/wp-content\/uploads\/2014\/08\/ahlde-yolcu-artti-karbon-salimi-azaldi.jpg 448w\" sizes=\"(max-width: 300px) 100vw, 300px\" \/><\/a>rk Havaliman\u0131\u2019n\u0131n hizmet kalitesinin yan\u0131 s\u0131ra \u00e7evreci yakla\u015f\u0131m\u0131yla da Avrupa\u2019n\u0131n say\u0131l\u0131 havalimanlar\u0131 aras\u0131na girmesinden mutluluk duyuyoruz&#8221; diye konu\u015ftu.<\/p>\n<p>TAV Havalimanlar\u0131, 2009\u2019da uygulamaya giren Havaliman\u0131 Karbon Akreditasyonu program\u0131nda ba\u015flang\u0131c\u0131ndan bu yana aktif \u015fekilde yer al\u0131yor. T\u00fcrkiye\u2019de \u0130stanbul Atat\u00fcrk, Ankara Esenbo\u011fa ve \u0130zmir Adnan Menderes\u2019le programa kat\u0131lan TAV, Tunus\u2019ta i\u015fletti\u011fi Enfidha ile Afrika k\u0131tas\u0131nda sertifikasyon alan ilk havaliman\u0131 i\u015fletmecisi unvan\u0131na da sahip. TAV \u0130stanbul, T\u00fcrkiye\u2019de ISO50001:2011 Enerji Y\u00f6netimi Sistemi sertifikas\u0131 alan ilk havaliman\u0131 i\u015fletmesi konumunda.<\/p>\n<p>Haziran 2014 itibariyle d\u00f6rt k\u0131tadaki 102 havaliman\u0131 programda yer al\u0131yor. Programdaki havalimanlar\u0131 k\u00fcresel yolcu trafi\u011finin y\u00fczde 23,6\u2019\u0131n\u0131 temsil ediyor. \u00dcye havalimanlar\u0131 2013\u2019te y\u00fcr\u00fctt\u00fckleri \u00e7al\u0131\u015fmalarla karbon sal\u0131mlar\u0131n\u0131 toplam 133 bin 599 ton azaltt\u0131. Bu miktar 3 milyon 400 bin a\u011fac\u0131n 10 y\u0131lda so\u011furdu\u011fu karbondioksit miktar\u0131na e\u015fde\u011fer.<\/p>\n<p>D\u00fcnyan\u0131n \u00f6nde gelen havaliman\u0131 i\u015fletmecileri aras\u0131nda yer alan TAV Havalimanlar\u0131, T\u00fcrkiye\u2019de \u0130stanbul Atat\u00fcrk, Ankara Esenbo\u011fa, \u0130zmir Adnan Menderes, Milas Bodrum ve Antalya Gazipa\u015fa havalimanlar\u0131n\u0131 i\u015fletiyor.<\/p>\n<p>TAV yurtd\u0131\u015f\u0131nda ise G\u00fcrcistan\u2019\u0131n Tiflis ve Batum, Tunus\u2019un Monast\u0131r ve Enfidha-Hammamet, Makedonya\u2019n\u0131n \u00dcsk\u00fcp ile Ohrid, Suudi Arabistan\u2019\u0131n Medine Havaliman\u0131 ve H\u0131rvatistan\u2019\u0131n Zagreb Havaliman\u0131\u2019nda faaliyet g\u00f6steriyor.<\/p>\n<p>Holding, duty free, yiyecek-i\u00e7ecek hizmetleri, yer hizmetleri, bili\u015fim, g\u00fcvenlik ve i\u015fletme hizmetleri gibi havaliman\u0131 operasyonunun di\u011fer alanlar\u0131nda da faaliyet g\u00f6steriyor. Bu \u00e7er\u00e7evede TAV Havalimanlar\u0131, Letonya\u2019n\u0131n Riga Havaliman\u0131\u2019nda da duty free, yiyecek i\u00e7ecek ve di\u011fer ticari alanlar\u0131n i\u015fletmesini ger\u00e7ekle\u015ftiriyor. \u015eirket 2013\u2019de i\u015ftirakleriyle birlikte yakla\u015f\u0131k 652 bin u\u00e7ak seferine ve yakla\u015f\u0131k 84 milyon yolcuya hizmet sundu.<\/p>\n<p>Yay\u0131nc\u0131: <a href=\"https:\/\/www.enerjigazetesi.ist\" target=\"_blank\">Enerji Gazetesi<\/a><\/p>","protected":false},"excerpt":{"rendered":"<p>Sorry, this entry is only available in Turkish. For the sake of viewer convenience, the content is shown below in the alternative language. You may click the link to switch the active language.TAV Havalimanlar\u0131 \u0130\u015fletmesi hizmet verdi\u011fi yolcu say\u0131s\u0131 y\u00fczde 14 artmas\u0131na ra\u011fmen, enerjinin verimli kullan\u0131m\u0131yla karbon sal\u0131m\u0131n\u0131 y\u00fczde 4.6 azaltt\u0131. TAV Havalimanlar\u0131 taraf\u0131ndan i\u015fletilen [&hellip;]<\/p>\n","protected":false},"author":1,"featured_media":30878,"comment_status":"open","ping_status":"open","sticky":false,"template":"","format":"standard","meta":[],"categories":[53,52],"tags":[17663,4816,63,67,1009,165,12,10929,17664,10846,8083,9642,908,17662,793,97],"views":827,"_links":{"self":[{"href":"https:\/\/www.enerjigazetesi.ist\/en\/wp-json\/wp\/v2\/posts\/30877"}],"collection":[{"href":"https:\/\/www.enerjigazetesi.ist\/en\/wp-json\/wp\/v2\/posts"}],"about":[{"href":"https:\/\/www.enerjigazetesi.ist\/en\/wp-json\/wp\/v2\/types\/post"}],"author":[{"embeddable":true,"href":"https:\/\/www.enerjigazetesi.ist\/en\/wp-json\/wp\/v2\/users\/1"}],"replies":[{"embeddable":true,"href":"https:\/\/www.enerjigazetesi.ist\/en\/wp-json\/wp\/v2\/comments?post=30877"}],"version-history":[{"count":1,"href":"https:\/\/www.enerjigazetesi.ist\/en\/wp-json\/wp\/v2\/posts\/30877\/revisions"}],"predecessor-version":[{"id":30879,"href":"https:\/\/www.enerjigazetesi.ist\/en\/wp-json\/wp\/v2\/posts\/30877\/revisions\/30879"}],"wp:featuredmedia":[{"embeddable":true,"href":"https:\/\/www.enerjigazetesi.ist\/en\/wp-json\/wp\/v2\/media\/30878"}],"wp:attachment":[{"href":"https:\/\/www.enerjigazetesi.ist\/en\/wp-json\/wp\/v2\/media?parent=30877"}],"wp:term":[{"taxonomy":"category","embeddable":true,"href":"https:\/\/www.enerjigazetesi.ist\/en\/wp-json\/wp\/v2\/categories?post=30877"},{"taxonomy":"post_tag","embeddable":true,"href":"https:\/\/www.enerjigazetesi.ist\/en\/wp-json\/wp\/v2\/tags?post=30877"}],"curies":[{"name":"wp","href":"https:\/\/api.w.org\/{rel}","templated":true}]}}