{"id":30761,"date":"2014-08-23T19:56:49","date_gmt":"2014-08-23T16:56:49","guid":{"rendered":"https:\/\/www.enerjigazetesi.ist\/?p=30761"},"modified":"2014-08-23T19:56:49","modified_gmt":"2014-08-23T16:56:49","slug":"turkiye-tarim-kredi-kooperatiflerinden-25-gwlik-anlasma","status":"publish","type":"post","link":"https:\/\/www.enerjigazetesi.ist\/en\/turkiye-tarim-kredi-kooperatiflerinden-25-gwlik-anlasma\/","title":{"rendered":"(Turkish) T\u00fcrkiye Tar\u0131m Kredi Kooperatifleri&#8217;nden 2,5 GW\u2019l\u0131k Anla\u015fma!"},"content":{"rendered":"<p class=\"qtranxs-available-languages-message qtranxs-available-languages-message-en\">Sorry, this entry is only available in <a href=\"https:\/\/www.enerjigazetesi.ist\/tr\/wp-json\/wp\/v2\/posts\/30761\" class=\"qtranxs-available-language-link qtranxs-available-language-link-tr\" title=\"Turkish\">Turkish<\/a>. For the sake of viewer convenience, the content is shown below in the alternative language. You may click the link to switch the active language.<\/p><p><strong>T\u00fcrkiye Tar\u0131m Kredi Kooperatifleri (TTKK) ile ILB Helios Enerji Ltd. \u015eti. aras\u0131nda 2.500 MW\u2019l\u0131k g\u00fcne\u015f elektri\u011fi santrali geli\u015ftirilmesi i\u00e7in anla\u015fma imzaland\u0131\u011f\u0131 a\u00e7\u0131kland\u0131. TTKK taraf\u0131ndan yap\u0131lan yaz\u0131l\u0131 a\u00e7\u0131klamada 2.500 \u00e7ift\u00e7i ailesini ilgilendiren projenin 3 y\u0131l i\u00e7inde tamamlanaca\u011f\u0131 bildirildi.<\/strong><\/p>\n<p>Projenin 500 MW\u2019l\u0131k ilk b\u00f6l\u00fcm\u00fcn\u00fcn 2014 y\u0131l\u0131nda, 1.000 MW\u2019l\u0131k ikinci b\u00f6l\u00fcm\u00fcn\u00fcn 2015 y\u0131l\u0131nda ve 1.000 MW\u2019l\u0131k son b\u00f6l\u00fcm\u00fcn\u00fcn ise 2017 y\u0131l\u0131nda devreye al\u0131nmas\u0131 planlan\u0131yor.<a href=\"https:\/\/www.enerjigazetesi.ist\/wp-content\/uploads\/2014\/08\/turkiye-tarim-kredi-kooperatiflerinden-25-gwlik-anlasma.jpg\"><img loading=\"lazy\" class=\"alignright size-medium wp-image-30762\" src=\"https:\/\/www.enerjigazetesi.ist\/wp-content\/uploads\/2014\/08\/turkiye-tarim-kredi-kooperatiflerinden-25-gwlik-anlasma-300x192.jpg\" alt=\"turkiye-tarim-kredi-kooperatiflerinden-25-gwlik-anlasma\" width=\"300\" height=\"192\" srcset=\"https:\/\/www.enerjigazetesi.ist\/wp-content\/uploads\/2014\/08\/turkiye-tarim-kredi-kooperatiflerinden-25-gwlik-anlasma-300x192.jpg 300w, https:\/\/www.enerjigazetesi.ist\/wp-content\/uploads\/2014\/08\/turkiye-tarim-kredi-kooperatiflerinden-25-gwlik-anlasma-78x50.jpg 78w, https:\/\/www.enerjigazetesi.ist\/wp-content\/uploads\/2014\/08\/turkiye-tarim-kredi-kooperatiflerinden-25-gwlik-anlasma.jpg 390w\" sizes=\"(max-width: 300px) 100vw, 300px\" \/><\/a><\/p>\n<p>A\u00e7\u0131klamaya g\u00f6re proje kapsam\u0131nda, her 1 MW\u2019l\u0131k santral kurulumu i\u00e7in 2,2 hektar olmak \u00fczere toplamda 5.500 hektarl\u0131k arazi kiralanacak.<\/p>\n<p>TTKK proje kapsam\u0131nda santrallerin g\u00fcvenlik, mod\u00fcl temizleme, bitki \u00f6rt\u00fcs\u00fc y\u00f6netimi hizmetlerini y\u00fcr\u00fctecek \u00e7ift\u00e7ileri belirleyecek ve gerekli e\u011fitimlerin verilmesini sa\u011flayacak. Kurum ayn\u0131 zamanda \u00e7ift\u00e7iler ile firma aras\u0131nda anla\u015fma yap\u0131lmas\u0131na da destek verecek ve gerekli organizasyonlar\u0131 \u00fcstlenecek.<\/p>\n<p>Konu ile ilgili yap\u0131lan a\u00e7\u0131klamada de\u011ferlendirmesi yer alan T\u00fcrkiye Tar\u0131m Kredi Kooperatifleri Genel M\u00fcd\u00fcr\u00fc Abdullah Kutlu \u015funlar\u0131 s\u00f6yledi;<\/p>\n<p>\u201cBu projeyi \u00e7ok \u00f6nemsiyoruz ve Tar\u0131m Kredi olarak sahipleniyoruz. Bu do\u011frultuda g\u00fczel bir a\u015fama kaydettik. T\u00fcrkiye Tar\u0131m Kredi Kooperatifleri, T\u00fcrkiye\u2019nin her yerinde yap\u0131lanmas\u0131 bulunan \u00e7ok g\u00fc\u00e7l\u00fc bir kurum. Kar\u015f\u0131l\u0131kl\u0131 g\u00fcven ve liyakat \u00e7er\u00e7evesinde bu i\u015fbirli\u011finin ba\u015far\u0131l\u0131 i\u015flere imza ataca\u011f\u0131na inan\u0131yorum. Bu projeyi tamamlayabilecek g\u00fcce sahip bir kurumuz. \u0130nan\u0131yoruz ki bu proje amac\u0131na ula\u015facakt\u0131r. Bu s\u00fcrecin herhangi bir sekteye u\u011framamas\u0131 i\u00e7in elimizden gelen her \u015feyi yapmaya haz\u0131r\u0131z. Bu anla\u015fman\u0131n imzalanmas\u0131nda eme\u011fi ge\u00e7en herkese te\u015fekk\u00fcr ediyorum.\u201d<\/p>\n<p>T\u00fcrkiye Ticaret Sicili Gazetesi kay\u0131tlar\u0131na g\u00f6re Ankara merkezli olarak kurulan ILB Helios Enerji Ltd. \u015eti. \u0130svi\u00e7re merkezli ILB Helios AG, Qalvida Holding AG ile T\u00fcrkiye merkezli G\u00fcne\u015f Grup Proje Enerji M\u00fchendislik Dan\u0131\u015fmanl\u0131k \u015eirketi ortakl\u0131\u011f\u0131ndan olu\u015fuyor.<\/p>\n<p>Bununla birlikte ILB Helios ile Hareon Solar aras\u0131nda ge\u00e7en ay 6,2 GW&#8217;l\u0131k panel tedarik anla\u015fmas\u0131 imzalanm\u0131\u015ft\u0131.<\/p>\n<p>Taraflardan anla\u015fma ile ilgili olarak yap\u0131lan a\u00e7\u0131klamada ILB Helios&#8217;un Hareon Solar&#8217;dan tedarik edece\u011fi panellerin 3.375 MW&#8217;l\u0131k b\u00f6l\u00fcm\u00fcn\u00fc 2014-2017 aras\u0131nda T\u00fcrkiye&#8217;de ger\u00e7ekle\u015ftirece\u011fi projelerde kullanaca\u011f\u0131 bildirilmi\u015fti.<\/p>\n<p>Anla\u015fman\u0131n detaylar\u0131na g\u00f6re ise ILB Helios bu panellerin 225 MW&#8217;l\u0131k k\u0131sm\u0131n\u0131 2014 y\u0131l\u0131nda, 1.250 MW&#8217;l\u0131k k\u0131sm\u0131n\u0131 2015 y\u0131l\u0131nda, 1.550 MW&#8217;l\u0131k k\u0131sm\u0131n\u0131 2016 y\u0131l\u0131nda ve 350 MW&#8217;l\u0131k k\u0131sm\u0131n\u0131 2017 y\u0131l\u0131nda kullanmay\u0131 planl\u0131yor.<\/p>\n<p>Kaynak: <a href=\"http:\/\/www.yesilekonomi.com\/gunes-elektrigi\/turkiye-tarim-kredi-kooperatifleri-25-gwlik-gunes-elektrigi-gucu-icin-anlasma-imzaladi\" target=\"_blank\" rel=\"nofollow\">Ye\u015fil Ekonomi<\/a><\/p>","protected":false},"excerpt":{"rendered":"<p>Sorry, this entry is only available in Turkish. For the sake of viewer convenience, the content is shown below in the alternative language. You may click the link to switch the active language.T\u00fcrkiye Tar\u0131m Kredi Kooperatifleri (TTKK) ile ILB Helios Enerji Ltd. \u015eti. aras\u0131nda 2.500 MW\u2019l\u0131k g\u00fcne\u015f elektri\u011fi santrali geli\u015ftirilmesi i\u00e7in anla\u015fma imzaland\u0131\u011f\u0131 a\u00e7\u0131kland\u0131. TTKK [&hellip;]<\/p>\n","protected":false},"author":1,"featured_media":30762,"comment_status":"open","ping_status":"open","sticky":false,"template":"","format":"standard","meta":[],"categories":[53,49],"tags":[63,67,1009,165,2326,227,8079,13,17569,17571,17570],"views":949,"_links":{"self":[{"href":"https:\/\/www.enerjigazetesi.ist\/en\/wp-json\/wp\/v2\/posts\/30761"}],"collection":[{"href":"https:\/\/www.enerjigazetesi.ist\/en\/wp-json\/wp\/v2\/posts"}],"about":[{"href":"https:\/\/www.enerjigazetesi.ist\/en\/wp-json\/wp\/v2\/types\/post"}],"author":[{"embeddable":true,"href":"https:\/\/www.enerjigazetesi.ist\/en\/wp-json\/wp\/v2\/users\/1"}],"replies":[{"embeddable":true,"href":"https:\/\/www.enerjigazetesi.ist\/en\/wp-json\/wp\/v2\/comments?post=30761"}],"version-history":[{"count":1,"href":"https:\/\/www.enerjigazetesi.ist\/en\/wp-json\/wp\/v2\/posts\/30761\/revisions"}],"predecessor-version":[{"id":30763,"href":"https:\/\/www.enerjigazetesi.ist\/en\/wp-json\/wp\/v2\/posts\/30761\/revisions\/30763"}],"wp:featuredmedia":[{"embeddable":true,"href":"https:\/\/www.enerjigazetesi.ist\/en\/wp-json\/wp\/v2\/media\/30762"}],"wp:attachment":[{"href":"https:\/\/www.enerjigazetesi.ist\/en\/wp-json\/wp\/v2\/media?parent=30761"}],"wp:term":[{"taxonomy":"category","embeddable":true,"href":"https:\/\/www.enerjigazetesi.ist\/en\/wp-json\/wp\/v2\/categories?post=30761"},{"taxonomy":"post_tag","embeddable":true,"href":"https:\/\/www.enerjigazetesi.ist\/en\/wp-json\/wp\/v2\/tags?post=30761"}],"curies":[{"name":"wp","href":"https:\/\/api.w.org\/{rel}","templated":true}]}}