{"id":30754,"date":"2014-08-23T19:46:39","date_gmt":"2014-08-23T16:46:39","guid":{"rendered":"https:\/\/www.enerjigazetesi.ist\/?p=30754"},"modified":"2014-08-23T19:46:39","modified_gmt":"2014-08-23T16:46:39","slug":"almanyanin-gunes-elektrigi-gucundeki-artis-ilk-yarida-1-gwi-gecti","status":"publish","type":"post","link":"https:\/\/www.enerjigazetesi.ist\/en\/almanyanin-gunes-elektrigi-gucundeki-artis-ilk-yarida-1-gwi-gecti\/","title":{"rendered":"(Turkish) Almanya&#8217;n\u0131n G\u00fcne\u015f Elektri\u011fi G\u00fcc\u00fcndeki Art\u0131\u015f \u0130lk Yar\u0131da 1 GW&#8217;\u0131 Ge\u00e7ti!"},"content":{"rendered":"<p class=\"qtranxs-available-languages-message qtranxs-available-languages-message-en\">Sorry, this entry is only available in <a href=\"https:\/\/www.enerjigazetesi.ist\/tr\/wp-json\/wp\/v2\/posts\/30754\" class=\"qtranxs-available-language-link qtranxs-available-language-link-tr\" title=\"Turkish\">Turkish<\/a>. For the sake of viewer convenience, the content is shown below in the alternative language. You may click the link to switch the active language.<\/p><p><strong>Almanya&#8217;n\u0131n g\u00fcne\u015f elektri\u011fi kurulu g\u00fcc\u00fcn\u00fcn 2014&#8217;\u00fcn ilk alt\u0131 ay\u0131nda 1.015,282 MW artarak <a href=\"https:\/\/www.enerjigazetesi.ist\/wp-content\/uploads\/2014\/08\/almanyanin-gunes-elektrigi-gucundeki-artis-ilk-yarida-1-gwi-gecti.jpg\"><img loading=\"lazy\" class=\"alignright size-medium wp-image-30755\" src=\"https:\/\/www.enerjigazetesi.ist\/wp-content\/uploads\/2014\/08\/almanyanin-gunes-elektrigi-gucundeki-artis-ilk-yarida-1-gwi-gecti-300x200.jpg\" alt=\"almanyanin-gunes-elektrigi-gucundeki-artis-ilk-yarida-1-gwi-gecti\" width=\"300\" height=\"200\" srcset=\"https:\/\/www.enerjigazetesi.ist\/wp-content\/uploads\/2014\/08\/almanyanin-gunes-elektrigi-gucundeki-artis-ilk-yarida-1-gwi-gecti-300x200.jpg 300w, https:\/\/www.enerjigazetesi.ist\/wp-content\/uploads\/2014\/08\/almanyanin-gunes-elektrigi-gucundeki-artis-ilk-yarida-1-gwi-gecti-74x50.jpg 74w, https:\/\/www.enerjigazetesi.ist\/wp-content\/uploads\/2014\/08\/almanyanin-gunes-elektrigi-gucundeki-artis-ilk-yarida-1-gwi-gecti.jpg 374w\" sizes=\"(max-width: 300px) 100vw, 300px\" \/><\/a>toplamda 36.708 MW&#8217;a y\u00fckseldi\u011fi bildirildi.<\/strong><\/p>\n<p>Almanya Federal Elektrik \u0130letim \u015eirketi (<em>Bundesnetzagentur<\/em>, BNetzA) taraf\u0131ndan a\u00e7\u0131klanan verilere g\u00f6re \u00fclkede Haziran ay\u0131nda, elektrik \u015febekesine ba\u011fl\u0131 olarak<br \/>\ndevreye giren kurulumlar\u0131n toplam kurulu g\u00fcc\u00fc ise 188,579 MW oldu.<\/p>\n<p>\u00dclkenin g\u00fcne\u015f elektri\u011fi kurulu g\u00fcc\u00fc 2013 Haziran ay\u0131nda 309,240 MW, 2012&#8217;nin Haziran ay\u0131nda ise 1.790,921 MW artm\u0131\u015ft\u0131.<\/p>\n<p>2013&#8217;\u00fcn tamam\u0131nda g\u00fcne\u015f elektri\u011fi kurulu g\u00fcc\u00fc 3.302,826 MW artarak toplamda 35.692 MW seviyesine y\u00fckselmi\u015fti.<\/p>\n<p>Kaynak: <a href=\"http:\/\/www.yesilekonomi.com\/gunes-elektrigi\/almanyanin-gunes-elektrigi-gucundeki-artis-ilk-yarida-1-gwi-gecti\" target=\"_blank\" rel=\"nofollow\">Ye\u015fil Ekonomi<\/a><\/p>","protected":false},"excerpt":{"rendered":"<p>Sorry, this entry is only available in Turkish. For the sake of viewer convenience, the content is shown below in the alternative language. You may click the link to switch the active language.Almanya&#8217;n\u0131n g\u00fcne\u015f elektri\u011fi kurulu g\u00fcc\u00fcn\u00fcn 2014&#8217;\u00fcn ilk alt\u0131 ay\u0131nda 1.015,282 MW artarak toplamda 36.708 MW&#8217;a y\u00fckseldi\u011fi bildirildi. Almanya Federal Elektrik \u0130letim \u015eirketi (Bundesnetzagentur, [&hellip;]<\/p>\n","protected":false},"author":1,"featured_media":30755,"comment_status":"open","ping_status":"open","sticky":false,"template":"","format":"standard","meta":[],"categories":[53,49],"tags":[929,63,67,1009,165,227,1169,13],"views":823,"_links":{"self":[{"href":"https:\/\/www.enerjigazetesi.ist\/en\/wp-json\/wp\/v2\/posts\/30754"}],"collection":[{"href":"https:\/\/www.enerjigazetesi.ist\/en\/wp-json\/wp\/v2\/posts"}],"about":[{"href":"https:\/\/www.enerjigazetesi.ist\/en\/wp-json\/wp\/v2\/types\/post"}],"author":[{"embeddable":true,"href":"https:\/\/www.enerjigazetesi.ist\/en\/wp-json\/wp\/v2\/users\/1"}],"replies":[{"embeddable":true,"href":"https:\/\/www.enerjigazetesi.ist\/en\/wp-json\/wp\/v2\/comments?post=30754"}],"version-history":[{"count":1,"href":"https:\/\/www.enerjigazetesi.ist\/en\/wp-json\/wp\/v2\/posts\/30754\/revisions"}],"predecessor-version":[{"id":30756,"href":"https:\/\/www.enerjigazetesi.ist\/en\/wp-json\/wp\/v2\/posts\/30754\/revisions\/30756"}],"wp:featuredmedia":[{"embeddable":true,"href":"https:\/\/www.enerjigazetesi.ist\/en\/wp-json\/wp\/v2\/media\/30755"}],"wp:attachment":[{"href":"https:\/\/www.enerjigazetesi.ist\/en\/wp-json\/wp\/v2\/media?parent=30754"}],"wp:term":[{"taxonomy":"category","embeddable":true,"href":"https:\/\/www.enerjigazetesi.ist\/en\/wp-json\/wp\/v2\/categories?post=30754"},{"taxonomy":"post_tag","embeddable":true,"href":"https:\/\/www.enerjigazetesi.ist\/en\/wp-json\/wp\/v2\/tags?post=30754"}],"curies":[{"name":"wp","href":"https:\/\/api.w.org\/{rel}","templated":true}]}}