{"id":30632,"date":"2014-08-19T18:53:56","date_gmt":"2014-08-19T15:53:56","guid":{"rendered":"https:\/\/www.enerjigazetesi.ist\/?p=30632"},"modified":"2014-08-19T18:54:16","modified_gmt":"2014-08-19T15:54:16","slug":"yenilenebilir-enerji-alanindaki-muhendislere-ihtiyac-artiyor","status":"publish","type":"post","link":"https:\/\/www.enerjigazetesi.ist\/en\/yenilenebilir-enerji-alanindaki-muhendislere-ihtiyac-artiyor\/","title":{"rendered":"(Turkish) Yenilenebilir Enerji Alan\u0131ndaki M\u00fchendislere \u0130htiya\u00e7 Art\u0131yor&#8230;"},"content":{"rendered":"<p class=\"qtranxs-available-languages-message qtranxs-available-languages-message-en\">Sorry, this entry is only available in <a href=\"https:\/\/www.enerjigazetesi.ist\/tr\/wp-json\/wp\/v2\/posts\/30632\" class=\"qtranxs-available-language-link qtranxs-available-language-link-tr\" title=\"Turkish\">Turkish<\/a>. For the sake of viewer convenience, the content is shown below in the alternative language. You may click the link to switch the active language.<\/p><p><strong>G\u00fcn\u00fcm\u00fczde olduk\u00e7a \u00f6nem arz eden r\u00fczg\u00e2r ve g\u00fcne\u015f enerjisi alan\u0131nda teknik uzman ve ara eleman ihtiyac\u0131 giderek artmaktad\u0131r. Son birka\u00e7 y\u0131lda yenilenebilir enerji \u00fcretimi lisansland\u0131rma konusundaki olumlu geli\u015fmeler, bu alandaki yat\u0131r\u0131mlar\u0131 olduk\u00e7a art\u0131rm\u0131\u015ft\u0131r. GES ve RES santrallerini kuracak ve bak\u0131m\u0131n\u0131 yapabilecek m\u00fchendislere ve teknik ara elemanlar\u0131na ihtiya\u00e7 vard\u0131r.<\/strong><\/p>\n<p>\u0130zmir Katip \u00c7elebi \u00dcniversitesi Balat\u00e7\u0131k Kamp\u00fcs\u00fcnde, \u0130zmir Kalk\u0131nma Ajans\u0131n\u0131n deste\u011fi ile G\u00fcne\u015f ve R\u00fczgar enerjisi alan\u0131nda teknik uzman ve ara eleman ihtiyac\u0131n\u0131 kar\u015f\u0131lamaya y\u00f6nelik 200 kVA l\u0131k hibrit G\u00fcne\u015f Enerjisi Santrali (GES) ve R\u00fczgar Enerjisi Santrali (RES) kuruldu, Teknik testler sonunda eyl\u00fcl ay\u0131 i\u00e7erisinde hizmete al\u0131nmas\u0131 planland\u0131. Zenit Enerji, SolarRES ile \u0130K\u00c7\u00dc i\u015fbirli\u011fi ile yap\u0131lan protokol do\u011frultusunda, Ulusal Mesleki Yeterlilik Komisyonunun haz\u0131rlad\u0131\u011f\u0131 resmi gazetede yay\u0131nlanan standartlara uygun Fotovoltaik G\u00fc\u00e7 Sistemi Personeli yeti\u015ftirmeye y\u00f6nelik 40-50 saatlik akredite sertifikal\u0131 e\u011fitimler verilecektir.<\/p>\n<h2>\u201cSertifika ile T\u00fcrkiye\u2019nin her yerinde i\u015f olana\u011f\u0131\u201d<\/h2>\n<p>\u0130K\u00c7\u00dc S\u00fcrekli E\u011fitim Merkezinde (\u0130K\u00c7\u00dcSEM) verilecek kurslar eyl\u00fcl ay\u0131nda ba\u015flanmas\u0131 hedeflendi. Bu e\u011fitim s<a href=\"https:\/\/www.enerjigazetesi.ist\/wp-content\/uploads\/2014\/08\/yenilenebilir-enerji-alanindaki-muhendislere-ihtiyac-artiyor.jpg\"><img loading=\"lazy\" class=\"alignleft wp-image-30633 size-medium\" src=\"https:\/\/www.enerjigazetesi.ist\/wp-content\/uploads\/2014\/08\/yenilenebilir-enerji-alanindaki-muhendislere-ihtiyac-artiyor-300x214.jpg\" alt=\"yenilenebilir-enerji-alanindaki-muhendislere-ihtiyac-artiyor\" width=\"300\" height=\"214\" srcset=\"https:\/\/www.enerjigazetesi.ist\/wp-content\/uploads\/2014\/08\/yenilenebilir-enerji-alanindaki-muhendislere-ihtiyac-artiyor-300x214.jpg 300w, https:\/\/www.enerjigazetesi.ist\/wp-content\/uploads\/2014\/08\/yenilenebilir-enerji-alanindaki-muhendislere-ihtiyac-artiyor-500x356.jpg 500w, https:\/\/www.enerjigazetesi.ist\/wp-content\/uploads\/2014\/08\/yenilenebilir-enerji-alanindaki-muhendislere-ihtiyac-artiyor-70x50.jpg 70w, https:\/\/www.enerjigazetesi.ist\/wp-content\/uploads\/2014\/08\/yenilenebilir-enerji-alanindaki-muhendislere-ihtiyac-artiyor.jpg 600w\" sizes=\"(max-width: 300px) 100vw, 300px\" \/><\/a>ertifikas\u0131n\u0131 alanlar, T\u00fcrkiye\u2019nin herhangi bir yerinde g\u00fcne\u015f enerjisi yo\u011funlu\u011funa bakarak herhangi bir alana uygun g\u00fcne\u015f enerjisi santralinin plan ve projesini \u00e7\u0131karabilecek ve ba\u015fvuru dosyas\u0131n\u0131 haz\u0131rlayabilecektir. Kurulumu yaparak \u015febekeye entegre edebilecek, servis bak\u0131m\u0131n\u0131 yaparak ar\u0131za takibini yapabilecek bilgi ve beceriye sahip olabilecektir. Bunun i\u00e7in sahaya y\u00f6nelik bir tane tezsiz y\u00fcksek lisans olmak \u00fczere kurulum yapabilen ara elaman\u0131n yan\u0131 s\u0131ra, yat\u0131r\u0131m ama\u00e7l\u0131 her t\u00fcrl\u00fc GES projelendirmesini yapabilen, kurulum, servis ve ar\u0131za takibi, bak\u0131m-onar\u0131m yapabilen uzman Fotovoltaik G\u00fc\u00e7 Sistemi Personeli yeti\u015ftirilmesi hedeflenmektedir.<br \/>\nSolarRES \u0130zmir Katip \u00c7elebi \u00dcniversitesi M\u00fchendislik Fak\u00fcltesi ile \u0130K\u00c7\u00dc SEM de Eyl\u00fcl ay\u0131 ba\u015f\u0131nda sertifikal\u0131 GES kurslar\u0131na ba\u015flayacakt\u0131r. 40-50 saat aras\u0131nda planlan kurs \u00fccreti 1500 TL civar\u0131nda belirlenmi\u015ftir. \u00c7ok say\u0131da yo\u011fun talep olan kursa ba\u015fvuru \u00f6n kay\u0131tlar\u0131 yap\u0131lmaya ba\u015flanm\u0131\u015ft\u0131r. Kurslar iste\u011fe ba\u011fl\u0131 olarak uzaktan e\u011fitim ile evden ve i\u015f yerinden canl\u0131 olarak kat\u0131labilecektir. Uygulamal\u0131 e\u011fitimler i\u00e7in Balat\u00e7\u0131k Kamp\u00fcs\u00fcnde GES santralinde e\u011fitimler yapt\u0131r\u0131lacakt\u0131r.<\/p>\n<p>\u0130zmir Katip \u00c7elebi \u00dcniversitesi (\u0130K\u00c7\u00dc) M\u00fchendislik ve Mimarl\u0131k Fak\u00fcltesi Dekan\u0131 Prof. Dr. Salih Okur: \u201c\u00dclkemizin ihtiya\u00e7lar\u0131na g\u00f6re sanayi ile entegre, ara\u015ft\u0131rmac\u0131 ve yenilik\u00e7i bir m\u00fchendislik e\u011fitimi veriyoruz\u201d dedi.<\/p>\n<p>Makine, Elektrik, Malzeme ve \u0130n\u015faat, Mekatronik, Biyomedikal ve Harita M\u00fchendisli\u011fi b\u00f6l\u00fcmlerinde %100 \u0130ngilizce olarak lisans e\u011fitimi verdiklerini belirten Prof. Dr. Okur, M\u00fchendislik Fak\u00fclteleri aras\u0131ndaki \u00e7\u0131tas\u0131n\u0131 y\u00fckselterek alan\u0131nda uzman akademisyenleriyle \u00fclkenin ihtiyac\u0131n\u0131 kar\u015f\u0131layacak donan\u0131mda m\u00fchendisler yeti\u015ftirmek i\u00e7in \u00e7al\u0131\u015ft\u0131klar\u0131n\u0131 kaydetti. \u00dclkemizin bilim alan\u0131na katk\u0131 koyacak projeleri hayata ge\u00e7irmeye ba\u015flad\u0131klar\u0131n\u0131 vurgulayan Prof. Dr. Okur, Biyomedikal teknolojiler, nanoteknoloji ve yenilenebilir enerjiler ad\u0131 alt\u0131nda interdisipliner y\u00fcksek lisans ve doktora programlar\u0131 a\u00e7t\u0131klar\u0131n\u0131 s\u00f6yledi. G\u00fcn\u00fcm\u00fczde olduk\u00e7a \u00f6nem arz eden r\u00fczg\u00e2r ve g\u00fcne\u015f enerjisi alan\u0131nda teknik uzman ve ara eleman ihtiyac\u0131n\u0131n giderek artt\u0131\u011f\u0131n\u0131 belirtti. Prof. Dr. Okur, \u201cSon birka\u00e7 y\u0131lda yenilenebilir enerji \u00fcretimi lisansland\u0131rma konusundaki olumlu geli\u015fmeler, bu alandaki yat\u0131r\u0131mlar\u0131 olduk\u00e7a art\u0131rm\u0131\u015ft\u0131r. GES ve RES santrallerini kuracak ve bak\u0131m\u0131n\u0131 yapabilecek m\u00fchendislere ve teknik ara elemanlar\u0131na ihtiya\u00e7 artmaktad\u0131r\u201d dedi.<\/p>\n<p>Prof. Dr. Okur bu do\u011frultuda \u0130zmir Kalk\u0131nma Ajans\u0131n\u0131n deste\u011fi ile Biyomedikal cihazlara y\u00f6nelik test ve kalibrasyon merkezi ile G\u00fcne\u015f ve R\u00fczgar enerjisi alan\u0131nda teknik uzman ve ara eleman ihtiyac\u0131n\u0131 kar\u015f\u0131lamaya y\u00f6nelik Hibrit 200 kVA l\u0131k G\u00fcne\u015f Enerjisi Santrali (GES)ve R\u00fczgar Enerjisi Santrali (RES) kurduklar\u0131n\u0131 a\u00e7\u0131klad\u0131. Prof. Dr. Okur, \u201cZenit Enerji ile \u0130K\u00c7\u00dc beraberli\u011fi, Ulusal Mesleki Yeterlilik Komisyonunun haz\u0131rlad\u0131\u011f\u0131 resmi gazetede yay\u0131nlanan standartlara uygun Fotovoltaik G\u00fc\u00e7 Sistemi Personeli yeti\u015ftirmeye y\u00f6nelik 50 saatlik akredite sertifikal\u0131 e\u011fitimler verecektir\u201d diye konu\u015ftu.<\/p>\n<p><strong>Haberin Devam\u0131 i\u00e7in <a href=\"http:\/\/www.tgrthaber.com.tr\/teknoloji\/33372.html\" target=\"_blank\" rel=\"nofollow\">t\u0131klay\u0131n\u0131z&gt;&gt;&gt;<\/a><\/strong><\/p>\n<p>Kaynak: Tgrt Haber<\/p>","protected":false},"excerpt":{"rendered":"<p>Sorry, this entry is only available in Turkish. For the sake of viewer convenience, the content is shown below in the alternative language. You may click the link to switch the active language.G\u00fcn\u00fcm\u00fczde olduk\u00e7a \u00f6nem arz eden r\u00fczg\u00e2r ve g\u00fcne\u015f enerjisi alan\u0131nda teknik uzman ve ara eleman ihtiyac\u0131 giderek artmaktad\u0131r. Son birka\u00e7 y\u0131lda yenilenebilir enerji [&hellip;]<\/p>\n","protected":false},"author":1,"featured_media":30633,"comment_status":"open","ping_status":"open","sticky":false,"template":"","format":"standard","meta":[],"categories":[53,49,50],"tags":[17462,63,67,1009,17463,165,2326,17464,227,13,17465,1429,474,69,16,11149,17466,105,17467],"views":788,"_links":{"self":[{"href":"https:\/\/www.enerjigazetesi.ist\/en\/wp-json\/wp\/v2\/posts\/30632"}],"collection":[{"href":"https:\/\/www.enerjigazetesi.ist\/en\/wp-json\/wp\/v2\/posts"}],"about":[{"href":"https:\/\/www.enerjigazetesi.ist\/en\/wp-json\/wp\/v2\/types\/post"}],"author":[{"embeddable":true,"href":"https:\/\/www.enerjigazetesi.ist\/en\/wp-json\/wp\/v2\/users\/1"}],"replies":[{"embeddable":true,"href":"https:\/\/www.enerjigazetesi.ist\/en\/wp-json\/wp\/v2\/comments?post=30632"}],"version-history":[{"count":2,"href":"https:\/\/www.enerjigazetesi.ist\/en\/wp-json\/wp\/v2\/posts\/30632\/revisions"}],"predecessor-version":[{"id":30635,"href":"https:\/\/www.enerjigazetesi.ist\/en\/wp-json\/wp\/v2\/posts\/30632\/revisions\/30635"}],"wp:featuredmedia":[{"embeddable":true,"href":"https:\/\/www.enerjigazetesi.ist\/en\/wp-json\/wp\/v2\/media\/30633"}],"wp:attachment":[{"href":"https:\/\/www.enerjigazetesi.ist\/en\/wp-json\/wp\/v2\/media?parent=30632"}],"wp:term":[{"taxonomy":"category","embeddable":true,"href":"https:\/\/www.enerjigazetesi.ist\/en\/wp-json\/wp\/v2\/categories?post=30632"},{"taxonomy":"post_tag","embeddable":true,"href":"https:\/\/www.enerjigazetesi.ist\/en\/wp-json\/wp\/v2\/tags?post=30632"}],"curies":[{"name":"wp","href":"https:\/\/api.w.org\/{rel}","templated":true}]}}