{"id":30604,"date":"2014-08-19T09:46:20","date_gmt":"2014-08-19T06:46:20","guid":{"rendered":"https:\/\/www.enerjigazetesi.ist\/?p=30604"},"modified":"2014-08-19T09:46:20","modified_gmt":"2014-08-19T06:46:20","slug":"libyanin-petrol-ihracati-artiyor-petrol-fiyatlari-geriliyor","status":"publish","type":"post","link":"https:\/\/www.enerjigazetesi.ist\/en\/libyanin-petrol-ihracati-artiyor-petrol-fiyatlari-geriliyor\/","title":{"rendered":"(Turkish) Libya\u2019n\u0131n Petrol \u0130hracat\u0131 Art\u0131yor, Petrol Fiyatlar\u0131 Geriliyor&#8230;"},"content":{"rendered":"<p class=\"qtranxs-available-languages-message qtranxs-available-languages-message-en\">Sorry, this entry is only available in <a href=\"https:\/\/www.enerjigazetesi.ist\/tr\/wp-json\/wp\/v2\/posts\/30604\" class=\"qtranxs-available-language-link qtranxs-available-language-link-tr\" title=\"Turkish\">Turkish<\/a>. For the sake of viewer convenience, the content is shown below in the alternative language. You may click the link to switch the active language.<\/p><p><strong>D\u00fcnyada ham petrol arz\u0131n\u0131n y\u00fcksek seviyede olmas\u0131n\u0131n fiyatlar\u0131 kontrol alt\u0131nda tutmas\u0131 ile ham petrol vadelileri de\u011fer kaybediyor.<\/strong><span id=\"more-66754\"><\/span><\/p>\n<p>Son aylarda i\u015f\u00e7i grevleri ile limanlar\u0131n kapat\u0131lmas\u0131na ba\u011fl\u0131 olarak \u00fcretimin kapasitenin olduk\u00e7a alt\u0131nda kald\u0131\u011f\u0131 Libya\u2019da <a href=\"https:\/\/www.enerjigazetesi.ist\/wp-content\/uploads\/2014\/08\/libya-petrol-ihracat-gemi-tanker.jpg\"><img loading=\"lazy\" class=\"alignright size-medium wp-image-30605\" src=\"https:\/\/www.enerjigazetesi.ist\/wp-content\/uploads\/2014\/08\/libya-petrol-ihracat-gemi-tanker-300x191.jpg\" alt=\"libya-petrol-ihracat-gemi-tanker\" width=\"300\" height=\"191\" srcset=\"https:\/\/www.enerjigazetesi.ist\/wp-content\/uploads\/2014\/08\/libya-petrol-ihracat-gemi-tanker-300x191.jpg 300w, https:\/\/www.enerjigazetesi.ist\/wp-content\/uploads\/2014\/08\/libya-petrol-ihracat-gemi-tanker-500x318.jpg 500w, https:\/\/www.enerjigazetesi.ist\/wp-content\/uploads\/2014\/08\/libya-petrol-ihracat-gemi-tanker-78x50.jpg 78w, https:\/\/www.enerjigazetesi.ist\/wp-content\/uploads\/2014\/08\/libya-petrol-ihracat-gemi-tanker.jpg 800w\" sizes=\"(max-width: 300px) 100vw, 300px\" \/><\/a>ihracat artmaya ba\u015flad\u0131. Libya\u2019da, Ras Lanuf terminalinden ge\u00e7ti\u011fimiz y\u0131ldan bu yana ilk kez petrol sevkiyat\u0131 yap\u0131ld\u0131. National Oil Co. \u00fclkenin en b\u00fcy\u00fck petrol liman\u0131 olan Es Sider\u2019den bu hafta ihracata yeniden ba\u015flamay\u0131 planl\u0131yor.<\/p>\n<p>Commerzbank analistleri, \u201cDo\u011fudaki b\u00fcy\u00fck petrol limanlar\u0131n\u0131n yeniden a\u00e7\u0131lmas\u0131 Libya\u2019n\u0131n gelecek haftalardaki petrol arz\u0131n\u0131 daha da art\u0131rabilir ki bu da Avrupa piyasalar\u0131nda hali haz\u0131rda a\u015f\u0131r\u0131 olan arz miktar\u0131n\u0131 daha da y\u00fckseltebilir. Bu ihtimaller, Brent petrolde k\u0131sa s\u00fcre i\u00e7inde toparlanma ya\u015fanmas\u0131n\u0131 imkans\u0131z hale getiriyor,\u201d diye konu\u015ftu.<\/p>\n<p>Ekim vadeli Brent petrol\u00fcn varil fiyat\u0131 102.12 dolara geriledi. New York Vadeli \u0130\u015flemler Borsas\u0131\u2019nda i\u015flem g\u00f6ren Eyl\u00fcl vadeli petrol\u00fcn fiyat\u0131 ise y\u00fczde 1\u2032lik gerilemeyle 96.37 dolara d\u00fc\u015ft\u00fc.<\/p>\n<p>Kaynak: <a href=\"http:\/\/www.wsj.com.tr\/article\/SB10001424052970204392504580099340549904822.html\" target=\"_blank\" rel=\"nofollow\">The Wall Street Journal<\/a><\/p>","protected":false},"excerpt":{"rendered":"<p>Sorry, this entry is only available in Turkish. For the sake of viewer convenience, the content is shown below in the alternative language. You may click the link to switch the active language.D\u00fcnyada ham petrol arz\u0131n\u0131n y\u00fcksek seviyede olmas\u0131n\u0131n fiyatlar\u0131 kontrol alt\u0131nda tutmas\u0131 ile ham petrol vadelileri de\u011fer kaybediyor. Son aylarda i\u015f\u00e7i grevleri ile limanlar\u0131n [&hellip;]<\/p>\n","protected":false},"author":1,"featured_media":30605,"comment_status":"open","ping_status":"open","sticky":false,"template":"","format":"standard","meta":[],"categories":[53,44],"tags":[4846,15913,17438,16323,17439,347,17240],"views":859,"_links":{"self":[{"href":"https:\/\/www.enerjigazetesi.ist\/en\/wp-json\/wp\/v2\/posts\/30604"}],"collection":[{"href":"https:\/\/www.enerjigazetesi.ist\/en\/wp-json\/wp\/v2\/posts"}],"about":[{"href":"https:\/\/www.enerjigazetesi.ist\/en\/wp-json\/wp\/v2\/types\/post"}],"author":[{"embeddable":true,"href":"https:\/\/www.enerjigazetesi.ist\/en\/wp-json\/wp\/v2\/users\/1"}],"replies":[{"embeddable":true,"href":"https:\/\/www.enerjigazetesi.ist\/en\/wp-json\/wp\/v2\/comments?post=30604"}],"version-history":[{"count":1,"href":"https:\/\/www.enerjigazetesi.ist\/en\/wp-json\/wp\/v2\/posts\/30604\/revisions"}],"predecessor-version":[{"id":30606,"href":"https:\/\/www.enerjigazetesi.ist\/en\/wp-json\/wp\/v2\/posts\/30604\/revisions\/30606"}],"wp:featuredmedia":[{"embeddable":true,"href":"https:\/\/www.enerjigazetesi.ist\/en\/wp-json\/wp\/v2\/media\/30605"}],"wp:attachment":[{"href":"https:\/\/www.enerjigazetesi.ist\/en\/wp-json\/wp\/v2\/media?parent=30604"}],"wp:term":[{"taxonomy":"category","embeddable":true,"href":"https:\/\/www.enerjigazetesi.ist\/en\/wp-json\/wp\/v2\/categories?post=30604"},{"taxonomy":"post_tag","embeddable":true,"href":"https:\/\/www.enerjigazetesi.ist\/en\/wp-json\/wp\/v2\/tags?post=30604"}],"curies":[{"name":"wp","href":"https:\/\/api.w.org\/{rel}","templated":true}]}}