{"id":3056,"date":"2012-10-30T11:40:54","date_gmt":"2012-10-30T08:40:54","guid":{"rendered":"https:\/\/www.enerjigazetesi.ist\/?p=3056"},"modified":"2012-10-30T11:41:22","modified_gmt":"2012-10-30T08:41:22","slug":"ruzgar-turbinleriyle-elektrikte-hedef-buyuyor","status":"publish","type":"post","link":"https:\/\/www.enerjigazetesi.ist\/en\/ruzgar-turbinleriyle-elektrikte-hedef-buyuyor\/","title":{"rendered":"(Turkish) R\u00fczgar T\u00fcrbinleriyle Elektrikte Hedef B\u00fcy\u00fcyor"},"content":{"rendered":"<p class=\"qtranxs-available-languages-message qtranxs-available-languages-message-en\">Sorry, this entry is only available in <a href=\"https:\/\/www.enerjigazetesi.ist\/tr\/wp-json\/wp\/v2\/posts\/3056\" class=\"qtranxs-available-language-link qtranxs-available-language-link-tr\" title=\"Turkish\">Turkish<\/a>. For the sake of viewer convenience, the content is shown below in the alternative language. You may click the link to switch the active language.<\/p><p><strong>T\u00fcrkiye&#8217;nin enerji ihtiyac\u0131n\u0131n tamam\u0131n\u0131 r\u00fczgardan kar\u015f\u0131layabilecek potansiyele sahip oldu\u011fu bildirildi.<\/strong><\/p>\n<p><img loading=\"lazy\" class=\"alignright size-full wp-image-3057\" title=\"ruzgar-turbini\" src=\"https:\/\/www.enerjigazetesi.ist\/wp-content\/uploads\/2012\/10\/ruzgar-turbini.jpg\" alt=\"\" width=\"288\" height=\"226\" srcset=\"https:\/\/www.enerjigazetesi.ist\/wp-content\/uploads\/2012\/10\/ruzgar-turbini.jpg 288w, https:\/\/www.enerjigazetesi.ist\/wp-content\/uploads\/2012\/10\/ruzgar-turbini-63x50.jpg 63w\" sizes=\"(max-width: 288px) 100vw, 288px\" \/>R\u00fczgar t\u00fcrbini \u00fcreten firmalardan Soyut Holding&#8217;in Genel M\u00fcd\u00fcr\u00fc Serhat Ay, AA muhabirine yapt\u0131\u011f\u0131 a\u00e7\u0131klamada, T\u00fcrkiye&#8217;de son y\u0131llarda yenilenebilir enerjiye dolay\u0131s\u0131yla r\u00fczgar t\u00fcrbinine olan ilginin artt\u0131\u011f\u0131n\u0131 s\u00f6yledi.<\/p>\n<p>Tabiattaki tahribat\u0131n insano\u011flunu tehdit eder hale geldi\u011fini belirten Ay, tabiat\u0131n kendini yenileyemez duruma geldi\u011fini, k\u00fcresel \u0131s\u0131nma ve \u00f6zellikle fosil yak\u0131tlardan elde edilen enerjinin olu\u015fturdu\u011fu kirlili\u011finin s\u0131k\u0131nt\u0131 yaratmaya ba\u015flad\u0131\u011f\u0131n\u0131 ifade etti.<\/p>\n<p><strong>&#8221;T\u00fcrkiye enerji kaynaklar\u0131 bak\u0131m\u0131ndan \u015fansl\u0131&#8221;<\/strong><br \/>\nR\u00fczgar\u0131n hem en fazla hem de en ucuz elektrik elde edilebilen yenilenebilir enerji kaynaklar\u0131ndan oldu\u011funu anlatan Ay, yenilenebilir enerjiyle ilgili kanun \u00e7\u0131kt\u0131ktan sonra r\u00fczgar t\u00fcrbini \u00e7al\u0131\u015fmalar\u0131na ba\u015flad\u0131klar\u0131n\u0131 ve 12 y\u0131l \u00f6nce ilk t\u00fcrbini \u00fcrettiklerini anlatt\u0131.<\/p>\n<p>&#8221;Tamam\u0131yla yerli malzeme ve yerli m\u00fchendislik kullan\u0131yoruz&#8221; diye konu\u015fan Ay, o d\u00f6nem i\u00e7in T\u00fcrkiyede r\u00fczgar t\u00fcrbini pazar\u0131n\u0131n olmad\u0131\u011f\u0131n\u0131 s\u00f6yledi. Ay, bu y\u00fczden \u00f6zellikle BM ve D\u00fcnya Bankas\u0131&#8217;n\u0131n destekledi\u011fi projeler \u00e7er\u00e7evesinde Afrika&#8217;n\u0131n pek \u00e7ok \u00fclkesini r\u00fczgar enerjisiyle elde edilen elektrikle tan\u0131\u015ft\u0131rd\u0131klar\u0131n\u0131 s\u00f6yledi.<\/p>\n<p>Ay, yenilenebilir enerji kaynaklar\u0131n\u0131n \u00f6nemli b\u00f6l\u00fcm\u00fcn\u00fc r\u00fczgar\u0131n olu\u015fturdu\u011funa de\u011finerek, &#8221;T\u00fcrkiye bu alanda a\u00e7\u0131k pazar haline gelerek enerji kaynaklar\u0131 bak\u0131m\u0131ndan \u015fansl\u0131 bir \u00fclke oldu\u011funu ispatlad\u0131. Teorik olarak T\u00fcrkiye, enerji ihtiyac\u0131n\u0131n tamam\u0131n\u0131 r\u00fczgardan kar\u015f\u0131layabilecek potansiyele sahip. Pratikte bug\u00fcnk\u00fc ko\u015fullarda enerji ihtiyac\u0131n\u0131n y\u00fczde 45&#8217;ni r\u00fczgardan kar\u015f\u0131layabilir. Bu konuda \u00f6zellikle enerji b\u00fcrokratlar\u0131n\u0131n ciddi bir politika olu\u015fturmas\u0131 ve inanmas\u0131 laz\u0131m&#8221; diye konu\u015ftu.<\/p>\n<p><strong>&#8221;T\u00fcrkiye ekonomik olarak Portekiz&#8217;den b\u00fcy\u00fck&#8221;<\/strong><br \/>\nR\u00fczgar\u0131n devaml\u0131l\u0131\u011f\u0131 bulunan bir enerji kayna\u011f\u0131 olmad\u0131\u011f\u0131n\u0131 s\u00f6yleyenlere inanmad\u0131\u011f\u0131n\u0131 vurgulayan Ay, \u015f\u00f6yle devam etti:<\/p>\n<p>&#8221;Entegre sistemimizde ilkbahar aylar\u0131nda \u00c7anakkale ve civar\u0131nda \u00e7ok verimli bir elektrik \u00fcretimi varken sonbahar aylar\u0131nda \u00c7anakkale civar\u0131ndaki \u00fcretim d\u00fc\u015fer ama \u0130skenderun taraf\u0131ndaki \u00fcretim art\u0131\u015f g\u00f6sterir. Bunu dengelemek \u00e7ok kolay, asla zor de\u011fil. Portekiz, bug\u00fcn enerji ihtiyac\u0131n\u0131n y\u00fczde 70&#8217;ni r\u00fczgardan kar\u015f\u0131l\u0131yor. Bizde bunu rahatl\u0131kla ger\u00e7ekle\u015ftirebiliriz.&#8221;<\/p>\n<p><strong>&#8221;18 milyar avroluk yat\u0131r\u0131m&#8221;<\/strong><br \/>\nCumhuriyetin kurulu\u015funun 100. y\u0131l\u0131 olan 2023&#8217;te yenilenebilir enerji kaynaklar\u0131nda ula\u015f\u0131lmak istenen hedefin 20 bin megavat oldu\u011funu vurgulayan Ay, &#8221;\u015eu ana kadar kurulu olan g\u00fc\u00e7 2 bin megavat. E\u011fer T\u00fcrkiye, 2023 hedeflerine ula\u015fmak istiyorsa 10 y\u0131ll\u0131k s\u00fcrede 18 megavat enerji \u00fcretmesi gerekir. Bunun i\u00e7in de 18 milyar avroluk yat\u0131r\u0131m\u0131n ger\u00e7ekle\u015fmesi gerekir. Bu ger\u00e7ekle\u015fti\u011finde T\u00fcrkiye i\u00e7in hay\u0131rl\u0131 bir yat\u0131r\u0131m olacak&#8221; de\u011ferlendirmesinde bulundu.<\/p>\n<p>Ay, 12 y\u0131ld\u0131r y\u00fczde 100 yerli malzeme kullanarak r\u00fczgar t\u00fcrbini \u00fcrettiklerini ayr\u0131ca yeti\u015fmi\u015f m\u00fchendis ve teknik elemanlara da sahip olduklar\u0131n\u0131 belirterek, &#8221;2012&#8217;yi r\u00fczgarda d\u00f6n\u00fcm noktas\u0131 olarak g\u00f6rd\u00fck. Bu y\u0131ldan itibaren de ciddi cirolara ula\u015f\u0131laca\u011f\u0131n\u0131 d\u00fc\u015f\u00fcn\u00fcyoruz&#8221; dedi.<\/p>\n<p>Kaynak: <a href=\"http:\/\/ekonomi.haberturk.com\/enerji\/haber\/789034-ruzgar-turbinleriyle-elektrikte-hedef-buyuyor\" target=\"_blank\">Haberturk<\/a><\/p>","protected":false},"excerpt":{"rendered":"<p>Sorry, this entry is only available in Turkish. For the sake of viewer convenience, the content is shown below in the alternative language. You may click the link to switch the active language.T\u00fcrkiye&#8217;nin enerji ihtiyac\u0131n\u0131n tamam\u0131n\u0131 r\u00fczgardan kar\u015f\u0131layabilecek potansiyele sahip oldu\u011fu bildirildi. R\u00fczgar t\u00fcrbini \u00fcreten firmalardan Soyut Holding&#8217;in Genel M\u00fcd\u00fcr\u00fc Serhat Ay, AA muhabirine yapt\u0131\u011f\u0131 [&hellip;]<\/p>\n","protected":false},"author":1,"featured_media":3057,"comment_status":"open","ping_status":"open","sticky":false,"template":"","format":"standard","meta":[],"categories":[51,53,50],"tags":[68,19,16,324,867],"views":819,"_links":{"self":[{"href":"https:\/\/www.enerjigazetesi.ist\/en\/wp-json\/wp\/v2\/posts\/3056"}],"collection":[{"href":"https:\/\/www.enerjigazetesi.ist\/en\/wp-json\/wp\/v2\/posts"}],"about":[{"href":"https:\/\/www.enerjigazetesi.ist\/en\/wp-json\/wp\/v2\/types\/post"}],"author":[{"embeddable":true,"href":"https:\/\/www.enerjigazetesi.ist\/en\/wp-json\/wp\/v2\/users\/1"}],"replies":[{"embeddable":true,"href":"https:\/\/www.enerjigazetesi.ist\/en\/wp-json\/wp\/v2\/comments?post=3056"}],"version-history":[{"count":2,"href":"https:\/\/www.enerjigazetesi.ist\/en\/wp-json\/wp\/v2\/posts\/3056\/revisions"}],"predecessor-version":[{"id":3059,"href":"https:\/\/www.enerjigazetesi.ist\/en\/wp-json\/wp\/v2\/posts\/3056\/revisions\/3059"}],"wp:featuredmedia":[{"embeddable":true,"href":"https:\/\/www.enerjigazetesi.ist\/en\/wp-json\/wp\/v2\/media\/3057"}],"wp:attachment":[{"href":"https:\/\/www.enerjigazetesi.ist\/en\/wp-json\/wp\/v2\/media?parent=3056"}],"wp:term":[{"taxonomy":"category","embeddable":true,"href":"https:\/\/www.enerjigazetesi.ist\/en\/wp-json\/wp\/v2\/categories?post=3056"},{"taxonomy":"post_tag","embeddable":true,"href":"https:\/\/www.enerjigazetesi.ist\/en\/wp-json\/wp\/v2\/tags?post=3056"}],"curies":[{"name":"wp","href":"https:\/\/api.w.org\/{rel}","templated":true}]}}