{"id":30557,"date":"2014-08-17T15:19:00","date_gmt":"2014-08-17T12:19:00","guid":{"rendered":"https:\/\/www.enerjigazetesi.ist\/?p=30557"},"modified":"2014-08-17T15:19:00","modified_gmt":"2014-08-17T12:19:00","slug":"karaduman-cantaciyi-elerken-yatirimci-magdur-olmasin","status":"publish","type":"post","link":"https:\/\/www.enerjigazetesi.ist\/en\/karaduman-cantaciyi-elerken-yatirimci-magdur-olmasin\/","title":{"rendered":"(Turkish) Karaduman: \u201d\u00c7antac\u0131y\u0131 Elerken Yat\u0131r\u0131mc\u0131 Ma\u011fdur Olmas\u0131n&#8230;\u201d"},"content":{"rendered":"<p class=\"qtranxs-available-languages-message qtranxs-available-languages-message-en\">Sorry, this entry is only available in <a href=\"https:\/\/www.enerjigazetesi.ist\/tr\/wp-json\/wp\/v2\/posts\/30557\" class=\"qtranxs-available-language-link qtranxs-available-language-link-tr\" title=\"Turkish\">Turkish<\/a>. For the sake of viewer convenience, the content is shown below in the alternative language. You may click the link to switch the active language.<\/p><p><strong>Elektrik \u00dcreticileri Derne\u011fi Ba\u015fkan\u0131 \u00d6nder Karaduman, elektrik lisans\u0131 iptallerini de\u011ferlendirirken \u00e7antac\u0131lar\u0131 elemek isterken ger\u00e7ek yat\u0131r\u0131mc\u0131n\u0131n k\u00fcst\u00fcr\u00fclmemesi gerekti\u011fini s\u00f6yledi.<\/strong><\/p>\n<p>Elektrik \u00dcreticileri Derne\u011fi (E\u00dcD) Ba\u015fkan\u0131 \u00d6nder Karaduman, H\u00fck\u00fcmet taraf\u0131ndan Meclis\u2019e sevkedilen v<a href=\"https:\/\/www.enerjigazetesi.ist\/wp-content\/uploads\/2014\/08\/karaduman-cantaciyi-elerken-yatirimci-magdur-olmasin.jpg\"><img loading=\"lazy\" class=\"alignright size-medium wp-image-30558\" src=\"https:\/\/www.enerjigazetesi.ist\/wp-content\/uploads\/2014\/08\/karaduman-cantaciyi-elerken-yatirimci-magdur-olmasin-300x202.jpg\" alt=\"karaduman-cantaciyi-elerken-yatirimci-magdur-olmasin\" width=\"300\" height=\"202\" srcset=\"https:\/\/www.enerjigazetesi.ist\/wp-content\/uploads\/2014\/08\/karaduman-cantaciyi-elerken-yatirimci-magdur-olmasin-300x202.jpg 300w, https:\/\/www.enerjigazetesi.ist\/wp-content\/uploads\/2014\/08\/karaduman-cantaciyi-elerken-yatirimci-magdur-olmasin-500x337.jpg 500w, https:\/\/www.enerjigazetesi.ist\/wp-content\/uploads\/2014\/08\/karaduman-cantaciyi-elerken-yatirimci-magdur-olmasin-74x50.jpg 74w, https:\/\/www.enerjigazetesi.ist\/wp-content\/uploads\/2014\/08\/karaduman-cantaciyi-elerken-yatirimci-magdur-olmasin.jpg 593w\" sizes=\"(max-width: 300px) 100vw, 300px\" \/><\/a>e yat\u0131r\u0131mda yeterli ilerleme sa\u011flanamad\u0131\u011f\u0131 i\u00e7in lisans iptaliyle kar\u015f\u0131 kar\u015f\u0131ya kalan projelerle ilgili bir de\u011ferlendirme yapt\u0131. Bu durumdaki projelere bir y\u0131ll\u0131k ek s\u00fcre tan\u0131yan Kanun Tasar\u0131s\u0131\u2019n\u0131n hen\u00fcz yasala\u015ft\u0131r\u0131lamad\u0131\u011f\u0131n\u0131 hat\u0131rlatan Karaduman \u201c2 May\u0131s tarihinden itibaren lisans iptallerine ba\u015flamak durumunda olan EPDK ise Meclis\u2019teki Kanun Tasar\u0131s\u0131\u2019n\u0131n yasala\u015fmas\u0131 ihtimaline dayanarak, iptal s\u00fcrecini ge\u00e7ti\u011fimiz g\u00fcnlere kadar geciktirdi. Ancak bug\u00fcn gelinen noktada, Tasar\u0131n\u0131n yasala\u015fmas\u0131n\u0131 daha fazla bekleyemeyen EPDK lisans iptallerine ba\u015flad\u0131\u201d dedi.<\/p>\n<p><strong>GER\u00c7EK YATIRIMCI K\u00dcSECEK<\/strong><\/p>\n<p>\u00c7antac\u0131lar\u0131 elemek \u00fczere iyi niyetle getirilen d\u00fczenlemenin hi\u00e7bir esneklik ta\u015f\u0131mamas\u0131 nedeniyle, bug\u00fcnk\u00fc \u015fartlarda ger\u00e7ek yat\u0131r\u0131mc\u0131lar\u0131 ma\u011fdur etti\u011fini savunan Karaduman \u015f\u00f6yle konu\u015ftu:<br \/>\n\u201cHayata ge\u00e7me olas\u0131l\u0131\u011f\u0131 y\u00fcksek bir\u00e7ok projeyi iptale g\u00f6t\u00fcren bir h\u00fckme d\u00f6n\u00fc\u015fm\u00fc\u015ft\u00fcr. Lisanslar\u0131 iptal edilen firmalar\u0131n teminatlar\u0131n\u0131n irat kaydedilmesi ve hissedarlar\u0131n\u0131n \u00fc\u00e7 y\u0131l boyunca ba\u015fka lisans ba\u015fvurusunda bulunma haklar\u0131n\u0131n elinden al\u0131nmas\u0131 gibi a\u011f\u0131r yapt\u0131r\u0131mlarla da kar\u015f\u0131 kar\u015f\u0131ya kalm\u0131\u015ft\u0131r. Bu t\u00fcr geli\u015fmeler, sekt\u00f6rdeki yat\u0131r\u0131m iklimini bozacak, yat\u0131r\u0131m i\u015ftah\u0131n\u0131 zedeleyecek, yat\u0131r\u0131mc\u0131lar\u0131 tedirgin edecek geli\u015fmelerdir. Neticede, enerji arz g\u00fcvenli\u011fimiz a\u00e7\u0131s\u0131ndan hayati \u00f6nemdeki y\u00fczlerce proje hayata ge\u00e7ememi\u015f olacak. \u00c7antac\u0131lar\u0131 eleyece\u011fim derken, ger\u00e7ek yat\u0131r\u0131mc\u0131lar ma\u011fdur edilmi\u015f ve k\u00fcst\u00fcr\u00fclm\u00fc\u015f olacakt\u0131r.\u201d<\/p>\n<p><strong>YASA \u00c7IKANA KADAR G\u00d6REV EPDK`NIN<\/strong><\/p>\n<p>Lisans iptallerini durduracak h\u00fck\u00fcmler i\u00e7eren Kanun Tasar\u0131s\u0131 hemen yasala\u015ft\u0131r\u0131lam\u0131yorsa burada g\u00f6revin EPDK\u2019ya d\u00fc\u015ft\u00fc\u011f\u00fcn\u00fc ifade eden Karaduman \u201cEPDK ger\u00e7ek yat\u0131r\u0131mc\u0131lara ait ve iyi niyetle her t\u00fcrl\u00fc giri\u015fimde bulunmas\u0131na ra\u011fmen kendinden kaynaklanmayan nedenlerle y\u00fck\u00fcml\u00fcl\u00fcklerini tamamlayamam\u0131\u015f projeleri iptal etme yoluna gitmemeli. S\u00f6z konusu olan, \u00fclkemize ve sekt\u00f6r\u00fcm\u00fcze kazand\u0131r\u0131lacak ve arz g\u00fcvenli\u011fimize katk\u0131 sa\u011flayacak milyarlarca dolarl\u0131k yat\u0131r\u0131md\u0131r. \u00dclkemiz bu yat\u0131r\u0131mlardan mahrum b\u0131rak\u0131lmamal\u0131\u201d dedi.<\/p>\n<p><strong>\u00c7ANTACILARI KATKI PAYI S\u0130STEM\u0130 YARATTI<\/strong><\/p>\n<p>Kanunun iyi niyetle, lisans ticareti yapan ki\u015fileri elemek \u00fczere d\u00fczenlendi\u011fini yineleyen Karaduman \u201cAsl\u0131nda \u00e7antac\u0131l\u0131\u011f\u0131 do\u011furan temel sebep, lisans ihalelerinde uygulanan katk\u0131 pay\u0131 sistemi oldu\u201d dedi ve ekledi:<br \/>\n\u201cDaha \u00f6nce, tek seferde \u00f6denen ihale bedeli \u00fczerinden yap\u0131lan ihalelere g\u00fc\u00e7l\u00fc ve ciddi yat\u0131r\u0131mc\u0131lar girerken, y\u0131ll\u0131k bazda \u00f6denen katk\u0131 paylar\u0131 uygulamas\u0131yla \u00e7antac\u0131 tabir edilen ki\u015filerin ihalelere rahat\u00e7a girebilmelerinin \u00f6n\u00fc a\u00e7\u0131ld\u0131. Bu de\u011fi\u015fiklik Hazine\u2019yi de ciddi bir kaynaktan mahrum etti, tek seferde alabilece\u011fi gelirler uzun y\u0131llara yay\u0131ld\u0131. Yani kamunun kendi eliyle yaratt\u0131\u011f\u0131 \u00e7antac\u0131lar kamuyu da ma\u011fdur etti.\u201d<\/p>\n<p>Kaynak: <a href=\"http:\/\/www.energytime.tv\/karadumancantaciyi-elerken-yatirimci-magdur-olmasin\/\" target=\"_blank\" rel=\"nofollow\">Energy Time<\/a><\/p>","protected":false},"excerpt":{"rendered":"<p>Sorry, this entry is only available in Turkish. For the sake of viewer convenience, the content is shown below in the alternative language. You may click the link to switch the active language.Elektrik \u00dcreticileri Derne\u011fi Ba\u015fkan\u0131 \u00d6nder Karaduman, elektrik lisans\u0131 iptallerini de\u011ferlendirirken \u00e7antac\u0131lar\u0131 elemek isterken ger\u00e7ek yat\u0131r\u0131mc\u0131n\u0131n k\u00fcst\u00fcr\u00fclmemesi gerekti\u011fini s\u00f6yledi. Elektrik \u00dcreticileri Derne\u011fi (E\u00dcD) Ba\u015fkan\u0131 [&hellip;]<\/p>\n","protected":false},"author":1,"featured_media":30558,"comment_status":"open","ping_status":"open","sticky":false,"template":"","format":"standard","meta":[],"categories":[53],"tags":[17388,3696,63,67,1009,165,750,12140],"views":1118,"_links":{"self":[{"href":"https:\/\/www.enerjigazetesi.ist\/en\/wp-json\/wp\/v2\/posts\/30557"}],"collection":[{"href":"https:\/\/www.enerjigazetesi.ist\/en\/wp-json\/wp\/v2\/posts"}],"about":[{"href":"https:\/\/www.enerjigazetesi.ist\/en\/wp-json\/wp\/v2\/types\/post"}],"author":[{"embeddable":true,"href":"https:\/\/www.enerjigazetesi.ist\/en\/wp-json\/wp\/v2\/users\/1"}],"replies":[{"embeddable":true,"href":"https:\/\/www.enerjigazetesi.ist\/en\/wp-json\/wp\/v2\/comments?post=30557"}],"version-history":[{"count":1,"href":"https:\/\/www.enerjigazetesi.ist\/en\/wp-json\/wp\/v2\/posts\/30557\/revisions"}],"predecessor-version":[{"id":30559,"href":"https:\/\/www.enerjigazetesi.ist\/en\/wp-json\/wp\/v2\/posts\/30557\/revisions\/30559"}],"wp:featuredmedia":[{"embeddable":true,"href":"https:\/\/www.enerjigazetesi.ist\/en\/wp-json\/wp\/v2\/media\/30558"}],"wp:attachment":[{"href":"https:\/\/www.enerjigazetesi.ist\/en\/wp-json\/wp\/v2\/media?parent=30557"}],"wp:term":[{"taxonomy":"category","embeddable":true,"href":"https:\/\/www.enerjigazetesi.ist\/en\/wp-json\/wp\/v2\/categories?post=30557"},{"taxonomy":"post_tag","embeddable":true,"href":"https:\/\/www.enerjigazetesi.ist\/en\/wp-json\/wp\/v2\/tags?post=30557"}],"curies":[{"name":"wp","href":"https:\/\/api.w.org\/{rel}","templated":true}]}}