{"id":30502,"date":"2014-08-15T13:02:08","date_gmt":"2014-08-15T10:02:08","guid":{"rendered":"https:\/\/www.enerjigazetesi.ist\/?p=30502"},"modified":"2014-08-15T13:02:23","modified_gmt":"2014-08-15T10:02:23","slug":"surdurulebilir-is-odulleri-basvurulari-icin-son-15-gun","status":"publish","type":"post","link":"https:\/\/www.enerjigazetesi.ist\/en\/surdurulebilir-is-odulleri-basvurulari-icin-son-15-gun\/","title":{"rendered":"(Turkish) S\u00fcrd\u00fcr\u00fclebilir \u0130\u015f \u00d6d\u00fclleri Ba\u015fvurular\u0131 i\u00e7in Son 15 G\u00fcn\u2026"},"content":{"rendered":"<p class=\"qtranxs-available-languages-message qtranxs-available-languages-message-en\">Sorry, this entry is only available in <a href=\"https:\/\/www.enerjigazetesi.ist\/tr\/wp-json\/wp\/v2\/posts\/30502\" class=\"qtranxs-available-language-link qtranxs-available-language-link-tr\" title=\"Turkish\">Turkish<\/a>. For the sake of viewer convenience, the content is shown below in the alternative language. You may click the link to switch the active language.<\/p><p><strong>S\u00fcrd\u00fcr\u00fclebilirlik Akademisi, 2014 y\u0131l\u0131 S\u00fcrd\u00fcr\u00fclebilir \u0130\u015f \u00d6d\u00fclleri yar\u0131\u015fmas\u0131n\u0131 ilan etmi\u015ftir. S\u00fcrd\u00fcr\u00fclebilirlik, gelecek ku\u015faklar\u0131n gereksinimlerini giderme kapasitelerini k\u0131s\u0131tlamadan ve ya\u015fam ko\u015fullar\u0131n\u0131 tehlikeye atmadan yat\u0131r\u0131m, \u00fcretim ve t\u00fcketim ger\u00e7ekle\u015ftirmek ve ger\u00e7ekle\u015ftirilmesini sa\u011flamakt\u0131r.<\/strong><\/p>\n<p>\u00d6d\u00fcl yar\u0131\u015fmas\u0131n\u0131n amac\u0131, sosyal, ekonomik ve \u00e7evresel a\u00e7\u0131dan s\u00fcrd\u00fcr\u00fclebilir i\u015f modelleri geli\u015ftirmi\u015f i\u015fletmelerin ve i\u015f liderlerinin ba\u015far\u0131lar\u0131n\u0131n takdir edilmesi ve g\u00f6r\u00fcn\u00fcrl\u00fck sa\u011flanmas\u0131, iyi \u00f6rneklerin yayg\u0131nla\u015ft\u0131r\u0131lmas\u0131 ve di\u011fer potansiyel adaylar\u0131n s\u00fcrd\u00fcr\u00fclebilir i\u015f modelleri <a href=\"https:\/\/www.enerjigazetesi.ist\/wp-content\/uploads\/2014\/08\/surdurulebilir-is-odulleri.jpg\"><img loading=\"lazy\" class=\"alignleft size-medium wp-image-30503\" src=\"https:\/\/www.enerjigazetesi.ist\/wp-content\/uploads\/2014\/08\/surdurulebilir-is-odulleri-300x206.jpg\" alt=\"surdurulebilir-is-odulleri\" width=\"300\" height=\"206\" srcset=\"https:\/\/www.enerjigazetesi.ist\/wp-content\/uploads\/2014\/08\/surdurulebilir-is-odulleri-300x206.jpg 300w, https:\/\/www.enerjigazetesi.ist\/wp-content\/uploads\/2014\/08\/surdurulebilir-is-odulleri-72x50.jpg 72w, https:\/\/www.enerjigazetesi.ist\/wp-content\/uploads\/2014\/08\/surdurulebilir-is-odulleri.jpg 442w\" sizes=\"(max-width: 300px) 100vw, 300px\" \/><\/a>geli\u015ftirmeye y\u00f6nelik olarak te\u015fvik edilmesidir. \u00d6d\u00fcller \u201cS\u00fcrd\u00fcr\u00fclebilir \u0130\u015f \u00d6d\u00fcl\u00fc\u201d ve \u201cS\u00fcrd\u00fcr\u00fclebilir \u0130\u015f Lideri \u00d6d\u00fcl\u00fc\u201d olmak \u00fczere iki ana grupta verilecektir.<\/p>\n<p><strong>S\u00fcrd\u00fcr\u00fclebilirlik Akademisi Hakk\u0131nda<\/strong><\/p>\n<p>Kar Amac\u0131 G\u00fctmeyen Sosyal Giri\u015fim stat\u00fcs\u00fcnde kurulmu\u015f olan S\u00fcrd\u00fcr\u00fclebilirlik Akademisi, s\u00fcrd\u00fcr\u00fclebilir gelecek ve kalk\u0131nma i\u00e7in i\u015f d\u00fcnyas\u0131nda s\u00fcrd\u00fcr\u00fclebilirlik d\u00f6n\u00fc\u015f\u00fcm\u00fcn\u00fc h\u0131zland\u0131rmada \u00f6nc\u00fc olmak\u00a0 misyonu ile sosyal, ekonomik ve \u00e7evresel s\u00fcrd\u00fcr\u00fclebilirlik ile ilgili bilgilendirme ve bilin\u00e7lendirme \u00e7al\u0131\u015fmalar\u0131 yapmay\u0131 ama\u00e7lamaktad\u0131r. S\u00fcrd\u00fcr\u00fclebilirlik Akademisi, s\u00fcrd\u00fcr\u00fclebilir gelecek i\u00e7in \u00e7al\u0131\u015fan ve i\u015f s\u00fcre\u00e7lerine s\u00fcrd\u00fcr\u00fclebilirli\u011fi yerle\u015ftiren ve yerle\u015ftirmeyi hedefleyen ulusal ve uluslararas\u0131 kurumlar, sivil toplum kurulu\u015flar\u0131 ve devlet i\u015fbirli\u011fi ile ara\u015ft\u0131rmalar, konferanslar, seminerler, work-shoplar, kurumsal e\u011fitim \u00e7al\u0131\u015fmalar\u0131, sosyal sorumluluk projeleri ile dan\u0131\u015fmanl\u0131k ve \u00fcniversite gen\u00e7li\u011fine y\u00f6nelik bilgilendirme \u00e7al\u0131\u015fmalar\u0131n\u0131 y\u00fcr\u00fctmektedir. Akademi, ger\u00e7ekle\u015ftirdi\u011fi t\u00fcm \u00e7al\u0131\u015fmalar\u0131n\u0131n karbon ayak izlerini silmektedir.<\/p>\n<p>Web: <a href=\"http:\/\/www.surdurulebilirlikakademisi.com\/\">http:\/\/www.surdurulebilirlikakademisi.com\/<\/a><\/p>\n<p>Son ba\u015fvuru tarihi: 1 Eyl\u00fcl 2014, Pazartesi (saat: 17.00)<\/p>\n<p>S\u00fcrd\u00fcr\u00fclebilir \u0130\u015f \u00d6d\u00fclleri Ba\u015fvuru Formu: <a href=\"http:\/\/surdurulebilirisodulleri.com\/2014\/?page_id=162\">http:\/\/surdurulebilirisodulleri.com\/2014\/?page_id=162<\/a><\/p>\n<p>S\u00fcrd\u00fcr\u00fclebilir \u0130\u015f Liderleri \u00d6d\u00fcl\u00fc Aday G\u00f6sterme Formu: <a href=\"http:\/\/surdurulebilirisodulleri.com\/2014\/?page_id=270\">http:\/\/surdurulebilirisodulleri.com\/2014\/?page_id=270<\/a><\/p>\n<p><strong>Kimler ba\u015fvurabilir?<\/strong><\/p>\n<ul>\n<li>S\u00fcrd\u00fcr\u00fclebilir \u0130\u015f \u00d6d\u00fclleri: Merkezi ve\/veya i\u015fletme yeri T\u00fcrkiye s\u0131n\u0131rlar\u0131 i\u00e7inde bulunan her \u00f6l\u00e7ekten i\u015fletmeler (STKlar, ba\u015fvuru yapan i\u015fletmeler ile yapt\u0131klar\u0131 i\u015fbirlikleri ve projeler kapsam\u0131nda dolayl\u0131 olarak \u00f6d\u00fcl kapsam\u0131na al\u0131nm\u0131\u015f say\u0131lmaktad\u0131rlar.)<\/li>\n<li>S\u00fcrd\u00fcr\u00fclebilir \u0130\u015f Lideri \u00d6d\u00fcl\u00fc: S\u00fcrd\u00fcr\u00fclebilir i\u015f modellerinin gerek kurumunuzda gerekse sekt\u00f6rde geli\u015fmesi ve yayg\u0131nla\u015ft\u0131r\u0131lmas\u0131na g\u00f6n\u00fcl vermi\u015f ve bu yolda en etkili ve \u00f6rnek te\u015fkil eden ad\u0131mlar\u0131 atm\u0131\u015f \u0130\u015f Liderleri (\u015eirket \u00dcst D\u00fczey Y\u00f6neticisi, Sahibi veya Orta\u011f\u0131 olan ki\u015filer)<\/li>\n<\/ul>\n<p><strong>Ba\u015fvuru \u00fccretleri<\/strong><\/p>\n<p>S\u00fcrd\u00fcr\u00fclebilir \u0130\u015f \u00d6d\u00fcllerine ba\u015fvuru i\u00e7in;<\/p>\n<ul>\n<li>100 personel veya daha az \u00e7al\u0131\u015fan\u0131 olan i\u015fletmeler (K\u00fc\u00e7\u00fck \u00d6l\u00e7ekli \u0130\u015fletmeler): 350 TL + KDV (%18)<\/li>\n<li>100\u2019den daha fazla \u00e7al\u0131\u015fan\u0131 olan i\u015fletmeler (Orta ve B\u00fcy\u00fck \u00d6l\u00e7ekli \u0130\u015fletmeler): 600 TL + KDV (%18)<\/li>\n<li>Birden fazla kategoride ba\u015fvuru yap\u0131lacak olmas\u0131 halinde yukar\u0131daki bedeller ilk ba\u015fvuru kategorisi d\u0131\u015f\u0131ndakiler i\u00e7in %25 indirimli uygulan\u0131r.<\/li>\n<\/ul>\n<p>S\u00fcrd\u00fcr\u00fclebilir \u0130\u015f Lideri \u00d6d\u00fcl\u00fcne aday g\u00f6stermek i\u00e7in \u00fccret al\u0131nmamaktad\u0131r.<\/p>\n<p><strong>Yar\u0131\u015fma kategorileri<\/strong><\/p>\n<ul>\n<li>Karbon ve Enerji Y\u00f6netimi<\/li>\n<li>Su Y\u00f6netimi<\/li>\n<li>Sosyal Etki<\/li>\n<li>S\u00fcrd\u00fcr\u00fclebilirlik \u0130leti\u015fimi<\/li>\n<li>\u0130\u015fbirli\u011fi<\/li>\n<\/ul>\n<p>Kategorilerin detaylar\u0131 i\u00e7in bkz. <a href=\"http:\/\/surdurulebilirisodulleri.com\/2014\/?page_id=195\">http:\/\/surdurulebilirisodulleri.com\/2014\/?page_id=195<\/a><\/p>\n<p><strong>De\u011ferlendirme kriterleri<\/strong><\/p>\n<p>S\u00fcrd\u00fcr\u00fclebilir \u0130\u015f \u00d6d\u00fclleri ba\u015fvurular\u0131 i\u00e7in;<\/p>\n<ul>\n<li>G\u00fcndemi ileri ta\u015f\u0131yor, gelece\u011fi \u015fekillendiriyor mu?<\/li>\n<li>Yaratt\u0131\u011f\u0131 \u00f6nemli proje ve giri\u015fimler ile de\u011fi\u015fimin \u00f6tesine ge\u00e7iyor, fark yarat\u0131yor mu?<\/li>\n<li>Kendi kurumunun d\u0131\u015f\u0131ndaki ki\u015filer i\u00e7in de bir ilham kayna\u011f\u0131 oluyor mu?<\/li>\n<li>Topluma ve \u00e7evreye bug\u00fcn i\u00e7in katk\u0131s\u0131 ile birlikte gelecek i\u00e7in hedefleri de var m\u0131?<\/li>\n<\/ul>\n<p>S\u00fcrd\u00fcr\u00fclebilir \u0130\u015f Lideri \u00d6d\u00fcl\u00fc ba\u015fvurular\u0131 i\u00e7in;<\/p>\n<ul>\n<li>Projenin ya da giri\u015fimin b\u00fct\u00fcn i\u015f s\u00fcre\u00e7lerini kapsayan genel bir s\u00fcrd\u00fcr\u00fclebilirlik stratejisi var m\u0131?<\/li>\n<li>Proje ya da giri\u015fim ba\u015fvurdu\u011fu kategorinin kriterlerini etkin bir \u015fekilde kar\u015f\u0131l\u0131yor mu?<\/li>\n<li>Projenin s\u00fcrd\u00fcr\u00fclebilir de\u011fi\u015fimi g\u00f6steren \u00f6l\u00e7\u00fclebilir sonu\u00e7lar\u0131 var m\u0131?<\/li>\n<li>Proje standart s\u00fcrd\u00fcr\u00fclebilirlik uygulamalar\u0131n \u00fczerine \u00e7\u0131k\u0131yor mu?<\/li>\n<li>Proje s\u0131n\u0131rlar\u0131 zorlay\u0131p, de\u011fi\u015fimi hedefliyor mu?<\/li>\n<\/ul>\n<p><strong>Dikkat edilmesi gereken hususlar<\/strong><\/p>\n<ul>\n<li>Uygulamaya ge\u00e7memi\u015f, tamamen proje a\u015famas\u0131nda olan ba\u015fvurular de\u011ferlendirmeye al\u0131nmayacakt\u0131r.<\/li>\n<li>S\u00fcrd\u00fcr\u00fclebilir \u0130\u015f \u00d6d\u00fclleri kapsam\u0131nda birden fazla kategoriye ba\u015fvuru yap\u0131lmas\u0131 m\u00fcmk\u00fcnd\u00fcr. Her bir kategorideki ba\u015fvuru i\u00e7in kat\u0131l\u0131m \u00fccretinin ayr\u0131 ayr\u0131 \u00f6denmi\u015f olmas\u0131 gerekmektedir. Birden fazla kategoride ba\u015fvuru yap\u0131lmas\u0131 halinde di\u011fer ba\u015fvurular i\u00e7in al\u0131nacak \u00fccret %25 indirimlidir.<\/li>\n<li>Ba\u015fvurular \u00e7evrimi\u00e7i yap\u0131lacakt\u0131r ancak ba\u015fvuru formunu desteklemek i\u00e7in projenizin azami 30 sayfal\u0131k PowerPoint sunumunu ve\/veya azami 3 dakikal\u0131k proje videosu eklenmesi tavsiye edilmektedir.<\/li>\n<\/ul>\n<p><strong>Ba\u015fvuru ve De\u011ferlendirme s\u00fcreci<\/strong><\/p>\n<ul>\n<li>Son ba\u015fvuru tarihi: 1 Eyl\u00fcl 2014<\/li>\n<li>J\u00fcri De\u011ferlendirmesi: 8 Eyl\u00fcl \u2013 3 Ekim 2014<\/li>\n<\/ul>\n<p><strong>\u0130leti\u015fim ve sorular\u0131n\u0131z i\u00e7in:<\/strong><\/p>\n<p><em>Nevra Arslant\u00fcrk<\/em><\/p>\n<p>S\u00fcrd\u00fcr\u00fclebilirlik Akademisi<\/p>\n<p>Tel: (212) 274 25 16 \u2013 140<\/p>\n<p>e-posta (1): <a href=\"mailto:odul@surakademi.com\">odul@surakademi.com<\/a><\/p>\n<p>e-posta (2): <a href=\"mailto:nevraa@surakademi.com\">nevraa@surakademi.com<\/a><\/p>\n<p>Yay\u0131nc\u0131: <a href=\"https:\/\/www.enerjigazetesi.ist\" target=\"_blank\">Enerji Gazetesi<\/a><\/p>","protected":false},"excerpt":{"rendered":"<p>Sorry, this entry is only available in Turkish. For the sake of viewer convenience, the content is shown below in the alternative language. You may click the link to switch the active language.S\u00fcrd\u00fcr\u00fclebilirlik Akademisi, 2014 y\u0131l\u0131 S\u00fcrd\u00fcr\u00fclebilir \u0130\u015f \u00d6d\u00fclleri yar\u0131\u015fmas\u0131n\u0131 ilan etmi\u015ftir. S\u00fcrd\u00fcr\u00fclebilirlik, gelecek ku\u015faklar\u0131n gereksinimlerini giderme kapasitelerini k\u0131s\u0131tlamadan ve ya\u015fam ko\u015fullar\u0131n\u0131 tehlikeye atmadan yat\u0131r\u0131m, [&hellip;]<\/p>\n","protected":false},"author":1,"featured_media":30503,"comment_status":"open","ping_status":"open","sticky":false,"template":"","format":"standard","meta":[],"categories":[53],"tags":[63,67,1009,165,17363,1423],"views":823,"_links":{"self":[{"href":"https:\/\/www.enerjigazetesi.ist\/en\/wp-json\/wp\/v2\/posts\/30502"}],"collection":[{"href":"https:\/\/www.enerjigazetesi.ist\/en\/wp-json\/wp\/v2\/posts"}],"about":[{"href":"https:\/\/www.enerjigazetesi.ist\/en\/wp-json\/wp\/v2\/types\/post"}],"author":[{"embeddable":true,"href":"https:\/\/www.enerjigazetesi.ist\/en\/wp-json\/wp\/v2\/users\/1"}],"replies":[{"embeddable":true,"href":"https:\/\/www.enerjigazetesi.ist\/en\/wp-json\/wp\/v2\/comments?post=30502"}],"version-history":[{"count":1,"href":"https:\/\/www.enerjigazetesi.ist\/en\/wp-json\/wp\/v2\/posts\/30502\/revisions"}],"predecessor-version":[{"id":30504,"href":"https:\/\/www.enerjigazetesi.ist\/en\/wp-json\/wp\/v2\/posts\/30502\/revisions\/30504"}],"wp:featuredmedia":[{"embeddable":true,"href":"https:\/\/www.enerjigazetesi.ist\/en\/wp-json\/wp\/v2\/media\/30503"}],"wp:attachment":[{"href":"https:\/\/www.enerjigazetesi.ist\/en\/wp-json\/wp\/v2\/media?parent=30502"}],"wp:term":[{"taxonomy":"category","embeddable":true,"href":"https:\/\/www.enerjigazetesi.ist\/en\/wp-json\/wp\/v2\/categories?post=30502"},{"taxonomy":"post_tag","embeddable":true,"href":"https:\/\/www.enerjigazetesi.ist\/en\/wp-json\/wp\/v2\/tags?post=30502"}],"curies":[{"name":"wp","href":"https:\/\/api.w.org\/{rel}","templated":true}]}}