{"id":30501,"date":"2014-08-15T15:22:37","date_gmt":"2014-08-15T12:22:37","guid":{"rendered":"https:\/\/www.enerjigazetesi.ist\/?p=30501"},"modified":"2014-08-16T08:55:38","modified_gmt":"2014-08-16T05:55:38","slug":"turkiye-abdden-kurt-petrolunun-satisindaki-yasagin-kaldirilmasini-istedi","status":"publish","type":"post","link":"https:\/\/www.enerjigazetesi.ist\/en\/turkiye-abdden-kurt-petrolunun-satisindaki-yasagin-kaldirilmasini-istedi\/","title":{"rendered":"(Turkish) T\u00fcrkiye, ABD\u2019den K\u00fcrt Petrol\u00fcndeki Yasa\u011f\u0131n Kald\u0131r\u0131lmas\u0131n\u0131 \u0130stedi!"},"content":{"rendered":"<p class=\"qtranxs-available-languages-message qtranxs-available-languages-message-en\">Sorry, this entry is only available in <a href=\"https:\/\/www.enerjigazetesi.ist\/tr\/wp-json\/wp\/v2\/posts\/30501\" class=\"qtranxs-available-language-link qtranxs-available-language-link-tr\" title=\"Turkish\">Turkish<\/a>. For the sake of viewer convenience, the content is shown below in the alternative language. You may click the link to switch the active language.<\/p><p><strong>Financial Times gazetesinin haberine g\u00f6re T\u00fcrkiye, ABD\u2019den Kuzey Irak B\u00f6lgesel K\u00fcrt Y\u00f6netimi taraf\u0131ndan \u00e7\u0131kar\u0131lan petrol\u00fcn sat\u0131\u015f\u0131na getirilen yasa\u011f\u0131n kald\u0131r\u0131lmas\u0131n\u0131 istedi.<\/strong><span id=\"more-66727\"><\/span><\/p>\n<p>Financial Times (FT) gazetesinin d\u00fcn yay\u0131nlad\u0131\u011f\u0131 habere g\u00f6re, \u00fcst d\u00fczey bir T\u00fcrk yetkili, Irak B\u00f6lgesel K\u00fcrt Y\u00f6netimi\u2019nin<a href=\"https:\/\/www.enerjigazetesi.ist\/wp-content\/uploads\/2014\/08\/United-Kalavrvta-k\u00fcrt-petrol\u00fc-tanker.jpg\"><img loading=\"lazy\" class=\"alignright size-medium wp-image-30505\" src=\"https:\/\/www.enerjigazetesi.ist\/wp-content\/uploads\/2014\/08\/United-Kalavrvta-k\u00fcrt-petrol\u00fc-tanker-300x150.jpg\" alt=\"United-Kalavrvta-k\u00fcrt-petrol\u00fc-tanker\" width=\"300\" height=\"150\" srcset=\"https:\/\/www.enerjigazetesi.ist\/wp-content\/uploads\/2014\/08\/United-Kalavrvta-k\u00fcrt-petrol\u00fc-tanker-300x150.jpg 300w, https:\/\/www.enerjigazetesi.ist\/wp-content\/uploads\/2014\/08\/United-Kalavrvta-k\u00fcrt-petrol\u00fc-tanker-500x249.jpg 500w, https:\/\/www.enerjigazetesi.ist\/wp-content\/uploads\/2014\/08\/United-Kalavrvta-k\u00fcrt-petrol\u00fc-tanker-80x40.jpg 80w, https:\/\/www.enerjigazetesi.ist\/wp-content\/uploads\/2014\/08\/United-Kalavrvta-k\u00fcrt-petrol\u00fc-tanker.jpg 870w\" sizes=\"(max-width: 300px) 100vw, 300px\" \/><\/a> I\u015e\u0130D ile m\u00fccadelede ya\u015fad\u0131\u011f\u0131 nakit s\u0131k\u0131nt\u0131s\u0131n\u0131n a\u015f\u0131lmas\u0131 i\u00e7in, ABD\u2019ye petrol sat\u0131\u015f\u0131n\u0131n \u00f6n\u00fcndeki engellerin kald\u0131r\u0131lmas\u0131 \u00e7a\u011fr\u0131s\u0131 yapt\u0131. T\u00fcrk yetkili, FT\u2019ye yapt\u0131\u011f\u0131 a\u00e7\u0131klamada, \u201cBu acil bir konu. I\u015e\u0130D \u015fu anda petrol sat\u0131yor, ancak K\u00fcrtlere petrollerini satma izni verilmiyor\u201d \u015feklinde konu\u015ftu. Habere g\u00f6re \u00fcst d\u00fczey T\u00fcrk yetkili, I\u015e\u0130D\u2019in Suriye h\u00fck\u00fcmetine indirimli fiyattan petrol satt\u0131\u011f\u0131n\u0131 da iddia etti. I\u015e\u0130D, Suriye\u2019nin do\u011fusunda ve Irak\u2019\u0131n Musul kenti \u00e7evresindeki petrol sahalar\u0131n\u0131 ele ge\u00e7irmi\u015fti. I\u015e\u0130D kontrol\u00fcndeki b\u00f6lgeden, geni\u015f \u00e7apl\u0131 petrol ka\u00e7ak\u00e7\u0131l\u0131\u011f\u0131 yap\u0131ld\u0131\u011f\u0131na y\u00f6nelik iddialar oldu\u011fu hat\u0131rlat\u0131lan haberde, bunun \u00f6zellikle T\u00fcrkiye\u2019ye yap\u0131ld\u0131\u011f\u0131 vurguland\u0131. T\u00fcrk yetkilinin bu sat\u0131\u015flar\u0131, KRG\u2019nin ihracat yaparken kar\u015f\u0131la\u015ft\u0131\u011f\u0131 yasal engellerle k\u0131yaslad\u0131\u011f\u0131 belirtildi.<\/p>\n<p>Bu hafta, ABD\u2019deki Axeon rafinerisi K\u00fcrt petrol\u00fcn\u00fc almayaca\u011f\u0131n\u0131 \u00e7\u00fcnk\u00fc bu petrol\u00fcn \u201cihtilafl\u0131\u201d oldu\u011funu s\u00f6ylemi\u015fti. Bunun, K\u00fcrt petrol\u00fc ile d\u00fcnyay\u0131 turlayan tankerlere yap\u0131lan ret serisinde son \u00f6rnek oldu\u011fu kaydedilen haberde, \u201cPetrol\u00fc i\u00e7in fazla al\u0131c\u0131 bulamayan KRG\u2019den bir yetkili, Ankara ile Ceyhan\u2019da ve ba\u015fka yerlerdeki depo kapasitesini art\u0131rmak \u00fczere \u00e7al\u0131\u015fma y\u00fcr\u00fct\u00fcld\u00fc\u011f\u00fcn\u00fc s\u00f6yledi. Ayn\u0131 zamanda denizdeki depolama opsiyonlar\u0131na da bak\u0131ld\u0131\u011f\u0131n\u0131 ekledi. T\u00fcm bunlara ra\u011fmen, KRG gelirlerinin en b\u00fcy\u00fck kayna\u011f\u0131 petrol . T\u00fcrkiye bu konu ile yo\u011fun \u015fekilde ilgileniyor; \u00e7\u00fcnk\u00fc hem KRG\u2019yi I\u015e\u0130D tehdidine kar\u015f\u0131 bir tampon olarak g\u00f6r\u00fcyor, hem de K\u00fcrt petrol yataklar\u0131na yat\u0131r\u0131m yap\u0131yor\u201d denildi.<\/p>\n<p>Kaynak: Enerji Enstit\u00fcs\u00fc<\/p>","protected":false},"excerpt":{"rendered":"<p>Sorry, this entry is only available in Turkish. For the sake of viewer convenience, the content is shown below in the alternative language. You may click the link to switch the active language.Financial Times gazetesinin haberine g\u00f6re T\u00fcrkiye, ABD\u2019den Kuzey Irak B\u00f6lgesel K\u00fcrt Y\u00f6netimi taraf\u0131ndan \u00e7\u0131kar\u0131lan petrol\u00fcn sat\u0131\u015f\u0131na getirilen yasa\u011f\u0131n kald\u0131r\u0131lmas\u0131n\u0131 istedi. Financial Times (FT) [&hellip;]<\/p>\n","protected":false},"author":1,"featured_media":30505,"comment_status":"open","ping_status":"open","sticky":false,"template":"","format":"standard","meta":[],"categories":[53,44],"tags":[1198,17364,1703,17365,13970,945,7338,7319,17366,846],"views":606,"_links":{"self":[{"href":"https:\/\/www.enerjigazetesi.ist\/en\/wp-json\/wp\/v2\/posts\/30501"}],"collection":[{"href":"https:\/\/www.enerjigazetesi.ist\/en\/wp-json\/wp\/v2\/posts"}],"about":[{"href":"https:\/\/www.enerjigazetesi.ist\/en\/wp-json\/wp\/v2\/types\/post"}],"author":[{"embeddable":true,"href":"https:\/\/www.enerjigazetesi.ist\/en\/wp-json\/wp\/v2\/users\/1"}],"replies":[{"embeddable":true,"href":"https:\/\/www.enerjigazetesi.ist\/en\/wp-json\/wp\/v2\/comments?post=30501"}],"version-history":[{"count":2,"href":"https:\/\/www.enerjigazetesi.ist\/en\/wp-json\/wp\/v2\/posts\/30501\/revisions"}],"predecessor-version":[{"id":30521,"href":"https:\/\/www.enerjigazetesi.ist\/en\/wp-json\/wp\/v2\/posts\/30501\/revisions\/30521"}],"wp:featuredmedia":[{"embeddable":true,"href":"https:\/\/www.enerjigazetesi.ist\/en\/wp-json\/wp\/v2\/media\/30505"}],"wp:attachment":[{"href":"https:\/\/www.enerjigazetesi.ist\/en\/wp-json\/wp\/v2\/media?parent=30501"}],"wp:term":[{"taxonomy":"category","embeddable":true,"href":"https:\/\/www.enerjigazetesi.ist\/en\/wp-json\/wp\/v2\/categories?post=30501"},{"taxonomy":"post_tag","embeddable":true,"href":"https:\/\/www.enerjigazetesi.ist\/en\/wp-json\/wp\/v2\/tags?post=30501"}],"curies":[{"name":"wp","href":"https:\/\/api.w.org\/{rel}","templated":true}]}}